{"id":14628,"date":"2026-03-11T12:04:40","date_gmt":"2026-03-11T11:04:40","guid":{"rendered":"https:\/\/www.inesem.es\/revistadigital\/gestion-empresarial\/?p=14628"},"modified":"2026-04-21T11:30:30","modified_gmt":"2026-04-21T09:30:30","slug":"la-velada-del-ano-de-ibai","status":"publish","type":"post","link":"https:\/\/www.inesem.es\/revistadigital\/gestion-empresarial\/la-velada-del-ano-de-ibai","title":{"rendered":"Marketing, brand y finanzas en La Velada del A\u00f1o 6 de Ibai Llanos"},"content":{"rendered":"<p>Esta inversi\u00f3n r\u00e9cord busca superar los est\u00e1ndares de la edici\u00f3n anterior, consolidando a la <b>velada del a\u00f1o 6<\/b> como el contenido m\u00e1s ambicioso de la historia de Twitch. Antes de entrar en materia, es fundamental aclarar que la cifra de los <b>13 millones de euros<\/b> que rodea a este evento es un <b>estimado por los nuevos elementos de producci\u00f3n y por lo que dice el propio streamer<\/b> en sus comunicaciones oficiales.<br \/>\nSi est\u00e1s intentando conseguir tus <b>entradas de la velada del a\u00f1o 6<\/b>, entender\u00e1s que mover un presupuesto de esta magnitud requiere una infraestructura empresarial sin precedentes. No se trata solo de un evento de boxeo, sino de una maquinaria que moviliza a cientos de profesionales en el Estadio de La Cartuja, Sevilla, para garantizar que la experiencia del usuario sea impecable el pr\u00f3ximo 25 de julio de 2026.<\/p>\n<div id=\"ez-toc-container\" class=\"ez-toc-v2_0_72 counter-hierarchy ez-toc-counter ez-toc-grey ez-toc-container-direction\">\n<div class=\"ez-toc-title-container\">\n<p class=\"ez-toc-title\" style=\"cursor:inherit\">Table of Contents<\/p>\n<span class=\"ez-toc-title-toggle\"><a href=\"#\" class=\"ez-toc-pull-right ez-toc-btn ez-toc-btn-xs ez-toc-btn-default ez-toc-toggle\" aria-label=\"Toggle Table of Content\"><span class=\"ez-toc-js-icon-con\"><span class=\"\"><span class=\"eztoc-hide\" style=\"display:none;\">Toggle<\/span><span class=\"ez-toc-icon-toggle-span\"><svg style=\"fill: #999;color:#999\" xmlns=\"http:\/\/www.w3.org\/2000\/svg\" class=\"list-377408\" width=\"20px\" height=\"20px\" viewBox=\"0 0 24 24\" fill=\"none\"><path d=\"M6 6H4v2h2V6zm14 0H8v2h12V6zM4 11h2v2H4v-2zm16 0H8v2h12v-2zM4 16h2v2H4v-2zm16 0H8v2h12v-2z\" fill=\"currentColor\"><\/path><\/svg><svg style=\"fill: #999;color:#999\" class=\"arrow-unsorted-368013\" xmlns=\"http:\/\/www.w3.org\/2000\/svg\" width=\"10px\" height=\"10px\" viewBox=\"0 0 24 24\" version=\"1.2\" baseProfile=\"tiny\"><path d=\"M18.2 9.3l-6.2-6.3-6.2 6.3c-.2.2-.3.4-.3.7s.1.5.3.7c.2.2.4.3.7.3h11c.3 0 .5-.1.7-.3.2-.2.3-.5.3-.7s-.1-.5-.3-.7zM5.8 14.7l6.2 6.3 6.2-6.3c.2-.2.3-.5.3-.7s-.1-.5-.3-.7c-.2-.2-.4-.3-.7-.3h-11c-.3 0-.5.1-.7.3-.2.2-.3.5-.3.7s.1.5.3.7z\"\/><\/svg><\/span><\/span><\/span><\/a><\/span><\/div>\n<nav><ul class='ez-toc-list ez-toc-list-level-1 ' ><li class='ez-toc-page-1 ez-toc-heading-level-2'><a class=\"ez-toc-link ez-toc-heading-1\" href=\"https:\/\/www.inesem.es\/revistadigital\/gestion-empresarial\/la-velada-del-ano-de-ibai\/#Estrategias_de_Marketing_y_Patrocinios_%C2%BFQue_haran_las_marcas_en_la_velada_VI\" title=\"Estrategias de Marketing y Patrocinios: \u00bfQu\u00e9 har\u00e1n las marcas en la velada VI?\">Estrategias de Marketing y Patrocinios: \u00bfQu\u00e9 har\u00e1n las marcas en la velada VI?<\/a><ul class='ez-toc-list-level-3' ><li class='ez-toc-heading-level-3'><a class=\"ez-toc-link ez-toc-heading-2\" href=\"https:\/\/www.inesem.es\/revistadigital\/gestion-empresarial\/la-velada-del-ano-de-ibai\/#Grefusa_%F0%9F%8D%BF\" title=\"Grefusa &#x1f37f;\">Grefusa &#x1f37f;<\/a><\/li><li class='ez-toc-page-1 ez-toc-heading-level-3'><a class=\"ez-toc-link ez-toc-heading-3\" href=\"https:\/\/www.inesem.es\/revistadigital\/gestion-empresarial\/la-velada-del-ano-de-ibai\/#Revolut_%F0%9F%8F%A6\" title=\"Revolut &#x1f3e6;\">Revolut &#x1f3e6;<\/a><\/li><li class='ez-toc-page-1 ez-toc-heading-level-3'><a class=\"ez-toc-link ez-toc-heading-4\" href=\"https:\/\/www.inesem.es\/revistadigital\/gestion-empresarial\/la-velada-del-ano-de-ibai\/#McDonalds_%F0%9F%8D%94\" title=\"McDonald&#8217;s &#x1f354;\">McDonald&#8217;s &#x1f354;<\/a><\/li><li class='ez-toc-page-1 ez-toc-heading-level-3'><a class=\"ez-toc-link ez-toc-heading-5\" href=\"https:\/\/www.inesem.es\/revistadigital\/gestion-empresarial\/la-velada-del-ano-de-ibai\/#InfoJobs_%F0%9F%93%9C\" title=\"InfoJobs &#x1f4dc;\">InfoJobs &#x1f4dc;<\/a><\/li><li class='ez-toc-page-1 ez-toc-heading-level-3'><a class=\"ez-toc-link ez-toc-heading-6\" href=\"https:\/\/www.inesem.es\/revistadigital\/gestion-empresarial\/la-velada-del-ano-de-ibai\/#Spotify_%F0%9F%8E%B6\" title=\"Spotify &#x1f3b6;\">Spotify &#x1f3b6;<\/a><\/li><\/ul><\/li><li class='ez-toc-page-1 ez-toc-heading-level-2'><a class=\"ez-toc-link ez-toc-heading-7\" href=\"https:\/\/www.inesem.es\/revistadigital\/gestion-empresarial\/la-velada-del-ano-de-ibai\/#El_impacto_economico_en_Sevilla_El_%C2%ABEfecto_Ibai%C2%BB_y_el_retorno_para_la_ciudad\" title=\"El impacto econ\u00f3mico en Sevilla: El \u00abEfecto Ibai\u00bb y el retorno para la ciudad\">El impacto econ\u00f3mico en Sevilla: El \u00abEfecto Ibai\u00bb y el retorno para la ciudad<\/a><\/li><li class='ez-toc-page-1 ez-toc-heading-level-2'><a class=\"ez-toc-link ez-toc-heading-8\" href=\"https:\/\/www.inesem.es\/revistadigital\/gestion-empresarial\/la-velada-del-ano-de-ibai\/#La_Velada_del_Ano_6_frente_a_otros_grandes_eventos_en_Espana\" title=\"La Velada del A\u00f1o 6 frente a \notros grandes eventos en Espa\u00f1a\">La Velada del A\u00f1o 6 frente a \notros grandes eventos en Espa\u00f1a<\/a><ul class='ez-toc-list-level-3' ><li class='ez-toc-heading-level-3'><a class=\"ez-toc-link ez-toc-heading-9\" href=\"https:\/\/www.inesem.es\/revistadigital\/gestion-empresarial\/la-velada-del-ano-de-ibai\/#Hosteleria_hoteles_y_el_ROI_de_la_velada_de_ibai_2026\" title=\"Hosteler\u00eda, hoteles y el ROI de la velada de ibai 2026\">Hosteler\u00eda, hoteles y el ROI de la velada de ibai 2026<\/a><\/li><li class='ez-toc-page-1 ez-toc-heading-level-3'><a class=\"ez-toc-link ez-toc-heading-10\" href=\"https:\/\/www.inesem.es\/revistadigital\/gestion-empresarial\/la-velada-del-ano-de-ibai\/#El_branding_de_Sevilla_en_la_velada_llanos\" title=\"El branding de Sevilla en la velada llanos\">El branding de Sevilla en la velada llanos<\/a><\/li><\/ul><\/li><li class='ez-toc-page-1 ez-toc-heading-level-2'><a class=\"ez-toc-link ez-toc-heading-11\" href=\"https:\/\/www.inesem.es\/revistadigital\/gestion-empresarial\/la-velada-del-ano-de-ibai\/#El_presupuesto_de_la_velada_del_ano_2026_Desglose_de_los_13_millones_de_euros\" title=\"El presupuesto de la velada del a\u00f1o 2026: Desglose de los 13 millones de euros\">El presupuesto de la velada del a\u00f1o 2026: Desglose de los 13 millones de euros<\/a><ul class='ez-toc-list-level-3' ><li class='ez-toc-heading-level-3'><a class=\"ez-toc-link ez-toc-heading-12\" href=\"https:\/\/www.inesem.es\/revistadigital\/gestion-empresarial\/la-velada-del-ano-de-ibai\/#Produccion_tecnica_en_La_Cartuja\" title=\"Producci\u00f3n t\u00e9cnica en La Cartuja\">Producci\u00f3n t\u00e9cnica en La Cartuja<\/a><\/li><li class='ez-toc-page-1 ez-toc-heading-level-3'><a class=\"ez-toc-link ez-toc-heading-13\" href=\"https:\/\/www.inesem.es\/revistadigital\/gestion-empresarial\/la-velada-del-ano-de-ibai\/#Logistica_y_personal_El_coste_de_mover_a_600_personas\" title=\"Log\u00edstica y personal: El coste de mover a 600 personas\">Log\u00edstica y personal: El coste de mover a 600 personas<\/a><\/li><\/ul><\/li><li class='ez-toc-page-1 ez-toc-heading-level-2'><a class=\"ez-toc-link ez-toc-heading-14\" href=\"https:\/\/www.inesem.es\/revistadigital\/gestion-empresarial\/la-velada-del-ano-de-ibai\/#Entradas_velada_2026_precios_categorias\" title=\"Entradas velada 2026: precios, categor\u00edas\">Entradas velada 2026: precios, categor\u00edas<\/a><ul class='ez-toc-list-level-3' ><li class='ez-toc-heading-level-3'><a class=\"ez-toc-link ez-toc-heading-15\" href=\"https:\/\/www.inesem.es\/revistadigital\/gestion-empresarial\/la-velada-del-ano-de-ibai\/#La_preventa_de_Revolut_y_el_efecto_%C2%ABSold_Out%C2%BB_de_las_entradas_la_velada\" title=\"La preventa de Revolut y el efecto \u00abSold Out\u00bb de las entradas la velada\">La preventa de Revolut y el efecto \u00abSold Out\u00bb de las entradas la velada<\/a><\/li><\/ul><\/li><li class='ez-toc-page-1 ez-toc-heading-level-2'><a class=\"ez-toc-link ez-toc-heading-16\" href=\"https:\/\/www.inesem.es\/revistadigital\/gestion-empresarial\/la-velada-del-ano-de-ibai\/#Los_combates_de_la_velada_del_ano_6_Grefg_contra_IlloJuan_y_el_fenomeno_Plex\" title=\"Los combates de la velada del a\u00f1o 6: Grefg contra IlloJuan y el fen\u00f3meno Plex\">Los combates de la velada del a\u00f1o 6: Grefg contra IlloJuan y el fen\u00f3meno Plex<\/a><ul class='ez-toc-list-level-3' ><li class='ez-toc-heading-level-3'><a class=\"ez-toc-link ez-toc-heading-17\" href=\"https:\/\/www.inesem.es\/revistadigital\/gestion-empresarial\/la-velada-del-ano-de-ibai\/#De_Fernanfloo_a_la_adrenalina_de_Plex_y_Gero_Arias\" title=\"De Fernanfloo a la adrenalina de Plex y Gero Arias\">De Fernanfloo a la adrenalina de Plex y Gero Arias<\/a><\/li><li class='ez-toc-page-1 ez-toc-heading-level-3'><a class=\"ez-toc-link ez-toc-heading-18\" href=\"https:\/\/www.inesem.es\/revistadigital\/gestion-empresarial\/la-velada-del-ano-de-ibai\/#Viruzz_Shelao_y_el_nivel_de_los_combates_velada_6\" title=\"Viruzz, Shelao y el nivel de los combates velada 6\">Viruzz, Shelao y el nivel de los combates velada 6<\/a><\/li><li class='ez-toc-page-1 ez-toc-heading-level-3'><a class=\"ez-toc-link ez-toc-heading-19\" href=\"https:\/\/www.inesem.es\/revistadigital\/gestion-empresarial\/la-velada-del-ano-de-ibai\/#%C2%BFCuantos_combates_hay_en_la_velada_del_ano_Los_10_encuentros\" title=\"\u00bfCu\u00e1ntos combates hay en la velada del a\u00f1o? Los 10 encuentros\">\u00bfCu\u00e1ntos combates hay en la velada del a\u00f1o? Los 10 encuentros<\/a><\/li><\/ul><\/li><li class='ez-toc-page-1 ez-toc-heading-level-2'><a class=\"ez-toc-link ez-toc-heading-20\" href=\"https:\/\/www.inesem.es\/revistadigital\/gestion-empresarial\/la-velada-del-ano-de-ibai\/#De_la_primera_edicion_a_la_velada_vi_el_futuro_del_entretenimiento_digital\" title=\"De la primera edici\u00f3n a la velada vi: el futuro del entretenimiento digital\">De la primera edici\u00f3n a la velada vi: el futuro del entretenimiento digital<\/a><\/li><li class='ez-toc-page-1 ez-toc-heading-level-2'><a class=\"ez-toc-link ez-toc-heading-21\" href=\"https:\/\/www.inesem.es\/revistadigital\/gestion-empresarial\/la-velada-del-ano-de-ibai\/#De_Badalona_a_La_Cartuja_el_crecimiento_de_La_Velada\" title=\"De Badalona a La Cartuja: \nel crecimiento de La Velada\">De Badalona a La Cartuja: \nel crecimiento de La Velada<\/a><ul class='ez-toc-list-level-3' ><li class='ez-toc-heading-level-3'><a class=\"ez-toc-link ez-toc-heading-22\" href=\"https:\/\/www.inesem.es\/revistadigital\/gestion-empresarial\/la-velada-del-ano-de-ibai\/#La_Velada_del_Ano_I\" title=\"La Velada del A\u00f1o I\">La Velada del A\u00f1o I<\/a><\/li><li class='ez-toc-page-1 ez-toc-heading-level-3'><a class=\"ez-toc-link ez-toc-heading-23\" href=\"https:\/\/www.inesem.es\/revistadigital\/gestion-empresarial\/la-velada-del-ano-de-ibai\/#La_Velada_del_Ano_II\" title=\"La Velada del A\u00f1o II\">La Velada del A\u00f1o II<\/a><\/li><li class='ez-toc-page-1 ez-toc-heading-level-3'><a class=\"ez-toc-link ez-toc-heading-24\" href=\"https:\/\/www.inesem.es\/revistadigital\/gestion-empresarial\/la-velada-del-ano-de-ibai\/#La_Velada_del_Ano_III\" title=\"La Velada del A\u00f1o III\">La Velada del A\u00f1o III<\/a><\/li><li class='ez-toc-page-1 ez-toc-heading-level-3'><a class=\"ez-toc-link ez-toc-heading-25\" href=\"https:\/\/www.inesem.es\/revistadigital\/gestion-empresarial\/la-velada-del-ano-de-ibai\/#La_Velada_del_Ano_IV\" title=\"La Velada del A\u00f1o IV\">La Velada del A\u00f1o IV<\/a><\/li><li class='ez-toc-page-1 ez-toc-heading-level-3'><a class=\"ez-toc-link ez-toc-heading-26\" href=\"https:\/\/www.inesem.es\/revistadigital\/gestion-empresarial\/la-velada-del-ano-de-ibai\/#La_Velada_del_Ano_V\" title=\"La Velada del A\u00f1o V\">La Velada del A\u00f1o V<\/a><\/li><li class='ez-toc-page-1 ez-toc-heading-level-3'><a class=\"ez-toc-link ez-toc-heading-27\" href=\"https:\/\/www.inesem.es\/revistadigital\/gestion-empresarial\/la-velada-del-ano-de-ibai\/#La_Velada_del_Ano_VI\" title=\"La Velada del A\u00f1o VI\">La Velada del A\u00f1o VI<\/a><\/li><\/ul><\/li><\/ul><\/nav><\/div>\n<h2><span class=\"ez-toc-section\" id=\"Estrategias_de_Marketing_y_Patrocinios_%C2%BFQue_haran_las_marcas_en_la_velada_VI\"><\/span>Estrategias de Marketing y Patrocinios: \u00bfQu\u00e9 har\u00e1n las marcas en la velada VI?<span class=\"ez-toc-section-end\"><\/span><\/h2>\n<p>La inversi\u00f3n que hacen las marcas cada a\u00f1o en <strong>la velada del a\u00f1o\u00a0<\/strong>llega a ser millonaria en el caso de algunas marca, y debe ser muy rentable si estas marcas repiten como patrocinadoras a\u00f1o tras a\u00f1o. Mira las m\u00e9tricas de \u00e9xito que las marcas obtuvieron en la edici\u00f3n de 2025. El patrocinio en la <b>velada VI<\/b> se basa en resultados tangibles: captaci\u00f3n de leads, descargas de aplicaciones y una visibilidad org\u00e1nica imposible de comprar en medios tradicionales.<br \/>\nAqu\u00ed los patrocinadores se integran en la narrativa del show con acciones que impactan directamente en el embudo de ventas. A continuaci\u00f3n, repasamos las principales acciones de los socios y <b>KPIs oficiales<\/b> y\u00a0 justifican su presencia en la <b>velada de ibai 2026<\/b>.<\/p>\n<h3><span class=\"ez-toc-section\" id=\"Grefusa_%F0%9F%8D%BF\"><\/span>Grefusa &#x1f37f;<span class=\"ez-toc-section-end\"><\/span><\/h3>\n<p>La marca <b>Grefusa<\/b> es un referente de \u00e9xito en este evento. En 2025, su campa\u00f1a logr\u00f3 un <b>engagement del 12%<\/b> en redes sociales, lo que supone el doble de su media habitual. Adem\u00e1s, las ediciones limitadas de sus productos vinculadas al show consiguieron un \u00absold out\u00bb en tiempo r\u00e9cord, demostrando el poder de prescripci\u00f3n de la <b>velada del a\u00f1o 6<\/b>.<br \/>\nSu acci\u00f3n m\u00e1s recordada fue el lanzamiento del\u00a0<b>\u00abGrefusito de Oro\u00bb<\/b>, una campa\u00f1a de b\u00fasqueda de una estatuilla dorada en sus bolsas de snacks que permit\u00eda al ganador asistir como invitado de honor a la <strong>velada del a\u00f1o VI<\/strong>. Participando en la velada han conseguido que el sentimiento de marca mejore un 20% tras su participaci\u00f3n recurrente en <strong>la velada del a\u00f1o<\/strong>.<\/p>\n<h3><span class=\"ez-toc-section\" id=\"Revolut_%F0%9F%8F%A6\"><\/span>Revolut &#x1f3e6;<span class=\"ez-toc-section-end\"><\/span><\/h3>\n<p>El caso de <b>Revolut<\/b> es, posiblemente, el m\u00e1s exitoso en t\u00e9rminos de conversi\u00f3n directa. En 2025 consigui\u00f3 <b>250.000 nuevos usuarios<\/b> en Espa\u00f1a gracias a la preventa exclusiva de tickets. Este hito la posicion\u00f3 como la <b>App #1 de Finanzas<\/b> en la App Store durante toda la semana de lanzamiento de las <b>entradas velada 2026<\/b>.<br \/>\nAdem\u00e1s de la captaci\u00f3n, Revolut logr\u00f3 una cuota del 100% en la gesti\u00f3n de pagos prioritarios del evento. Su capacidad para transformar espectadores en clientes bancarios activos es el KPI que m\u00e1s envidian otros sectores. Para la <b>velada VI<\/b>, su objetivo es superar el mill\u00f3n de transacciones internas aprovechando el flujo de fans que buscan <b>entradas velada 6<\/b>.<\/p>\n<h3><span class=\"ez-toc-section\" id=\"McDonalds_%F0%9F%8D%94\"><\/span>McDonald&#8217;s &#x1f354;<span class=\"ez-toc-section-end\"><\/span><\/h3>\n<p>Para <b>McDonald&#8217;s<\/b>, el retorno se mide en pedidos reales. Su acci\u00f3n se centr\u00f3 en el lanzamiento del producto tem\u00e1tico: el <b>Men\u00fa Velada<\/b>. Esta campa\u00f1a, apoyada por sampling masivo en las fanzones, logr\u00f3 un\u00a0<b>incremento del 18% en pedidos<\/b>\u00a0a trav\u00e9s de su App oficial, un dato oficial que super\u00f3 todas las expectativas.<br \/>\nEn la <b>velada de ibai 2026<\/b>, la marca busca fidelizar al usuario mediante la comodidad del delivery al asiento. Al reducir las colas f\u00edsicas y fomentar el uso de su plataforma digital, McDonald&#8217;s se asegura un lugar privilegiado en la mente del consumidor joven que disfruta de la <b>velada de Ibai <\/b>desde el estadio o desde casa.<\/p>\n<h3><span class=\"ez-toc-section\" id=\"InfoJobs_%F0%9F%93%9C\"><\/span>InfoJobs &#x1f4dc;<span class=\"ez-toc-section-end\"><\/span><\/h3>\n<p>La plataforma <b>InfoJobs<\/b> consigui\u00f3 una de las campa\u00f1as m\u00e1s virales del 2025 con la oferta de empleo para ser <strong>\u00abInvitado VIP\u00bb<\/strong>. Esta oferta recibi\u00f3 <b>200.000 inscritos<\/b>, lo que se tradujo en la carga de <b>45.000 nuevos curr\u00edculums<\/b> en su portal. Este es un KPI cr\u00edtico para una web de empleo que busca liderar el mercado entre la Generaci\u00f3n Z y los seguidores de la <b>velada VI<\/b>.<br \/>\nLa visibilidad de marca que obtienen durante la <b>velada del a\u00f1o 6<\/b> les permite romper la barrera de la \u00abseriedad\u00bb corporativa. Al ofrecer experiencias aspiracionales, InfoJobs consigue un alcance org\u00e1nico en TikTok y Twitter que supera con creces cualquier campa\u00f1a de pago, posicion\u00e1ndose como la herramienta de referencia para el talento digital.<\/p>\n<h3><span class=\"ez-toc-section\" id=\"Spotify_%F0%9F%8E%B6\"><\/span>Spotify &#x1f3b6;<span class=\"ez-toc-section-end\"><\/span><\/h3>\n<p><b>Spotify<\/b> domin\u00f3 lo que se escuchaba con la <strong>playlist oficial de la Velada.<\/strong> En 2025, alcanz\u00f3 los <b>2.1 millones de oyentes \u00fanicos<\/b>, convirti\u00e9ndose en la lista m\u00e1s escuchada del pa\u00eds. Lograron un <b>share superior al 40%<\/b> dentro de las listas tem\u00e1ticas de deporte y motivaci\u00f3n durante el mes de los <b>combates de la velada <\/b>.<br \/>\nEste nivel de penetraci\u00f3n permite a la plataforma aumentar sus suscripciones premium entre el p\u00fablico joven. Al permitir que los fans voten las canciones de entrada de figuras como <b>Grefg<\/b> o <b>IlloJuan<\/b>, Spotify se integra en el momento de mayor tensi\u00f3n del show, asegurando que su marca sea la banda sonora inseparable de la <b>velada del a\u00f1o 2026<\/b>.<\/p>\n<h2><span class=\"ez-toc-section\" id=\"El_impacto_economico_en_Sevilla_El_%C2%ABEfecto_Ibai%C2%BB_y_el_retorno_para_la_ciudad\"><\/span>El impacto econ\u00f3mico en Sevilla: El \u00abEfecto Ibai\u00bb y el retorno para la ciudad<span class=\"ez-toc-section-end\"><\/span><\/h2>\n<p>Al igual que ocurri\u00f3 en ediciones anteriores, se estima que el impacto econ\u00f3mico directo en Sevilla superar\u00e1 los <b>85 millones de euros<\/b>. Este n\u00famero se basa en el hist\u00f3rico de grandes finales deportivas celebradas en La Cartuja. El retorno para la ciudad es masivo, no solo por el gasto en hoteles y hosteler\u00eda, sino por la promoci\u00f3n tur\u00edstica global que genera el streaming de la <b>velada de ibai<\/b>.<br \/>\nLa ocupaci\u00f3n hotelera en Sevilla para el fin de semana del 25 de julio de 2026 ya roza el pleno t\u00e9cnico. Los precios de los alojamientos han subido de media un 150% comparado con un fin de semana normal de verano. Para los hosteleros sevillanos, la <b>velada del a\u00f1o<\/b>\u00a0representa una inyecci\u00f3n de liquidez que compensa la temporada baja de calor extremo en la ciudad.<\/p>\n<div style=\"max-width: 720px;margin: 0 auto;font-family: 'Lato', 'Trebuchet MS', sans-serif;padding: 36px 18px 40px;background: #f4f6fb\">\n<p><!-- CABECERA --><\/p>\n<div style=\"text-align: center;margin-bottom: 24px\"><span style=\"background: #192b5d;color: #ffffff;font-size: 10px;font-weight: bold;letter-spacing: 2px;text-transform: uppercase;padding: 5px 15px;border-radius: 20px;margin-bottom: 14px\"><br \/>\nContexto \u00b7 Impacto econ\u00f3mico<br \/>\n<\/span><\/p>\n<h2 style=\"font-family: 'Lato', sans-serif;font-size: clamp(1.05rem, 3vw, 1.55rem);font-weight: 900;color: #192b5d;line-height: 1.25;margin: 0 0 8px\"><span class=\"ez-toc-section\" id=\"La_Velada_del_Ano_6_frente_a_otros_grandes_eventos_en_Espana\"><\/span>La Velada del A\u00f1o 6 frente a<br \/>\n<span style=\"color: #54c9d6\">otros grandes eventos en Espa\u00f1a<\/span><span class=\"ez-toc-section-end\"><\/span><\/h2>\n<p style=\"font-size: 13px;font-weight: 400;color: #5a6a7e;max-width: 500px;margin: 0 auto;line-height: 1.6\">Comparativa de asistentes e impacto econ\u00f3mico estimado en la ciudad sede.<\/p>\n<\/div>\n<table style=\"width: 100%;border-collapse: collapse;font-family: 'Lato', 'Trebuchet MS', sans-serif;background: #ffffff;border-radius: 8px;overflow: hidden\">\n<thead>\n<tr>\n<th style=\"background: #192b5d;color: #ffffff;padding: 13px 18px;font-size: 11px;font-weight: bold;letter-spacing: 1.5px;text-transform: uppercase;text-align: left\">Evento<\/th>\n<th style=\"background: #192b5d;color: #ffffff;padding: 13px 18px;font-size: 11px;font-weight: bold;letter-spacing: 1.5px;text-transform: uppercase;text-align: center\">Asistentes<\/th>\n<th style=\"background: #192b5d;color: #ffffff;padding: 13px 18px;font-size: 11px;font-weight: bold;letter-spacing: 1.5px;text-transform: uppercase;text-align: center\">Impacto econ\u00f3mico est.<\/th>\n<\/tr>\n<\/thead>\n<tbody>\n<tr>\n<td style=\"padding: 14px 18px;font-size: 14px;font-weight: 400;color: #3d4a5c;border-bottom: 1px solid #dde6f0;border-right: 1px solid #dde6f0;vertical-align: middle\">Final Copa del Rey 2025<\/td>\n<td style=\"padding: 14px 18px;font-size: 14px;font-weight: 400;color: #3d4a5c;border-bottom: 1px solid #dde6f0;border-right: 1px solid #dde6f0;text-align: center;vertical-align: middle\">75.000<\/td>\n<td style=\"padding: 14px 18px;font-size: 14px;font-weight: 400;color: #3d4a5c;border-bottom: 1px solid #dde6f0;text-align: center;vertical-align: middle\">~75M\u20ac<\/td>\n<\/tr>\n<tr>\n<td style=\"padding: 15px 18px;font-size: 14px;font-weight: 900;color: #192b5d;background: #eef4fb;border-bottom: 1px solid #c8d8ee;border-right: 1px solid #c8d8ee;border-left: 4px solid #fabb00;vertical-align: middle\">La Velada del A\u00f1o<\/td>\n<td style=\"padding: 15px 18px;font-size: 15px;font-weight: 900;color: #192b5d;background: #eef4fb;border-bottom: 1px solid #c8d8ee;border-right: 1px solid #c8d8ee;text-align: center;vertical-align: middle\">82.000<\/td>\n<td style=\"padding: 15px 18px;font-size: 15px;font-weight: 900;color: #192b5d;background: #eef4fb;border-bottom: 1px solid #c8d8ee;text-align: center;vertical-align: middle\">~85M\u20ac<\/td>\n<\/tr>\n<tr>\n<td style=\"padding: 14px 18px;font-size: 14px;font-weight: 400;color: #3d4a5c;border-right: 1px solid #dde6f0;vertical-align: middle\">Final Europa League 2022<\/td>\n<td style=\"padding: 14px 18px;font-size: 14px;font-weight: 400;color: #3d4a5c;border-right: 1px solid #dde6f0;text-align: center;vertical-align: middle\">50.000<\/td>\n<td style=\"padding: 14px 18px;font-size: 14px;font-weight: 400;color: #3d4a5c;text-align: center;vertical-align: middle\">~60M\u20ac<\/td>\n<\/tr>\n<\/tbody>\n<\/table>\n<div style=\"margin-top: 16px;background: #ffffff;border-left: 4px solid #54c9d6;padding: 12px 16px;border-radius: 0 6px 6px 0\">\n<p style=\"font-size: 12px;font-weight: 400;color: #5a6a7e;line-height: 1.65;margin: 0\"><strong style=\"color: #192b5d\">Nota:<\/strong> El impacto econ\u00f3mico es una estimaci\u00f3n orientativa basada en datos p\u00fablicos y estudios de impacto de eventos similares. Las cifras de La Velada del A\u00f1o 6 son proyecciones previas al evento (25 julio 2026, Sevilla).<\/p>\n<\/div>\n<\/div>\n<h3><span class=\"ez-toc-section\" id=\"Hosteleria_hoteles_y_el_ROI_de_la_velada_de_ibai_2026\"><\/span>Hosteler\u00eda, hoteles y el ROI de la velada de ibai 2026<span class=\"ez-toc-section-end\"><\/span><\/h3>\n<p>El sector de la restauraci\u00f3n en la zona de la Isla de la Cartuja espera un incremento de facturaci\u00f3n del 300% durante la jornada del evento. El gasto medio por asistente, seg\u00fan datos de ediciones pasadas en grandes ciudades, se sit\u00faa entre los 120 y 140 euros diarios. Esto incluye no solo la alimentaci\u00f3n, sino tambi\u00e9n el transporte interno y el ocio complementario en la <b>velada de ibai 2026<\/b>.<br \/>\nEste flujo de capital beneficia especialmente a las peque\u00f1as y medianas empresas sevillanas. Al ser un p\u00fablico mayoritariamente joven, el consumo se concentra en plataformas de delivery y restauraci\u00f3n r\u00e1pida, pero tambi\u00e9n en el comercio local de merchandising. Es el ejemplo perfecto de c\u00f3mo un evento digital puede salvar la cuenta de resultados de cientos de negocios f\u00edsicos en la <b>velada llanos<\/b>.<\/p>\n<h3><span class=\"ez-toc-section\" id=\"El_branding_de_Sevilla_en_la_velada_llanos\"><\/span>El branding de Sevilla en la velada llanos<span class=\"ez-toc-section-end\"><\/span><\/h3>\n<p>M\u00e1s all\u00e1 del dinero contante y sonante, el valor publicitario para Sevilla es incalculable. Con un pico de audiencia esperado de 4 millones de personas, la ciudad aparecer\u00e1 en las pantallas de todo el mundo. Este tipo de exposici\u00f3n medi\u00e1tica tiene un valor equivalente a una campa\u00f1a internacional de branding que costar\u00eda decenas de millones de euros a las arcas p\u00fablicas.<br \/>\nIbai Llanos ha destacado la flexibilidad y el apoyo institucional de Sevilla como factores determinantes para repetir sede. La ciudad se consolida como un referente para la industria del entretenimiento en directo. La visibilidad que ofrece la <b>velada vi<\/b> sit\u00faa a la capital andaluza en el mapa de las nuevas audiencias globales de forma org\u00e1nica y positiva.<\/p>\n<h2><span class=\"ez-toc-section\" id=\"El_presupuesto_de_la_velada_del_ano_2026_Desglose_de_los_13_millones_de_euros\"><\/span>El presupuesto de la velada del a\u00f1o 2026: Desglose de los 13 millones de euros<span class=\"ez-toc-section-end\"><\/span><\/h2>\n<p>Como mencionamos al inicio, el presupuesto de <b>13 millones de euros<\/b> es un <b>estimado por los nuevos elementos.<\/b> Una gran parte de este capital se destina a la transformaci\u00f3n de un estadio de f\u00fatbol en un plat\u00f3 de \u00faltima generaci\u00f3n. La log\u00edstica para coordinar a m\u00e1s de 600 trabajadores directos es uno de los costes m\u00e1s elevados de la <b>velada del a\u00f1o 2026<\/b>.<br \/>\nLa seguridad y los seguros de responsabilidad civil son partidas que han crecido exponencialmente. Al mover a m\u00e1s de 80.000 personas, las exigencias normativas son estrictas y costosas. Ibai ha recalcado que, aunque las cifras de patrocinio son altas, el margen de beneficio real es muy ajustado debido a la ambici\u00f3n t\u00e9cnica que requiere superar la edici\u00f3n anterior de la <b>velada V<\/b>.<\/p>\n<h3><span class=\"ez-toc-section\" id=\"Produccion_tecnica_en_La_Cartuja\"><\/span>Producci\u00f3n t\u00e9cnica en La Cartuja<span class=\"ez-toc-section-end\"><\/span><\/h3>\n<p>La instalaci\u00f3n del \u00abAnillo de Fuego\u00bb, una estructura LED circular de 360 grados, representa una de las mayores inversiones t\u00e9cnicas. Solo el alquiler del material audiovisual y el equipo de ingenieros es un gasto enorme. Este elemento permitir\u00e1 una visibilidad total de los <b>combates velada 6<\/b> desde cualquier punto de la grada, eliminando los puntos ciegos habituales en estadios.<br \/>\nAdem\u00e1s, se han contratado servicios de realidad aumentada (AR) y CGI para mejorar la experiencia del espectador en casa. El objetivo es que la <b>velada del a\u00f1o 6<\/b> sea un producto h\u00edbrido entre el cine y el deporte. Cada asalto contar\u00e1 con grafismos en tiempo real que mostrar\u00e1n la potencia de los golpes y el estado f\u00edsico de los boxeadores de forma visualmente impactante.<\/p>\n<h3><span class=\"ez-toc-section\" id=\"Logistica_y_personal_El_coste_de_mover_a_600_personas\"><\/span>Log\u00edstica y personal: El coste de mover a 600 personas<span class=\"ez-toc-section-end\"><\/span><\/h3>\n<p>El staff t\u00e9cnico de este a\u00f1o es el m\u00e1s numeroso hasta la fecha. Desde realizadores de c\u00e1mara hasta equipos de limpieza y acomodadores, la n\u00f3mina total de trabajadores es inmensa. Mantener esta estructura <a href=\"https:\/\/www.inesem.es\/revistadigital\/gestion-empresarial\/tipos-de-logistica\" target=\"_blank\" rel=\"noopener\">log\u00edstica<\/a> durante las 8 horas que dura el show de la <b>velada llanos<\/b> supone una inversi\u00f3n en recursos humanos que pocas productoras en Espa\u00f1a pueden asumir actualmente.<br \/>\nIbai tambi\u00e9n invierte en la salud y preparaci\u00f3n de los luchadores. Los gastos de gimnasios, dietistas y entrenadores personales para figuras como <b>Grefg<\/b> o <b>IlloJuan<\/b> corren a cargo de la organizaci\u00f3n durante los 4 meses previos. Esta inversi\u00f3n garantiza que los <b>combates velada 6<\/b> sean profesionales y seguros, minimizando el riesgo de lesiones graves sobre el ring.<\/p>\n<h2><span class=\"ez-toc-section\" id=\"Entradas_velada_2026_precios_categorias\"><\/span>Entradas velada 2026: precios, categor\u00edas<span class=\"ez-toc-section-end\"><\/span><\/h2>\n<p>Si quieres asistir, debes estar muy atento a los canales oficiales para no caer en estafas. Los precios de las <b>entradas la velada<\/b> se han mantenido en un rango similar al del a\u00f1o pasado para asegurar la accesibilidad. Las zonas de fondo alto comienzan en los 53 euros, mientras que las experiencias VIP en pista pueden llegar hasta los 190 euros para los fans m\u00e1s exigentes de la <b>velada del a\u00f1o<\/b>.<br \/>\nLa demanda de las <b>entradas ibai velada 6<\/b> es tan alta que se recomienda tener el registro previo hecho en las plataformas de venta. La organizaci\u00f3n ha implementado medidas contra la reventa autom\u00e1tica, limitando el n\u00famero de tickets por usuario. Es vital recordar que las entradas son nominativas y se pedir\u00e1 el DNI en el acceso al Estadio de La Cartuja para evitar el mercado negro.<\/p>\n<h3><span class=\"ez-toc-section\" id=\"La_preventa_de_Revolut_y_el_efecto_%C2%ABSold_Out%C2%BB_de_las_entradas_la_velada\"><\/span>La preventa de Revolut y el efecto \u00abSold Out\u00bb de las entradas la velada<span class=\"ez-toc-section-end\"><\/span><\/h3>\n<p>La preventa para clientes de <b>Revolut<\/b> volvi\u00f3 a ser un \u00e9xito rotundo, agotando miles de plazas en pocos minutos. Esto demuestra la fidelidad de la audiencia de la <b>velada del a\u00f1o 2026<\/b> y la eficacia de las alianzas entre marcas y creadores. Quienes no consiguieron su ticket en esta fase, deber\u00e1n enfrentarse a colas virtuales de m\u00e1s de 200.000 personas en la venta general de las <b>entradas la velada<\/b>.<br \/>\nEl efecto \u00abSold Out\u00bb es inmediato, lo que genera un valor de marca secundario enorme. Que un evento agote 80.000 entradas en una tarde es un mensaje potente para los patrocinadores: la atenci\u00f3n de la audiencia est\u00e1 aqu\u00ed. Para muchos fans, tener una de las <b>entradas de la velada VI<\/b> es ya un s\u00edmbolo de estatus dentro de la comunidad de creaci\u00f3n de contenido en Espa\u00f1a.<\/p>\n<h2><span class=\"ez-toc-section\" id=\"Los_combates_de_la_velada_del_ano_6_Grefg_contra_IlloJuan_y_el_fenomeno_Plex\"><\/span>Los combates de la velada del a\u00f1o 6: Grefg contra IlloJuan y el fen\u00f3meno Plex<span class=\"ez-toc-section-end\"><\/span><\/h2>\n<p>El inter\u00e9s deportivo de esta edici\u00f3n gira en torno al enfrentamiento estelar entre <b>Grefg<\/b> y <b>IlloJuan<\/b>. Su compromiso y el <a href=\"https:\/\/www.inesem.es\/revistadigital\/gestion-empresarial\/brand-building\" target=\"_blank\" rel=\"noopener\">branding<\/a> personal de cada uno es lo que da credibilidad a la <strong>velada del a\u00f1o<\/strong>\u00a0y atrae a una audiencia que no necesariamente es fan del boxeo, pero s\u00ed de sus personalidades y trayectorias en internet.<br \/>\nEl fen\u00f3meno de <b>Plex<\/b>\u00a0es otro de los grandes atractivos de la noche. Su capacidad para documentar su entrenamiento y generar \u00abhype\u00bb ha sido una de las mejores campa\u00f1as de marketing org\u00e1nico para la <b>velada del a\u00f1o 6<\/b>. La mezcla de adrenalina, superaci\u00f3n personal y rivalidad sana es la f\u00f3rmula m\u00e1gica que mantiene a millones de personas pegadas a la pantalla durante horas.<\/p>\n<h3><span class=\"ez-toc-section\" id=\"De_Fernanfloo_a_la_adrenalina_de_Plex_y_Gero_Arias\"><\/span>De Fernanfloo a la adrenalina de Plex y Gero Arias<span class=\"ez-toc-section-end\"><\/span><\/h3>\n<p>La participaci\u00f3n de figuras internacionales como <b>Fernanfloo<\/b>, siempre eleva el inter\u00e9s en Latinoam\u00e9rica, mientras que la intensidad de\u00a0<b>Plex<\/b>\u00a0y\u00a0<b>Gero Arias<\/b>\u00a0sobre el ring promete. Ambos representan a una nueva generaci\u00f3n de creadores que no tienen miedo a los retos f\u00edsicos extremos, lo que asegura un espect\u00e1culo vibrante en la <b>velada de ibai 2026<\/b>.<br \/>\nEl combate de Gero Arias es especialmente esperado por su trasfondo de resistencia f\u00edsica. Ver c\u00f3mo un creador especializado en calistenia se adapta a las reglas del boxeo es uno de los an\u00e1lisis t\u00e9cnicos m\u00e1s interesantes de la noche. Esta diversidad de perfiles es lo que hace que los <b>combates velada 6<\/b> sean impredecibles y emocionantes para todo tipo de p\u00fablico.<\/p>\n<h3><span class=\"ez-toc-section\" id=\"Viruzz_Shelao_y_el_nivel_de_los_combates_velada_6\"><\/span>Viruzz, Shelao y el nivel de los combates velada 6<span class=\"ez-toc-section-end\"><\/span><\/h3>\n<p>Para los puristas del deporte, los combates de <b>Viruzz<\/b> y <b>Shelao<\/b> son el punto \u00e1lgido de la t\u00e9cnica. Estos luchadores ya han demostrado en ediciones anteriores que su nivel est\u00e1 muy por encima del aficionado medio. Su presencia en el cartel de la <b>velada vi<\/b> asegura que tambi\u00e9n habr\u00e1 boxeo de alta calidad, con intercambios de golpes potentes y estrategias de ring muy depuradas.<br \/>\nEl nivel medio de los <b>combates velada 6<\/b> ha subido dr\u00e1sticamente. Los luchadores ya no solo \u00abvan a probar\u00bb; van a ganar con meses de t\u00e9cnica a sus espaldas. Esto se refleja en la intensidad de los asaltos y en la menor cantidad de intervenciones arbitrales por falta de combatividad. La Velada ha pasado de ser un meme a ser una competici\u00f3n respetada por la comunidad box\u00edstica profesional.<\/p>\n<h3><span class=\"ez-toc-section\" id=\"%C2%BFCuantos_combates_hay_en_la_velada_del_ano_Los_10_encuentros\"><\/span>\u00bfCu\u00e1ntos combates hay en la velada del a\u00f1o? Los 10 encuentros<span class=\"ez-toc-section-end\"><\/span><\/h3>\n<p>En 2026, Ibai ha confirmado un total de 10 encuentros, batiendo todos los r\u00e9cords anteriores. Este volumen de peleas garantiza que el show dure m\u00e1s de 8 horas, permitiendo una rotaci\u00f3n de artistas y momentos sin descanso para la audiencia de la <b>velada VI<\/b>.<br \/>\nCada combate tiene su propia narrativa y peso en el presupuesto. Desde los enfrentamientos de apertura hasta el Main Event de <b>Grefg<\/b> vs <b>IlloJuan<\/b>, el ritmo est\u00e1 dise\u00f1ado para que la atenci\u00f3n no decaiga. Diez combates significan diez historias de superaci\u00f3n que culminan bajo el \u00abAnillo de Fuego\u00bb del Estadio de La Cartuja, haciendo que cada una de las <b>entradas la velada<\/b> valga su peso en oro.<\/p>\n<h2><span class=\"ez-toc-section\" id=\"De_la_primera_edicion_a_la_velada_vi_el_futuro_del_entretenimiento_digital\"><\/span>De la primera edici\u00f3n a la velada vi: el futuro del entretenimiento digital<span class=\"ez-toc-section-end\"><\/span><\/h2>\n<p>Mirar atr\u00e1s hacia la primera edici\u00f3n y compararla con la <b>velada VI<\/b>\u00a0es ser testigo de una revoluci\u00f3n medi\u00e1tica. Ibai Llanos ha construido un imperio del entretenimiento bas\u00e1ndose en la comunidad y la transparencia. El \u00e9xito de la <b>velada del a\u00f1o 2026<\/b> no es casualidad, es el resultado de a\u00f1os de aprendizaje sobre qu\u00e9 es lo que realmente quiere ver la audiencia moderna en sus pantallas.<br \/>\nEl futuro del entretenimiento pasa por eventos que unan el mundo f\u00edsico y el digital. Con un presupuesto estimado de 13 millones y el apoyo de marcas globales, la Velada ha demostrado que los creadores son los nuevos directores de televisi\u00f3n. El list\u00f3n est\u00e1 muy alto, pero si algo hemos aprendido de <strong>La Velada<\/strong>, es que con Ibai, el l\u00edmite todav\u00eda no se ha inventado.<\/p>\n<p><!-- Estilos SOLO para responsive (el \u00fanico punto donde inline no llega) --><\/p>\n<p>&nbsp;<\/p>\n<p><!-- \u2500\u2500 WRAPPER PRINCIPAL \u2500\u2500 --><\/p>\n<div style=\"background: #f4f6fb;padding: 48px 16px 52px;font-family: 'Lato', 'Trebuchet MS', sans-serif\">\n<p><!-- CABECERA --><\/p>\n<div style=\"text-align: center;margin-bottom: 44px\"><span style=\"background: #192b5d;color: #ffffff;font-size: 10px;font-weight: bold;letter-spacing: 2px;text-transform: uppercase;padding: 5px 15px;border-radius: 20px;margin-bottom: 14px\"><br \/>\nHistoria \u00b7 La Velada del A\u00f1o<br \/>\n<\/span><\/p>\n<h2 style=\"font-family: 'Lato', sans-serif;font-size: clamp(1.15rem, 3.5vw, 1.75rem);font-weight: 900;color: #192b5d;line-height: 1.22;margin: 0 0 10px\"><span class=\"ez-toc-section\" id=\"De_Badalona_a_La_Cartuja_el_crecimiento_de_La_Velada\"><\/span>De Badalona a La Cartuja:<br \/>\n<span style=\"color: #54c9d6\">el crecimiento de La Velada<\/span><span class=\"ez-toc-section-end\"><\/span><\/h2>\n<p style=\"font-size: 14px;font-weight: 400;color: #5a6a7e;max-width: 520px;margin: 0 auto;line-height: 1.65\">Cinco ediciones que convirtieron un evento de streamers en el mayor espect\u00e1culo de entretenimiento en espa\u00f1ol del mundo.<\/p>\n<\/div>\n<div class=\"vld-axis\" style=\"position: relative;max-width: 860px;margin: 0 auto\">\n<p><!-- L\u00ednea vertical central --><\/p>\n<div style=\"position: absolute;width: 2px;background: #192b5d;top: 0;bottom: 0;left: 50%;margin-left: -1px;z-index: 0\"><\/div>\n<div class=\"vld-block\" style=\"padding: 16px 44px 16px 0;position: relative;width: 50%;text-align: right;left: 0\">\n<p><!-- Punto del eje --><\/p>\n<div class=\"vld-marker\" style=\"position: absolute;width: 16px;height: 16px;right: -8px;top: 36px;background: #ffffff;border: 3px solid #192b5d;border-radius: 50%;z-index: 10\"><\/div>\n<p><!-- Tarjeta --><\/p>\n<div class=\"vld-card\" style=\"background: #eef4fb;border-radius: 8px;padding: 22px 20px;border-right: 4px solid #192b5d\">\n<p><span style=\"background: #192b5d;color: #ffffff;font-size: 11px;font-weight: bold;letter-spacing: 1px;padding: 3px 10px;border-radius: 20px;margin-bottom: 8px\">2021<\/span><\/p>\n<h3 style=\"margin: 0 0 6px;color: #192b5d;font-size: 1.15rem;font-weight: 900;line-height: 1.2\"><span class=\"ez-toc-section\" id=\"La_Velada_del_Ano_I\"><\/span>La Velada del A\u00f1o I<span class=\"ez-toc-section-end\"><\/span><\/h3>\n<p style=\"font-size: 13px;color: #5a6a7e;margin: 0 0 14px;line-height: 1.5\">&#x1f4cd; Pabell\u00f3n de Badalona, Barcelona<\/p>\n<div style=\"background: #ffffff;border: 1.5px solid #dde6f0;border-radius: 8px;padding: 10px 16px;text-align: center\">\n<div style=\"font-size: 1.6rem;font-weight: 900;color: #192b5d;line-height: 1\">1,5M<\/div>\n<div style=\"font-size: 10px;font-weight: bold;letter-spacing: 1.5px;text-transform: uppercase;color: #7a8fa6;margin-top: 3px\">Peak Viewers<\/div>\n<\/div>\n<\/div>\n<\/div>\n<p><!-- Espacio par --><\/p>\n<div style=\"width: 50%;margin-left: 50%;height: 8px\"><\/div>\n<div class=\"vld-block\" style=\"padding: 16px 0 16px 44px;position: relative;width: 50%;text-align: left;left: 50%\">\n<div class=\"vld-marker\" style=\"position: absolute;width: 16px;height: 16px;left: -8px;top: 36px;background: #ffffff;border: 3px solid #192b5d;border-radius: 50%;z-index: 10\"><\/div>\n<div class=\"vld-card\" style=\"background: #eef4fb;border-radius: 8px;padding: 22px 20px;border-left: 4px solid #192b5d\">\n<p><span style=\"background: #192b5d;color: #ffffff;font-size: 11px;font-weight: bold;letter-spacing: 1px;padding: 3px 10px;border-radius: 20px;margin-bottom: 8px\">2022<\/span><\/p>\n<h3 style=\"margin: 0 0 6px;color: #192b5d;font-size: 1.15rem;font-weight: 900;line-height: 1.2\"><span class=\"ez-toc-section\" id=\"La_Velada_del_Ano_II\"><\/span>La Velada del A\u00f1o II<span class=\"ez-toc-section-end\"><\/span><\/h3>\n<p style=\"font-size: 13px;color: #5a6a7e;margin: 0 0 14px;line-height: 1.5\">&#x1f4cd; Pabell\u00f3n Ol\u00edmpico de Badalona<\/p>\n<div style=\"background: #ffffff;border: 1.5px solid #dde6f0;border-radius: 8px;padding: 10px 16px;text-align: center\">\n<div style=\"font-size: 1.6rem;font-weight: 900;color: #192b5d;line-height: 1\">3,3M<\/div>\n<div style=\"font-size: 10px;font-weight: bold;letter-spacing: 1.5px;text-transform: uppercase;color: #7a8fa6;margin-top: 3px\">Peak Viewers<\/div>\n<\/div>\n<\/div>\n<\/div>\n<div style=\"width: 50%;height: 8px\"><\/div>\n<div class=\"vld-block\" style=\"padding: 16px 44px 16px 0;position: relative;width: 50%;text-align: right;left: 0\">\n<div class=\"vld-marker\" style=\"position: absolute;width: 16px;height: 16px;right: -8px;top: 36px;background: #ffffff;border: 3px solid #192b5d;border-radius: 50%;z-index: 10\"><\/div>\n<div class=\"vld-card\" style=\"background: #eef4fb;border-radius: 8px;padding: 22px 20px;border-right: 4px solid #192b5d\">\n<p><span style=\"background: #192b5d;color: #ffffff;font-size: 11px;font-weight: bold;letter-spacing: 1px;padding: 3px 10px;border-radius: 20px;margin-bottom: 8px\">2023<\/span><\/p>\n<h3 style=\"margin: 0 0 6px;color: #192b5d;font-size: 1.15rem;font-weight: 900;line-height: 1.2\"><span class=\"ez-toc-section\" id=\"La_Velada_del_Ano_III\"><\/span>La Velada del A\u00f1o III<span class=\"ez-toc-section-end\"><\/span><\/h3>\n<p style=\"font-size: 13px;color: #5a6a7e;margin: 0 0 14px;line-height: 1.5\">&#x1f4cd; Estadio C\u00edvitas Metropolitano, Madrid<\/p>\n<div style=\"background: #ffffff;border: 1.5px solid #dde6f0;border-radius: 8px;padding: 10px 16px;text-align: center\">\n<div style=\"font-size: 1.6rem;font-weight: 900;color: #192b5d;line-height: 1\">3,4M<\/div>\n<div style=\"font-size: 10px;font-weight: bold;letter-spacing: 1.5px;text-transform: uppercase;color: #7a8fa6;margin-top: 3px\">Peak Viewers<\/div>\n<\/div>\n<\/div>\n<\/div>\n<div style=\"width: 50%;margin-left: 50%;height: 8px\"><\/div>\n<div class=\"vld-block\" style=\"padding: 16px 0 16px 44px;position: relative;width: 50%;text-align: left;left: 50%\">\n<div class=\"vld-marker\" style=\"position: absolute;width: 16px;height: 16px;left: -8px;top: 36px;background: #ffffff;border: 3px solid #192b5d;border-radius: 50%;z-index: 10\"><\/div>\n<div class=\"vld-card\" style=\"background: #eef4fb;border-radius: 8px;padding: 22px 20px;border-left: 4px solid #192b5d\">\n<p><span style=\"background: #192b5d;color: #ffffff;font-size: 11px;font-weight: bold;letter-spacing: 1px;padding: 3px 10px;border-radius: 20px;margin-bottom: 8px\">2024<\/span><\/p>\n<h3 style=\"margin: 0 0 6px;color: #192b5d;font-size: 1.15rem;font-weight: 900;line-height: 1.2\"><span class=\"ez-toc-section\" id=\"La_Velada_del_Ano_IV\"><\/span>La Velada del A\u00f1o IV<span class=\"ez-toc-section-end\"><\/span><\/h3>\n<p style=\"font-size: 13px;color: #5a6a7e;margin: 0 0 14px;line-height: 1.5\">&#x1f4cd; Estadio Santiago Bernab\u00e9u, Madrid<\/p>\n<div style=\"background: #ffffff;border: 1.5px solid #dde6f0;border-radius: 8px;padding: 10px 16px;text-align: center\">\n<div style=\"font-size: 1.6rem;font-weight: 900;color: #192b5d;line-height: 1\">3,8M<\/div>\n<div style=\"font-size: 10px;font-weight: bold;letter-spacing: 1.5px;text-transform: uppercase;color: #7a8fa6;margin-top: 3px\">Peak Viewers<\/div>\n<\/div>\n<\/div>\n<\/div>\n<div style=\"width: 50%;height: 8px\"><\/div>\n<div class=\"vld-block\" style=\"padding: 16px 44px 16px 0;position: relative;width: 50%;text-align: right;left: 0\">\n<div class=\"vld-marker\" style=\"position: absolute;width: 16px;height: 16px;right: -8px;top: 36px;background: #ffffff;border: 3px solid #192b5d;border-radius: 50%;z-index: 10\"><\/div>\n<div class=\"vld-card\" style=\"background: #eef4fb;border-radius: 8px;padding: 22px 20px;border-right: 4px solid #192b5d\">\n<p><span style=\"background: #192b5d;color: #ffffff;font-size: 11px;font-weight: bold;letter-spacing: 1px;padding: 3px 10px;border-radius: 20px;margin-bottom: 8px\">2025<\/span><\/p>\n<h3 style=\"margin: 0 0 6px;color: #192b5d;font-size: 1.15rem;font-weight: 900;line-height: 1.2\"><span class=\"ez-toc-section\" id=\"La_Velada_del_Ano_V\"><\/span>La Velada del A\u00f1o V<span class=\"ez-toc-section-end\"><\/span><\/h3>\n<p style=\"font-size: 13px;color: #5a6a7e;margin: 0 0 14px;line-height: 1.5\">&#x1f4cd; Estadio de la Cartuja, Sevilla \u00b7 26 de julio 2025<\/p>\n<div style=\"background: #ffffff;border: 1.5px solid #dde6f0;border-radius: 8px;padding: 10px 16px;text-align: center\">\n<div style=\"font-size: 1.6rem;font-weight: 900;color: #192b5d;line-height: 1\">9M<\/div>\n<div style=\"font-size: 10px;font-weight: bold;letter-spacing: 1.5px;text-transform: uppercase;color: #7a8fa6;margin-top: 3px\">Peak Viewers \u00b7 R\u00e9cord Twitch<\/div>\n<\/div>\n<\/div>\n<\/div>\n<div style=\"width: 50%;margin-left: 50%;height: 8px\"><\/div>\n<div class=\"vld-block\" style=\"padding: 16px 0 16px 44px;position: relative;width: 50%;text-align: left;left: 50%\">\n<p><!-- Punto dorado --><\/p>\n<div class=\"vld-marker\" style=\"position: absolute;width: 20px;height: 20px;left: -10px;top: 34px;background: #fabb00;border: 3px solid #192b5d;border-radius: 50%;z-index: 10\"><\/div>\n<p><!-- Tarjeta dorada --><\/p>\n<div class=\"vld-card-future\" style=\"background: #192b5d;border-radius: 8px;padding: 22px 20px;border-left: 4px solid #fabb00\">\n<p><span style=\"background: #fabb00;color: #192b5d;font-size: 11px;font-weight: bold;letter-spacing: 1px;padding: 3px 10px;border-radius: 20px;margin-bottom: 8px\">2026 \u00b7 Pr\u00f3ximamente<\/span><\/p>\n<h3 style=\"margin: 0 0 6px;color: #ffffff;font-size: 1.15rem;font-weight: 900;line-height: 1.2\"><span class=\"ez-toc-section\" id=\"La_Velada_del_Ano_VI\"><\/span>La Velada del A\u00f1o VI<span class=\"ez-toc-section-end\"><\/span><\/h3>\n<p style=\"font-size: 13px;color: #54c9d6;margin: 0 0 14px;line-height: 1.5\">&#x1f4cd; Estadio de La Cartuja, Sevilla \u00b7 25 julio 2026<\/p>\n<div style=\"border-radius: 8px;padding: 10px 16px;text-align: center\">\n<div style=\"font-size: 1.6rem;font-weight: 900;color: #fabb00;line-height: 1\">82.000<\/div>\n<div style=\"font-size: 10px;font-weight: bold;letter-spacing: 1.5px;text-transform: uppercase;color: #54c9d6;margin-top: 3px\">Aforo \u00b7 Sold out en 2h<\/div>\n<\/div>\n<\/div>\n<\/div>\n<\/div>\n<div style=\"margin-top: 40px;max-width: 860px;margin-left: auto;margin-right: auto;background: #ffffff;border-left: 4px solid #54c9d6;padding: 14px 18px;border-radius: 0 6px 6px 0\">\n<p style=\"font-size: 13px;font-weight: bold;color: #192b5d;margin: 0 0 5px\">&#x1f4cc; Fuente<\/p>\n<p style=\"font-size: 12px;font-weight: 400;color: #5a6a7e;line-height: 1.65;margin: 0\">Datos de audiencia basados en cifras publicadas por Ibai Llanos y medios especializados. El dato de La Velada V (9M) corresponde al r\u00e9cord hist\u00f3rico de Twitch. La Velada VI est\u00e1 confirmada para el <strong style=\"color: #192b5d\">25 de julio de 2026<\/strong> en el Estadio de La Cartuja, Sevilla.<\/p>\n<\/div>\n<\/div>\n","protected":false},"excerpt":{"rendered":"<p>Todo sobre La Velada del A\u00f1o 6: marketing de patrocinadores, el \u00abefecto Ibai\u00bb, y los detalles del presupuesto r\u00e9cord de 13 millones.<\/p>\n","protected":false},"author":92027,"featured_media":14630,"comment_status":"open","ping_status":"open","sticky":false,"template":"","format":"standard","meta":{"footnotes":""},"categories":[38],"class_list":["post-14628","post","type-post","status-publish","format-standard","has-post-thumbnail","hentry","category-marketing-y-publicidad"],"yoast_head":"<!-- This site is optimized with the Yoast SEO plugin v23.5 - https:\/\/yoast.com\/wordpress\/plugins\/seo\/ -->\n<title>La velada del a\u00f1o 6: 13M \u20ac para el mayor evento de Ibai<\/title>\n<meta name=\"description\" content=\"Todo sobre La Velada del A\u00f1o 6: marketing de patrocinadores, el &quot;efecto Ibai&quot;, y los detalles del presupuesto r\u00e9cord de 13 millones.\" \/>\n<meta name=\"robots\" content=\"index, follow, max-snippet:-1, max-image-preview:large, max-video-preview:-1\" \/>\n<link rel=\"canonical\" href=\"https:\/\/www.inesem.es\/revistadigital\/gestion-empresarial\/la-velada-del-ano-de-ibai\" \/>\n<meta property=\"og:locale\" content=\"es_ES\" \/>\n<meta property=\"og:type\" content=\"article\" \/>\n<meta property=\"og:title\" content=\"La velada del a\u00f1o 6: 13M \u20ac para el mayor evento de Ibai\" \/>\n<meta property=\"og:description\" content=\"Todo sobre La Velada del A\u00f1o 6: marketing de patrocinadores, el &quot;efecto Ibai&quot;, y los detalles del presupuesto r\u00e9cord de 13 millones.\" \/>\n<meta property=\"og:url\" content=\"https:\/\/www.inesem.es\/revistadigital\/gestion-empresarial\/la-velada-del-ano-de-ibai\" \/>\n<meta property=\"og:site_name\" content=\"Canal Gesti\u00f3n Empresarial\" \/>\n<meta property=\"article:publisher\" content=\"https:\/\/www.facebook.com\/InesemBusinessSchool\/\" \/>\n<meta property=\"article:published_time\" content=\"2026-03-11T11:04:40+00:00\" \/>\n<meta property=\"article:modified_time\" content=\"2026-04-21T09:30:30+00:00\" \/>\n<meta property=\"og:image\" content=\"https:\/\/www.inesem.es\/revistadigital\/gestion-empresarial\/files\/2026\/03\/la-velada-del-ano-ibai.png\" \/>\n\t<meta property=\"og:image:width\" content=\"1301\" \/>\n\t<meta property=\"og:image:height\" content=\"703\" \/>\n\t<meta property=\"og:image:type\" content=\"image\/png\" \/>\n<meta name=\"author\" content=\"eloisa.gonzalez\" \/>\n<meta name=\"twitter:card\" content=\"summary_large_image\" \/>\n<meta name=\"twitter:creator\" content=\"@inesem\" \/>\n<meta name=\"twitter:site\" content=\"@inesem\" \/>\n<meta name=\"twitter:label1\" content=\"Escrito por\" \/>\n\t<meta name=\"twitter:data1\" content=\"eloisa.gonzalez\" \/>\n\t<meta name=\"twitter:label2\" content=\"Tiempo de lectura\" \/>\n\t<meta name=\"twitter:data2\" content=\"14 minutos\" \/>\n<script type=\"application\/ld+json\" class=\"yoast-schema-graph\">{\"@context\":\"https:\/\/schema.org\",\"@graph\":[{\"@type\":\"Article\",\"@id\":\"https:\/\/www.inesem.es\/revistadigital\/gestion-empresarial\/la-velada-del-ano-de-ibai#article\",\"isPartOf\":{\"@id\":\"https:\/\/www.inesem.es\/revistadigital\/gestion-empresarial\/la-velada-del-ano-de-ibai\"},\"author\":{\"name\":\"eloisa.gonzalez\",\"@id\":\"https:\/\/www.inesem.es\/revistadigital\/gestion-empresarial\/#\/schema\/person\/c2c9a36b0cb7c5a31abdeec97c02a799\"},\"headline\":\"Marketing, brand y finanzas en La Velada del A\u00f1o 6 de Ibai Llanos\",\"datePublished\":\"2026-03-11T11:04:40+00:00\",\"dateModified\":\"2026-04-21T09:30:30+00:00\",\"mainEntityOfPage\":{\"@id\":\"https:\/\/www.inesem.es\/revistadigital\/gestion-empresarial\/la-velada-del-ano-de-ibai\"},\"wordCount\":3065,\"commentCount\":0,\"publisher\":{\"@id\":\"https:\/\/www.inesem.es\/revistadigital\/gestion-empresarial\/#organization\"},\"image\":{\"@id\":\"https:\/\/www.inesem.es\/revistadigital\/gestion-empresarial\/la-velada-del-ano-de-ibai#primaryimage\"},\"thumbnailUrl\":\"https:\/\/www.inesem.es\/revistadigital\/gestion-empresarial\/files\/2026\/03\/la-velada-del-ano-ibai.png\",\"articleSection\":[\"Marketing y Publicidad\"],\"inLanguage\":\"es\",\"potentialAction\":[{\"@type\":\"CommentAction\",\"name\":\"Comment\",\"target\":[\"https:\/\/www.inesem.es\/revistadigital\/gestion-empresarial\/la-velada-del-ano-de-ibai#respond\"]}]},{\"@type\":\"WebPage\",\"@id\":\"https:\/\/www.inesem.es\/revistadigital\/gestion-empresarial\/la-velada-del-ano-de-ibai\",\"url\":\"https:\/\/www.inesem.es\/revistadigital\/gestion-empresarial\/la-velada-del-ano-de-ibai\",\"name\":\"La velada del a\u00f1o 6: 13M \u20ac para el mayor evento de Ibai\",\"isPartOf\":{\"@id\":\"https:\/\/www.inesem.es\/revistadigital\/gestion-empresarial\/#website\"},\"primaryImageOfPage\":{\"@id\":\"https:\/\/www.inesem.es\/revistadigital\/gestion-empresarial\/la-velada-del-ano-de-ibai#primaryimage\"},\"image\":{\"@id\":\"https:\/\/www.inesem.es\/revistadigital\/gestion-empresarial\/la-velada-del-ano-de-ibai#primaryimage\"},\"thumbnailUrl\":\"https:\/\/www.inesem.es\/revistadigital\/gestion-empresarial\/files\/2026\/03\/la-velada-del-ano-ibai.png\",\"datePublished\":\"2026-03-11T11:04:40+00:00\",\"dateModified\":\"2026-04-21T09:30:30+00:00\",\"description\":\"Todo sobre La Velada del A\u00f1o 6: marketing de patrocinadores, el \\\"efecto Ibai\\\", y los detalles del presupuesto r\u00e9cord de 13 millones.\",\"breadcrumb\":{\"@id\":\"https:\/\/www.inesem.es\/revistadigital\/gestion-empresarial\/la-velada-del-ano-de-ibai#breadcrumb\"},\"inLanguage\":\"es\",\"potentialAction\":[{\"@type\":\"ReadAction\",\"target\":[\"https:\/\/www.inesem.es\/revistadigital\/gestion-empresarial\/la-velada-del-ano-de-ibai\"]}]},{\"@type\":\"ImageObject\",\"inLanguage\":\"es\",\"@id\":\"https:\/\/www.inesem.es\/revistadigital\/gestion-empresarial\/la-velada-del-ano-de-ibai#primaryimage\",\"url\":\"https:\/\/www.inesem.es\/revistadigital\/gestion-empresarial\/files\/2026\/03\/la-velada-del-ano-ibai.png\",\"contentUrl\":\"https:\/\/www.inesem.es\/revistadigital\/gestion-empresarial\/files\/2026\/03\/la-velada-del-ano-ibai.png\",\"width\":1301,\"height\":703},{\"@type\":\"BreadcrumbList\",\"@id\":\"https:\/\/www.inesem.es\/revistadigital\/gestion-empresarial\/la-velada-del-ano-de-ibai#breadcrumb\",\"itemListElement\":[{\"@type\":\"ListItem\",\"position\":1,\"name\":\"Home\",\"item\":\"https:\/\/www.inesem.es\/revistadigital\/gestion-empresarial\/\"},{\"@type\":\"ListItem\",\"position\":2,\"name\":\"Marketing y Publicidad\",\"item\":\"https:\/\/www.inesem.es\/revistadigital\/gestion-empresarial\/categorias\/marketing-y-publicidad\"},{\"@type\":\"ListItem\",\"position\":3,\"name\":\"Marketing, brand y finanzas en La Velada del A\u00f1o 6 de Ibai Llanos\"}]},{\"@type\":\"WebSite\",\"@id\":\"https:\/\/www.inesem.es\/revistadigital\/gestion-empresarial\/#website\",\"url\":\"https:\/\/www.inesem.es\/revistadigital\/gestion-empresarial\/\",\"name\":\"Canal Gesti\u00f3n Empresarial\",\"description\":\"Canal de Noticias gestionado por el Departamento Docente de Gesti\u00f3n Empresarial de INESEM\",\"publisher\":{\"@id\":\"https:\/\/www.inesem.es\/revistadigital\/gestion-empresarial\/#organization\"},\"potentialAction\":[{\"@type\":\"SearchAction\",\"target\":{\"@type\":\"EntryPoint\",\"urlTemplate\":\"https:\/\/www.inesem.es\/revistadigital\/gestion-empresarial\/?s={search_term_string}\"},\"query-input\":{\"@type\":\"PropertyValueSpecification\",\"valueRequired\":true,\"valueName\":\"search_term_string\"}}],\"inLanguage\":\"es\"},{\"@type\":\"Organization\",\"@id\":\"https:\/\/www.inesem.es\/revistadigital\/gestion-empresarial\/#organization\",\"name\":\"Canal Gesti\u00f3n Empresarial\",\"url\":\"https:\/\/www.inesem.es\/revistadigital\/gestion-empresarial\/\",\"logo\":{\"@type\":\"ImageObject\",\"inLanguage\":\"es\",\"@id\":\"https:\/\/www.inesem.es\/revistadigital\/gestion-empresarial\/#\/schema\/logo\/image\/\",\"url\":\"\",\"contentUrl\":\"\",\"caption\":\"Canal Gesti\u00f3n Empresarial\"},\"image\":{\"@id\":\"https:\/\/www.inesem.es\/revistadigital\/gestion-empresarial\/#\/schema\/logo\/image\/\"},\"sameAs\":[\"https:\/\/www.facebook.com\/InesemBusinessSchool\/\",\"https:\/\/x.com\/inesem\",\"http:\/\/www.linkedin.com\/company\/2370697\",\"https:\/\/www.youtube.com\/user\/inesembusinesschool\/\"]},{\"@type\":\"Person\",\"@id\":\"https:\/\/www.inesem.es\/revistadigital\/gestion-empresarial\/#\/schema\/person\/c2c9a36b0cb7c5a31abdeec97c02a799\",\"name\":\"eloisa.gonzalez\",\"image\":{\"@type\":\"ImageObject\",\"inLanguage\":\"es\",\"@id\":\"https:\/\/www.inesem.es\/revistadigital\/gestion-empresarial\/#\/schema\/person\/image\/\",\"url\":\"https:\/\/secure.gravatar.com\/avatar\/f4efa1ed05855ba7f099a524e1833d11?s=96&d=mm&r=g\",\"contentUrl\":\"https:\/\/secure.gravatar.com\/avatar\/f4efa1ed05855ba7f099a524e1833d11?s=96&d=mm&r=g\",\"caption\":\"eloisa.gonzalez\"},\"url\":\"https:\/\/www.inesem.es\/revistadigital\/gestion-empresarial\/autores\/eloisa-gonzalez\"}]}<\/script>\n<!-- \/ Yoast SEO plugin. -->","yoast_head_json":{"title":"La velada del a\u00f1o 6: 13M \u20ac para el mayor evento de Ibai","description":"Todo sobre La Velada del A\u00f1o 6: marketing de patrocinadores, el \"efecto Ibai\", y los detalles del presupuesto r\u00e9cord de 13 millones.","robots":{"index":"index","follow":"follow","max-snippet":"max-snippet:-1","max-image-preview":"max-image-preview:large","max-video-preview":"max-video-preview:-1"},"canonical":"https:\/\/www.inesem.es\/revistadigital\/gestion-empresarial\/la-velada-del-ano-de-ibai","og_locale":"es_ES","og_type":"article","og_title":"La velada del a\u00f1o 6: 13M \u20ac para el mayor evento de Ibai","og_description":"Todo sobre La Velada del A\u00f1o 6: marketing de patrocinadores, el \"efecto Ibai\", y los detalles del presupuesto r\u00e9cord de 13 millones.","og_url":"https:\/\/www.inesem.es\/revistadigital\/gestion-empresarial\/la-velada-del-ano-de-ibai","og_site_name":"Canal Gesti\u00f3n Empresarial","article_publisher":"https:\/\/www.facebook.com\/InesemBusinessSchool\/","article_published_time":"2026-03-11T11:04:40+00:00","article_modified_time":"2026-04-21T09:30:30+00:00","og_image":[{"width":1301,"height":703,"url":"https:\/\/www.inesem.es\/revistadigital\/gestion-empresarial\/files\/2026\/03\/la-velada-del-ano-ibai.png","type":"image\/png"}],"author":"eloisa.gonzalez","twitter_card":"summary_large_image","twitter_creator":"@inesem","twitter_site":"@inesem","twitter_misc":{"Escrito por":"eloisa.gonzalez","Tiempo de lectura":"14 minutos"},"schema":{"@context":"https:\/\/schema.org","@graph":[{"@type":"Article","@id":"https:\/\/www.inesem.es\/revistadigital\/gestion-empresarial\/la-velada-del-ano-de-ibai#article","isPartOf":{"@id":"https:\/\/www.inesem.es\/revistadigital\/gestion-empresarial\/la-velada-del-ano-de-ibai"},"author":{"name":"eloisa.gonzalez","@id":"https:\/\/www.inesem.es\/revistadigital\/gestion-empresarial\/#\/schema\/person\/c2c9a36b0cb7c5a31abdeec97c02a799"},"headline":"Marketing, brand y finanzas en La Velada del A\u00f1o 6 de Ibai Llanos","datePublished":"2026-03-11T11:04:40+00:00","dateModified":"2026-04-21T09:30:30+00:00","mainEntityOfPage":{"@id":"https:\/\/www.inesem.es\/revistadigital\/gestion-empresarial\/la-velada-del-ano-de-ibai"},"wordCount":3065,"commentCount":0,"publisher":{"@id":"https:\/\/www.inesem.es\/revistadigital\/gestion-empresarial\/#organization"},"image":{"@id":"https:\/\/www.inesem.es\/revistadigital\/gestion-empresarial\/la-velada-del-ano-de-ibai#primaryimage"},"thumbnailUrl":"https:\/\/www.inesem.es\/revistadigital\/gestion-empresarial\/files\/2026\/03\/la-velada-del-ano-ibai.png","articleSection":["Marketing y Publicidad"],"inLanguage":"es","potentialAction":[{"@type":"CommentAction","name":"Comment","target":["https:\/\/www.inesem.es\/revistadigital\/gestion-empresarial\/la-velada-del-ano-de-ibai#respond"]}]},{"@type":"WebPage","@id":"https:\/\/www.inesem.es\/revistadigital\/gestion-empresarial\/la-velada-del-ano-de-ibai","url":"https:\/\/www.inesem.es\/revistadigital\/gestion-empresarial\/la-velada-del-ano-de-ibai","name":"La velada del a\u00f1o 6: 13M \u20ac para el mayor evento de Ibai","isPartOf":{"@id":"https:\/\/www.inesem.es\/revistadigital\/gestion-empresarial\/#website"},"primaryImageOfPage":{"@id":"https:\/\/www.inesem.es\/revistadigital\/gestion-empresarial\/la-velada-del-ano-de-ibai#primaryimage"},"image":{"@id":"https:\/\/www.inesem.es\/revistadigital\/gestion-empresarial\/la-velada-del-ano-de-ibai#primaryimage"},"thumbnailUrl":"https:\/\/www.inesem.es\/revistadigital\/gestion-empresarial\/files\/2026\/03\/la-velada-del-ano-ibai.png","datePublished":"2026-03-11T11:04:40+00:00","dateModified":"2026-04-21T09:30:30+00:00","description":"Todo sobre La Velada del A\u00f1o 6: marketing de patrocinadores, el \"efecto Ibai\", y los detalles del presupuesto r\u00e9cord de 13 millones.","breadcrumb":{"@id":"https:\/\/www.inesem.es\/revistadigital\/gestion-empresarial\/la-velada-del-ano-de-ibai#breadcrumb"},"inLanguage":"es","potentialAction":[{"@type":"ReadAction","target":["https:\/\/www.inesem.es\/revistadigital\/gestion-empresarial\/la-velada-del-ano-de-ibai"]}]},{"@type":"ImageObject","inLanguage":"es","@id":"https:\/\/www.inesem.es\/revistadigital\/gestion-empresarial\/la-velada-del-ano-de-ibai#primaryimage","url":"https:\/\/www.inesem.es\/revistadigital\/gestion-empresarial\/files\/2026\/03\/la-velada-del-ano-ibai.png","contentUrl":"https:\/\/www.inesem.es\/revistadigital\/gestion-empresarial\/files\/2026\/03\/la-velada-del-ano-ibai.png","width":1301,"height":703},{"@type":"BreadcrumbList","@id":"https:\/\/www.inesem.es\/revistadigital\/gestion-empresarial\/la-velada-del-ano-de-ibai#breadcrumb","itemListElement":[{"@type":"ListItem","position":1,"name":"Home","item":"https:\/\/www.inesem.es\/revistadigital\/gestion-empresarial\/"},{"@type":"ListItem","position":2,"name":"Marketing y Publicidad","item":"https:\/\/www.inesem.es\/revistadigital\/gestion-empresarial\/categorias\/marketing-y-publicidad"},{"@type":"ListItem","position":3,"name":"Marketing, brand y finanzas en La Velada del A\u00f1o 6 de Ibai Llanos"}]},{"@type":"WebSite","@id":"https:\/\/www.inesem.es\/revistadigital\/gestion-empresarial\/#website","url":"https:\/\/www.inesem.es\/revistadigital\/gestion-empresarial\/","name":"Canal Gesti\u00f3n Empresarial","description":"Canal de Noticias gestionado por el Departamento Docente de Gesti\u00f3n Empresarial de INESEM","publisher":{"@id":"https:\/\/www.inesem.es\/revistadigital\/gestion-empresarial\/#organization"},"potentialAction":[{"@type":"SearchAction","target":{"@type":"EntryPoint","urlTemplate":"https:\/\/www.inesem.es\/revistadigital\/gestion-empresarial\/?s={search_term_string}"},"query-input":{"@type":"PropertyValueSpecification","valueRequired":true,"valueName":"search_term_string"}}],"inLanguage":"es"},{"@type":"Organization","@id":"https:\/\/www.inesem.es\/revistadigital\/gestion-empresarial\/#organization","name":"Canal Gesti\u00f3n Empresarial","url":"https:\/\/www.inesem.es\/revistadigital\/gestion-empresarial\/","logo":{"@type":"ImageObject","inLanguage":"es","@id":"https:\/\/www.inesem.es\/revistadigital\/gestion-empresarial\/#\/schema\/logo\/image\/","url":"","contentUrl":"","caption":"Canal Gesti\u00f3n Empresarial"},"image":{"@id":"https:\/\/www.inesem.es\/revistadigital\/gestion-empresarial\/#\/schema\/logo\/image\/"},"sameAs":["https:\/\/www.facebook.com\/InesemBusinessSchool\/","https:\/\/x.com\/inesem","http:\/\/www.linkedin.com\/company\/2370697","https:\/\/www.youtube.com\/user\/inesembusinesschool\/"]},{"@type":"Person","@id":"https:\/\/www.inesem.es\/revistadigital\/gestion-empresarial\/#\/schema\/person\/c2c9a36b0cb7c5a31abdeec97c02a799","name":"eloisa.gonzalez","image":{"@type":"ImageObject","inLanguage":"es","@id":"https:\/\/www.inesem.es\/revistadigital\/gestion-empresarial\/#\/schema\/person\/image\/","url":"https:\/\/secure.gravatar.com\/avatar\/f4efa1ed05855ba7f099a524e1833d11?s=96&d=mm&r=g","contentUrl":"https:\/\/secure.gravatar.com\/avatar\/f4efa1ed05855ba7f099a524e1833d11?s=96&d=mm&r=g","caption":"eloisa.gonzalez"},"url":"https:\/\/www.inesem.es\/revistadigital\/gestion-empresarial\/autores\/eloisa-gonzalez"}]}},"autor_name":{"name":"eloisa.gonzalez"},"featured_image":{"attachment_meta":{"width":1301,"height":703,"file":"2026\/03\/la-velada-del-ano-ibai.png","filesize":1642132,"sizes":{"medium":{"file":"la-velada-del-ano-ibai-175x175.png","width":175,"height":175,"filesize":67982,"mime_type":"image\/png","url":"https:\/\/www.inesem.es\/revistadigital\/gestion-empresarial\/files\/2026\/03\/la-velada-del-ano-ibai-175x175.png"},"large":{"file":"la-velada-del-ano-ibai-1020x551.png","width":1020,"height":551,"filesize":884439,"mime_type":"image\/png","url":"https:\/\/www.inesem.es\/revistadigital\/gestion-empresarial\/files\/2026\/03\/la-velada-del-ano-ibai-1020x551.png"},"thumbnail":{"file":"la-velada-del-ano-ibai-345x180.png","width":345,"height":180,"filesize":124930,"mime_type":"image\/png","url":"https:\/\/www.inesem.es\/revistadigital\/gestion-empresarial\/files\/2026\/03\/la-velada-del-ano-ibai-345x180.png"},"medium_large":{"file":"la-velada-del-ano-ibai-768x415.png","width":768,"height":415,"filesize":539062,"mime_type":"image\/png","url":"https:\/\/www.inesem.es\/revistadigital\/gestion-empresarial\/files\/2026\/03\/la-velada-del-ano-ibai-768x415.png"},"thumb-small":{"file":"la-velada-del-ano-ibai-80x80.png","width":80,"height":80,"filesize":16243,"mime_type":"image\/png","url":"https:\/\/www.inesem.es\/revistadigital\/gestion-empresarial\/files\/2026\/03\/la-velada-del-ano-ibai-80x80.png"},"thumb-standard":{"file":"la-velada-del-ano-ibai-320x320.png","width":320,"height":320,"filesize":202044,"mime_type":"image\/png","url":"https:\/\/www.inesem.es\/revistadigital\/gestion-empresarial\/files\/2026\/03\/la-velada-del-ano-ibai-320x320.png"},"thumb-medium":{"file":"la-velada-del-ano-ibai-520x245.png","width":520,"height":245,"filesize":233957,"mime_type":"image\/png","url":"https:\/\/www.inesem.es\/revistadigital\/gestion-empresarial\/files\/2026\/03\/la-velada-del-ano-ibai-520x245.png"},"thumb-large":{"file":"la-velada-del-ano-ibai-720x340.png","width":720,"height":340,"filesize":415645,"mime_type":"image\/png","url":"https:\/\/www.inesem.es\/revistadigital\/gestion-empresarial\/files\/2026\/03\/la-velada-del-ano-ibai-720x340.png"},"thumb-anteriores":{"file":"la-velada-del-ano-ibai-230x163.png","width":230,"height":163,"filesize":80885,"mime_type":"image\/png","url":"https:\/\/www.inesem.es\/revistadigital\/gestion-empresarial\/files\/2026\/03\/la-velada-del-ano-ibai-230x163.png"},"thumb-inverso":{"file":"la-velada-del-ano-ibai-369x261.png","width":369,"height":261,"filesize":188970,"mime_type":"image\/png","url":"https:\/\/www.inesem.es\/revistadigital\/gestion-empresarial\/files\/2026\/03\/la-velada-del-ano-ibai-369x261.png"},"thumb-cercano":{"file":"la-velada-del-ano-ibai-650x200.png","width":650,"height":200,"filesize":218357,"mime_type":"image\/png","url":"https:\/\/www.inesem.es\/revistadigital\/gestion-empresarial\/files\/2026\/03\/la-velada-del-ano-ibai-650x200.png"},"thumb-slider":{"file":"la-velada-del-ano-ibai-574x430.png","width":574,"height":430,"filesize":436601,"mime_type":"image\/png","url":"https:\/\/www.inesem.es\/revistadigital\/gestion-empresarial\/files\/2026\/03\/la-velada-del-ano-ibai-574x430.png"},"thumb-busqueda":{"file":"la-velada-del-ano-ibai-580x375.png","width":580,"height":375,"filesize":391512,"mime_type":"image\/png","url":"https:\/\/www.inesem.es\/revistadigital\/gestion-empresarial\/files\/2026\/03\/la-velada-del-ano-ibai-580x375.png"},"thumb-formacion-continua":{"file":"la-velada-del-ano-ibai-440x336.png","width":440,"height":336,"filesize":278505,"mime_type":"image\/png","url":"https:\/\/www.inesem.es\/revistadigital\/gestion-empresarial\/files\/2026\/03\/la-velada-del-ano-ibai-440x336.png"},"thumb-xlarge":{"file":"la-velada-del-ano-ibai-980x450.png","width":980,"height":450,"filesize":688040,"mime_type":"image\/png","url":"https:\/\/www.inesem.es\/revistadigital\/gestion-empresarial\/files\/2026\/03\/la-velada-del-ano-ibai-980x450.png"},"thumb-xxlarge":{"file":"la-velada-del-ano-ibai-1301x500.png","width":1301,"height":500,"filesize":968610,"mime_type":"image\/png","url":"https:\/\/www.inesem.es\/revistadigital\/gestion-empresarial\/files\/2026\/03\/la-velada-del-ano-ibai-1301x500.png"}},"image_meta":{"aperture":"0","credit":"","camera":"","caption":"","created_timestamp":"0","copyright":"","focal_length":"0","iso":"0","shutter_speed":"0","title":"","orientation":"0","keywords":[]}}},"_links":{"self":[{"href":"https:\/\/www.inesem.es\/revistadigital\/gestion-empresarial\/wp-json\/wp\/v2\/posts\/14628"}],"collection":[{"href":"https:\/\/www.inesem.es\/revistadigital\/gestion-empresarial\/wp-json\/wp\/v2\/posts"}],"about":[{"href":"https:\/\/www.inesem.es\/revistadigital\/gestion-empresarial\/wp-json\/wp\/v2\/types\/post"}],"author":[{"embeddable":true,"href":"https:\/\/www.inesem.es\/revistadigital\/gestion-empresarial\/wp-json\/wp\/v2\/users\/92027"}],"replies":[{"embeddable":true,"href":"https:\/\/www.inesem.es\/revistadigital\/gestion-empresarial\/wp-json\/wp\/v2\/comments?post=14628"}],"version-history":[{"count":0,"href":"https:\/\/www.inesem.es\/revistadigital\/gestion-empresarial\/wp-json\/wp\/v2\/posts\/14628\/revisions"}],"wp:featuredmedia":[{"embeddable":true,"href":"https:\/\/www.inesem.es\/revistadigital\/gestion-empresarial\/wp-json\/wp\/v2\/media\/14630"}],"wp:attachment":[{"href":"https:\/\/www.inesem.es\/revistadigital\/gestion-empresarial\/wp-json\/wp\/v2\/media?parent=14628"}],"wp:term":[{"taxonomy":"category","embeddable":true,"href":"https:\/\/www.inesem.es\/revistadigital\/gestion-empresarial\/wp-json\/wp\/v2\/categories?post=14628"}],"curies":[{"name":"wp","href":"https:\/\/api.w.org\/{rel}","templated":true}]}}