{"id":14687,"date":"2026-04-28T11:03:28","date_gmt":"2026-04-28T09:03:28","guid":{"rendered":"https:\/\/www.inesem.es\/revistadigital\/gestion-empresarial\/?p=14687"},"modified":"2026-04-28T15:14:13","modified_gmt":"2026-04-28T13:14:13","slug":"calendario-eventos-de-marketing","status":"publish","type":"post","link":"https:\/\/www.inesem.es\/revistadigital\/gestion-empresarial\/calendario-eventos-de-marketing","title":{"rendered":"Calendario de eventos de marketing en Espa\u00f1a para 2026"},"content":{"rendered":"<p>Si est\u00e1s dentro del sector del marketing o te interesa, sabes perfectamente que el sector no para. Cada a\u00f1o llega una nueva hornada de congresos, ferias y encuentros donde se mezclan tendencias, <b>networking<\/b> y, seamos sinceros tambi\u00e9n muchas ganas de salir de la oficina un par de d\u00edas. Todo esto son oportunidades perfectas para conocer gente del sector, abrir la mente, conocer nuevas herramientas y nuevos procesos, el problema no es encontrar <b>eventos de marketing en Espa\u00f1a,<\/b> es saber cu\u00e1les merecen tu tiempo.<\/p>\n<p>En este art\u00edculo hemos recopilado todas las citas importantes del a\u00f1o, organizadas mes a mes, con fechas exactas, ubicaciones y a qui\u00e9n le interesa cada una. Sin postureo ni listas infladas: solo lo que necesitas para planificar tu agenda de <b>eventos de marketing digital 2026<\/b> con cabeza y sin llevarte sorpresas.<\/p>\n<div id=\"ez-toc-container\" class=\"ez-toc-v2_0_72 counter-hierarchy ez-toc-counter ez-toc-grey ez-toc-container-direction\">\n<div class=\"ez-toc-title-container\">\n<p class=\"ez-toc-title\" style=\"cursor:inherit\">Table of Contents<\/p>\n<span class=\"ez-toc-title-toggle\"><a href=\"#\" class=\"ez-toc-pull-right ez-toc-btn ez-toc-btn-xs ez-toc-btn-default ez-toc-toggle\" aria-label=\"Toggle Table of Content\"><span class=\"ez-toc-js-icon-con\"><span class=\"\"><span class=\"eztoc-hide\" style=\"display:none;\">Toggle<\/span><span class=\"ez-toc-icon-toggle-span\"><svg style=\"fill: #999;color:#999\" xmlns=\"http:\/\/www.w3.org\/2000\/svg\" class=\"list-377408\" width=\"20px\" height=\"20px\" viewBox=\"0 0 24 24\" fill=\"none\"><path d=\"M6 6H4v2h2V6zm14 0H8v2h12V6zM4 11h2v2H4v-2zm16 0H8v2h12v-2zM4 16h2v2H4v-2zm16 0H8v2h12v-2z\" fill=\"currentColor\"><\/path><\/svg><svg style=\"fill: #999;color:#999\" class=\"arrow-unsorted-368013\" xmlns=\"http:\/\/www.w3.org\/2000\/svg\" width=\"10px\" height=\"10px\" viewBox=\"0 0 24 24\" version=\"1.2\" baseProfile=\"tiny\"><path d=\"M18.2 9.3l-6.2-6.3-6.2 6.3c-.2.2-.3.4-.3.7s.1.5.3.7c.2.2.4.3.7.3h11c.3 0 .5-.1.7-.3.2-.2.3-.5.3-.7s-.1-.5-.3-.7zM5.8 14.7l6.2 6.3 6.2-6.3c.2-.2.3-.5.3-.7s-.1-.5-.3-.7c-.2-.2-.4-.3-.7-.3h-11c-.3 0-.5.1-.7.3-.2.2-.3.5-.3.7s.1.5.3.7z\"\/><\/svg><\/span><\/span><\/span><\/a><\/span><\/div>\n<nav><ul class='ez-toc-list ez-toc-list-level-1 ' ><li class='ez-toc-page-1 ez-toc-heading-level-2'><a class=\"ez-toc-link ez-toc-heading-1\" href=\"https:\/\/www.inesem.es\/revistadigital\/gestion-empresarial\/calendario-eventos-de-marketing\/#%C2%BFPor_que_asistir_a_eventos_de_marketing\" title=\"\u00bfPor qu\u00e9 asistir a eventos de marketing?\">\u00bfPor qu\u00e9 asistir a eventos de marketing?<\/a><\/li><li class='ez-toc-page-1 ez-toc-heading-level-2'><a class=\"ez-toc-link ez-toc-heading-2\" href=\"https:\/\/www.inesem.es\/revistadigital\/gestion-empresarial\/calendario-eventos-de-marketing\/#Calendario_de_eventos_de_marketing_digital_en_Espana_2026\" title=\"Calendario de eventos de marketing digital en Espa\u00f1a 2026\">Calendario de eventos de marketing digital en Espa\u00f1a 2026<\/a><ul class='ez-toc-list-level-3' ><li class='ez-toc-heading-level-3'><a class=\"ez-toc-link ez-toc-heading-3\" href=\"https:\/\/www.inesem.es\/revistadigital\/gestion-empresarial\/calendario-eventos-de-marketing\/#Enero\" title=\"Enero\">Enero<\/a><\/li><li class='ez-toc-page-1 ez-toc-heading-level-3'><a class=\"ez-toc-link ez-toc-heading-4\" href=\"https:\/\/www.inesem.es\/revistadigital\/gestion-empresarial\/calendario-eventos-de-marketing\/#Febrero\" title=\"Febrero\">Febrero<\/a><\/li><li class='ez-toc-page-1 ez-toc-heading-level-3'><a class=\"ez-toc-link ez-toc-heading-5\" href=\"https:\/\/www.inesem.es\/revistadigital\/gestion-empresarial\/calendario-eventos-de-marketing\/#Marzo\" title=\"Marzo\">Marzo<\/a><\/li><li class='ez-toc-page-1 ez-toc-heading-level-3'><a class=\"ez-toc-link ez-toc-heading-6\" href=\"https:\/\/www.inesem.es\/revistadigital\/gestion-empresarial\/calendario-eventos-de-marketing\/#Abril\" title=\"Abril\">Abril<\/a><\/li><li class='ez-toc-page-1 ez-toc-heading-level-3'><a class=\"ez-toc-link ez-toc-heading-7\" href=\"https:\/\/www.inesem.es\/revistadigital\/gestion-empresarial\/calendario-eventos-de-marketing\/#Mayo\" title=\"Mayo\">Mayo<\/a><\/li><li class='ez-toc-page-1 ez-toc-heading-level-3'><a class=\"ez-toc-link ez-toc-heading-8\" href=\"https:\/\/www.inesem.es\/revistadigital\/gestion-empresarial\/calendario-eventos-de-marketing\/#Junio\" title=\"Junio\">Junio<\/a><\/li><li class='ez-toc-page-1 ez-toc-heading-level-3'><a class=\"ez-toc-link ez-toc-heading-9\" href=\"https:\/\/www.inesem.es\/revistadigital\/gestion-empresarial\/calendario-eventos-de-marketing\/#Julio_y_Agosto\" title=\"Julio y Agosto\">Julio y Agosto<\/a><\/li><li class='ez-toc-page-1 ez-toc-heading-level-3'><a class=\"ez-toc-link ez-toc-heading-10\" href=\"https:\/\/www.inesem.es\/revistadigital\/gestion-empresarial\/calendario-eventos-de-marketing\/#Septiembre\" title=\"Septiembre\">Septiembre<\/a><\/li><li class='ez-toc-page-1 ez-toc-heading-level-3'><a class=\"ez-toc-link ez-toc-heading-11\" href=\"https:\/\/www.inesem.es\/revistadigital\/gestion-empresarial\/calendario-eventos-de-marketing\/#Octubre\" title=\"Octubre\">Octubre<\/a><\/li><li class='ez-toc-page-1 ez-toc-heading-level-3'><a class=\"ez-toc-link ez-toc-heading-12\" href=\"https:\/\/www.inesem.es\/revistadigital\/gestion-empresarial\/calendario-eventos-de-marketing\/#Noviembre\" title=\"Noviembre\">Noviembre<\/a><\/li><li class='ez-toc-page-1 ez-toc-heading-level-3'><a class=\"ez-toc-link ez-toc-heading-13\" href=\"https:\/\/www.inesem.es\/revistadigital\/gestion-empresarial\/calendario-eventos-de-marketing\/#Diciembre\" title=\"Diciembre\">Diciembre<\/a><\/li><\/ul><\/li><li class='ez-toc-page-1 ez-toc-heading-level-2'><a class=\"ez-toc-link ez-toc-heading-14\" href=\"https:\/\/www.inesem.es\/revistadigital\/gestion-empresarial\/calendario-eventos-de-marketing\/#Mapa_de_los_principales_eventos_de_marketing_digital_en_Espana\" title=\"Mapa de los principales eventos de marketing digital en Espa\u00f1a\">Mapa de los principales eventos de marketing digital en Espa\u00f1a<\/a><\/li><li class='ez-toc-page-1 ez-toc-heading-level-2'><a class=\"ez-toc-link ez-toc-heading-15\" href=\"https:\/\/www.inesem.es\/revistadigital\/gestion-empresarial\/calendario-eventos-de-marketing\/#Eventos_de_marketing_online_sin_fecha_confirmada_para_2026\" title=\"Eventos de marketing online sin fecha confirmada para 2026\">Eventos de marketing online sin fecha confirmada para 2026<\/a><\/li><li class='ez-toc-page-1 ez-toc-heading-level-2'><a class=\"ez-toc-link ez-toc-heading-16\" href=\"https:\/\/www.inesem.es\/revistadigital\/gestion-empresarial\/calendario-eventos-de-marketing\/#Sigue_formandote\" title=\"Sigue form\u00e1ndote\">Sigue form\u00e1ndote<\/a><\/li><\/ul><\/nav><\/div>\n<h2><span class=\"ez-toc-section\" id=\"%C2%BFPor_que_asistir_a_eventos_de_marketing\"><\/span>\u00bfPor qu\u00e9 asistir a eventos de marketing?<span class=\"ez-toc-section-end\"><\/span><\/h2>\n<p>Hay una pregunta que te haces cada a\u00f1o cuando llega la factura de una entrada: \u00bfrealmente merece la pena? La respuesta honesta es que depende. Depende del evento, de tus objetivos y de con qui\u00e9n vayas a coincidir. Pero ninguna newsletter, ning\u00fan podcast ni ning\u00fan hilo de LinkedIn te va a dar lo que te da estar en una sala con 500 personas que comparten exactamente tus mismos problemas.<\/p>\n<p>El <b>networking presencial<\/b> sigue siendo la forma m\u00e1s efectiva de cerrar acuerdos que por email tardar\u00edan meses. Escuchar a un experto en directo \u2014con la posibilidad de preguntarle despu\u00e9s en el pasillo\u2014 tiene un valor formativo que el v\u00eddeo grabado no puede replicar. Y si buscas actualizaci\u00f3n real en <b>marketing digital<\/b>, inteligencia artificial aplicada o estrategia de contenidos, los eventos son un atajo que vale la pena explorar. Eso s\u00ed: los mejores contactos de cualquier evento se hacen en el caf\u00e9 de antes, no en el cocktail de despu\u00e9s.<\/p>\n<div style=\"background: #192b5d;border-left: 8px solid #54c9d6;padding: 25px 35px;position: relative;overflow: hidden;border-radius: 20px;width: 100%;max-width: 900px;margin: 20px auto;flex-direction: column;justify-content: center\">\n<div style=\"position: absolute;top: 0;left: 0;right: 0;height: 3px;background: linear-gradient(90deg, #192b5d, #54c9d6, #f6f6f6)\"><\/div>\n<div style=\"width: 100%\">\n<p style=\"font-family: 'Lato', sans-serif;font-size: 10px;font-weight: bold;letter-spacing: 0.25em;text-transform: uppercase;color: #54c9d6;margin: 0 0 8px 0;padding: 0\">Business &amp; Digital Strategy<\/p>\n<p style=\"font-family: 'Georgia', serif;font-size: 1.4rem;font-weight: bold;color: #f6f6f6;line-height: 1.2;margin: 0 0 12px 0;padding: 0\">Curso de Marketing de Influencers<\/p>\n<p style=\"font-family: 'Lato', sans-serif;font-size: 15px;line-height: 1.5;color: #f6f6f6;margin: 0 0 20px 0;padding: 0;max-width: 800px\"><b>Deja de enviar productos gratis y empieza a generar ROI.<\/b> Aprende a detectar <i>fake followers<\/i>, negociar contratos que protejan tu marca y dise\u00f1ar campa\u00f1as que no parezcan publicidad. De micro-influencers a grandes creadores: domina el arte de volver tu marca viral.<\/p>\n<\/div>\n<div style=\"justify-content: flex-start\"><a style=\"text-align: center;background-color: #54c9d6;color: #192b5d;font-family: 'Lato', sans-serif;font-size: 12px;font-weight: 800;padding: 14px 30px;text-decoration: none;letter-spacing: 0.08em;text-transform: uppercase;border-radius: 50px;line-height: 1\" href=\"https:\/\/www.inesem.es\/Curso-Marketing-Influencer\" target=\"_blank\" rel=\"noopener\">Ver programa completo \u2192<\/a><\/div>\n<div style=\"position: absolute;bottom: -20px;right: -20px;width: 100px;height: 100px;border-radius: 50%;background: #54c9d6\"><\/div>\n<\/div>\n<h2><span class=\"ez-toc-section\" id=\"Calendario_de_eventos_de_marketing_digital_en_Espana_2026\"><\/span>Calendario de eventos de marketing digital en Espa\u00f1a 2026<span class=\"ez-toc-section-end\"><\/span><\/h2>\n<p>A continuaci\u00f3n tienes todos los <b>eventos de marketing digital 2026<\/b> organizados mes a mes. Para cada evento encontrar\u00e1s las fechas, la ciudad, el perfil al que va dirigido y lo que realmente te llevas si asistes. Los eventos marcados con &#x2b50; son los que consideramos imprescindibles de cada mes.<\/p>\n<h3><span class=\"ez-toc-section\" id=\"Enero\"><\/span>Enero<span class=\"ez-toc-section-end\"><\/span><\/h3>\n<p>El a\u00f1o arranca con energ\u00eda. Madrid y Zaragoza abren el calendario con citas muy distintas entre s\u00ed, pero igual de relevantes para perfiles digitales que quieren empezar 2026 actualizados y con la agenda llena.<\/p>\n<table style=\"width: 100%;border-collapse: collapse;font-family: sans-serif;font-size: 14px;line-height: 1.5\">\n<thead>\n<tr style=\"background-color: #192b5d;color: #ffffff\">\n<th style=\"padding: 10px 14px;text-align: left;font-weight: 600;font-size: 13px;width: 16%\">Fechas<\/th>\n<th style=\"padding: 10px 14px;text-align: left;font-weight: 600;font-size: 13px;width: 26%\">Evento<\/th>\n<th style=\"padding: 10px 14px;text-align: left;font-weight: 600;font-size: 13px;width: 16%\">Ciudad<\/th>\n<th style=\"padding: 10px 14px;text-align: left;font-weight: 600;font-size: 13px\">Para qui\u00e9n es y qu\u00e9 te llevas<\/th>\n<\/tr>\n<\/thead>\n<tbody>\n<tr style=\"border-bottom: 1px solid #e0e8f0;background-color: #ffffff\">\n<td style=\"padding: 10px 14px;font-weight: bold;color: #54c9d6;vertical-align: top\">13\u201315 ene<\/td>\n<td style=\"padding: 10px 14px;font-weight: 600;color: #192b5d;vertical-align: top\">C!print Madrid<\/td>\n<td style=\"padding: 10px 14px;color: #444444;vertical-align: top\">Madrid \u00b7 IFEMA<\/td>\n<td style=\"padding: 10px 14px;color: #444444;vertical-align: top\">Sal\u00f3n l\u00edder de impresi\u00f3n, comunicaci\u00f3n visual y personalizaci\u00f3n de marca en Espa\u00f1a. Ideal si tu trabajo toca <b>branding f\u00edsico<\/b>, merchandising o producci\u00f3n creativa. Tres d\u00edas de expositores y tendencias en materiales.<\/td>\n<\/tr>\n<tr style=\"border-bottom: 1px solid #e0e8f0;background-color: #f0f8fb\">\n<td style=\"padding: 10px 14px;font-weight: bold;color: #54c9d6;vertical-align: top\">23\u201324 ene<\/td>\n<td style=\"padding: 10px 14px;font-weight: 600;color: #192b5d;vertical-align: top\">WordCamp Zaragoza 2026<\/td>\n<td style=\"padding: 10px 14px;color: #444444;vertical-align: top\">Zaragoza \u00b7 ETOPIA<\/td>\n<td style=\"padding: 10px 14px;color: #444444;vertical-align: top\">Encuentro de la comunidad WordPress m\u00e1s activa del pa\u00eds. Perfecto para desarrolladores, creadores de contenido y especialistas en <b>SEO<\/b> que quieren entender c\u00f3mo la IA est\u00e1 cambiando la forma de trabajar con WordPress.<\/td>\n<\/tr>\n<tr style=\"border-bottom: 1px solid #e0e8f0;background-color: #ffffff\">\n<td style=\"padding: 10px 14px;font-weight: bold;color: #54c9d6;vertical-align: top\">29\u201331 ene<\/td>\n<td style=\"padding: 10px 14px;font-weight: 600;color: #192b5d;vertical-align: top\">NEXTT 2026 &#x2b50;<\/td>\n<td style=\"padding: 10px 14px;color: #444444;vertical-align: top\">Madrid \u00b7 IFEMA Norte<\/td>\n<td style=\"padding: 10px 14px;color: #444444;vertical-align: top\">El evento formativo m\u00e1s potente del inicio de a\u00f1o. Tres d\u00edas con Ana Ivars, Emilio Dur\u00f3 o Montse Tom\u00e9 hablando de <b>marketing digital y ventas<\/b>. Entradas desde 89\u20ac. Si quieres escalar tu negocio online en 2026, es el mejor arranque posible.<\/td>\n<\/tr>\n<\/tbody>\n<tfoot>\n<tr style=\"background-color: #54c9d6\">\n<td style=\"padding: 8px 14px;font-size: 12px;color: #083040;font-style: italic\" colspan=\"4\">&#x2b50; Destaca NEXTT por volumen de contenido pr\u00e1ctico y perfil de ponentes.<\/td>\n<\/tr>\n<\/tfoot>\n<\/table>\n<h3><\/h3>\n<h3><span class=\"ez-toc-section\" id=\"Febrero\"><\/span>Febrero<span class=\"ez-toc-section-end\"><\/span><\/h3>\n<p>Febrero trae tres eventos muy distintos entre s\u00ed: un congreso regional que sorprende cada edici\u00f3n, un retiro exclusivo para directivos de ecommerce y un encuentro de comunidad con mucho foco pr\u00e1ctico y sin corbatas. Para gustos, colores.<\/p>\n<table style=\"width: 100%;border-collapse: collapse;font-family: sans-serif;font-size: 14px;line-height: 1.5\">\n<thead>\n<tr style=\"background-color: #192b5d;color: #ffffff\">\n<th style=\"padding: 10px 14px;text-align: left;font-weight: 600;font-size: 13px;width: 16%\">Fechas<\/th>\n<th style=\"padding: 10px 14px;text-align: left;font-weight: 600;font-size: 13px;width: 26%\">Evento<\/th>\n<th style=\"padding: 10px 14px;text-align: left;font-weight: 600;font-size: 13px;width: 16%\">Ciudad<\/th>\n<th style=\"padding: 10px 14px;text-align: left;font-weight: 600;font-size: 13px\">Para qui\u00e9n es y qu\u00e9 te llevas<\/th>\n<\/tr>\n<\/thead>\n<tbody>\n<tr style=\"border-bottom: 1px solid #e0e8f0;background-color: #ffffff\">\n<td style=\"padding: 10px 14px;font-weight: bold;color: #54c9d6;vertical-align: top\">6 feb<\/td>\n<td style=\"padding: 10px 14px;font-weight: 600;color: #192b5d;vertical-align: top\">CEMD 2026 &#x2b50;<\/td>\n<td style=\"padding: 10px 14px;color: #444444;vertical-align: top\">Badajoz \u00b7 Ibercaja<\/td>\n<td style=\"padding: 10px 14px;color: #444444;vertical-align: top\">9\u00aa edici\u00f3n del Congreso Extreme\u00f1o de Marketing Digital. Foco en <b>IA generativa<\/b>, automatizaciones y contenido audiovisual. Ponencias pr\u00e1cticas, talleres hands-on y los IV Premios CEMD. Un evento regional que compite de t\u00fa a t\u00fa con los grandes nacionales.<\/td>\n<\/tr>\n<tr style=\"border-bottom: 1px solid #e0e8f0;background-color: #f0f8fb\">\n<td style=\"padding: 10px 14px;font-weight: bold;color: #54c9d6;vertical-align: top\">26\u201327 feb<\/td>\n<td style=\"padding: 10px 14px;font-weight: 600;color: #192b5d;vertical-align: top\">Ecommerce4Ecommerce 2026<\/td>\n<td style=\"padding: 10px 14px;color: #444444;vertical-align: top\">Segovia \u00b7 Euroforum<\/td>\n<td style=\"padding: 10px 14px;color: #444444;vertical-align: top\">Retiro exclusivo para <b>CEOs y Directores de eCommerce<\/b> con facturaci\u00f3n superior a 1M\u20ac. Sin ponencias magistrales ni agencias vendiendo. Solo mesas peer-to-peer con datos reales sobre rentabilidad, log\u00edstica y fidelizaci\u00f3n. El evento m\u00e1s honesto del a\u00f1o.<\/td>\n<\/tr>\n<tr style=\"border-bottom: 1px solid #e0e8f0;background-color: #ffffff\">\n<td style=\"padding: 10px 14px;font-weight: bold;color: #54c9d6;vertical-align: top\">28 feb<\/td>\n<td style=\"padding: 10px 14px;font-weight: 600;color: #192b5d;vertical-align: top\">ChorriEvento 2026<\/td>\n<td style=\"padding: 10px 14px;color: #444444;vertical-align: top\">Santiago de Compostela \u00b7 Afundaci\u00f3n<\/td>\n<td style=\"padding: 10px 14px;color: #444444;vertical-align: top\">El evento anual de ChorriClub: YouTube, automatizaciones con n8n, Ads y <b>SEO<\/b> desde la trinchera. Termina con Beerworking, donde se hace la mitad del networking del d\u00eda. Para los que prefieren la comunidad al escaparate.<\/td>\n<\/tr>\n<\/tbody>\n<tfoot>\n<tr style=\"background-color: #54c9d6\">\n<td style=\"padding: 8px 14px;font-size: 12px;color: #083040;font-style: italic\" colspan=\"4\">&#x2b50; El CEMD sorprende cada a\u00f1o por la calidad de sus ponentes para ser un congreso regional. Vale m\u00e1s de lo que parece.<\/td>\n<\/tr>\n<\/tfoot>\n<\/table>\n<h3><\/h3>\n<h3><span class=\"ez-toc-section\" id=\"Marzo\"><\/span>Marzo<span class=\"ez-toc-section-end\"><\/span><\/h3>\n<p>Marzo es el mes m\u00e1s cargado del primer trimestre con cinco eventos en cuatro ciudades distintas. Cubre desde branding estrat\u00e9gico hasta networking B2B de alto nivel. Si tienes que elegir uno, el FOA y el Digital 1to1 son los que m\u00e1s conversaciones generan en el sector.<\/p>\n<table style=\"width: 100%;border-collapse: collapse;font-family: sans-serif;font-size: 14px;line-height: 1.5\">\n<thead>\n<tr style=\"background-color: #192b5d;color: #ffffff\">\n<th style=\"padding: 10px 14px;text-align: left;font-weight: 600;font-size: 13px;width: 16%\">Fechas<\/th>\n<th style=\"padding: 10px 14px;text-align: left;font-weight: 600;font-size: 13px;width: 26%\">Evento<\/th>\n<th style=\"padding: 10px 14px;text-align: left;font-weight: 600;font-size: 13px;width: 16%\">Ciudad<\/th>\n<th style=\"padding: 10px 14px;text-align: left;font-weight: 600;font-size: 13px\">Para qui\u00e9n es y qu\u00e9 te llevas<\/th>\n<\/tr>\n<\/thead>\n<tbody>\n<tr style=\"border-bottom: 1px solid #e0e8f0;background-color: #ffffff\">\n<td style=\"padding: 10px 14px;font-weight: bold;color: #54c9d6;vertical-align: top\">3 mar<\/td>\n<td style=\"padding: 10px 14px;font-weight: 600;color: #192b5d;vertical-align: top\">Branding Day<\/td>\n<td style=\"padding: 10px 14px;color: #444444;vertical-align: top\">Madrid \u00b7 CaixaForum<\/td>\n<td style=\"padding: 10px 14px;color: #444444;vertical-align: top\">Ponencias centradas en <b>branding estrat\u00e9gico<\/b> m\u00e1s all\u00e1 del logotipo: identidad visual, arquitectura de marca y percepci\u00f3n de valor. Corto, denso y directo. Ideal para directores de marketing y creativos.<\/td>\n<\/tr>\n<tr style=\"border-bottom: 1px solid #e0e8f0;background-color: #f0f8fb\">\n<td style=\"padding: 10px 14px;font-weight: bold;color: #54c9d6;vertical-align: top\">7 mar<\/td>\n<td style=\"padding: 10px 14px;font-weight: 600;color: #192b5d;vertical-align: top\">ENAE Digital Meeting 2026<\/td>\n<td style=\"padding: 10px 14px;color: #444444;vertical-align: top\">Murcia \u00b7 Campus ENAE<\/td>\n<td style=\"padding: 10px 14px;color: #444444;vertical-align: top\">Congreso sobre negocio digital con foco en <b>IA aplicada al marketing<\/b>, SEO y anal\u00edtica de datos. Generalmente gratuito. La mejor relaci\u00f3n calidad-precio del a\u00f1o para profesionales del levante espa\u00f1ol.<\/td>\n<\/tr>\n<tr style=\"border-bottom: 1px solid #e0e8f0;background-color: #ffffff\">\n<td style=\"padding: 10px 14px;font-weight: bold;color: #54c9d6;vertical-align: top\">10 mar<\/td>\n<td style=\"padding: 10px 14px;font-weight: 600;color: #192b5d;vertical-align: top\">FOA Madrid (Future of Advertising) &#x2b50;<\/td>\n<td style=\"padding: 10px 14px;color: #444444;vertical-align: top\">Madrid \u00b7 Espacio WAH, IFEMA<\/td>\n<td style=\"padding: 10px 14px;color: #444444;vertical-align: top\">El evento insignia de Marketing Directo integrado en el show WAH de IFEMA. CMOs de Coca-Cola, L&#8217;Or\u00e9al o Samsung hablan de <b>publicidad program\u00e1tica<\/b>, IA generativa y Retail Media en un ambiente mucho menos corporativo que la media. Imprescindible si trabajas en medios o agencias.<\/td>\n<\/tr>\n<tr style=\"border-bottom: 1px solid #e0e8f0;background-color: #f0f8fb\">\n<td style=\"padding: 10px 14px;font-weight: bold;color: #54c9d6;vertical-align: top\">12 mar<\/td>\n<td style=\"padding: 10px 14px;font-weight: 600;color: #192b5d;vertical-align: top\">Ecommerce Moment Barcelona<\/td>\n<td style=\"padding: 10px 14px;color: #444444;vertical-align: top\">Barcelona \u00b7 Reial Cercle Art\u00edstic<\/td>\n<td style=\"padding: 10px 14px;color: #444444;vertical-align: top\">Media jornada (9:30\u201315:00h) centrada en <b>Retail Media<\/b> e innovaci\u00f3n real. Mesas de debate con directivos de retail de moda, alimentaci\u00f3n y electr\u00f3nica. Cero humo. Cierra con cocktail de networking.<\/td>\n<\/tr>\n<tr style=\"border-bottom: 1px solid #e0e8f0;background-color: #ffffff\">\n<td style=\"padding: 10px 14px;font-weight: bold;color: #54c9d6;vertical-align: top\">17\u201318 mar<\/td>\n<td style=\"padding: 10px 14px;font-weight: 600;color: #192b5d;vertical-align: top\">Digital 1to1 Spain Special Edition<\/td>\n<td style=\"padding: 10px 14px;color: #444444;vertical-align: top\">Madrid \u00b7 Marriott Auditorium<\/td>\n<td style=\"padding: 10px 14px;color: #444444;vertical-align: top\">Reuniones B2B 1to1 pre-agendadas de 20 minutos entre marcas y proveedores digitales. Dos d\u00edas pensados para directivos que quieren cerrar conversaciones concretas sin perder el tiempo. El formato m\u00e1s eficiente del a\u00f1o para hacer networking de calidad.<\/td>\n<\/tr>\n<\/tbody>\n<tfoot>\n<tr style=\"background-color: #54c9d6\">\n<td style=\"padding: 8px 14px;font-size: 12px;color: #083040;font-style: italic\" colspan=\"4\">&#x2b50; El FOA es el evento de marzo m\u00e1s mencionado en el sector. Si solo puedes ir a uno este mes, que sea ese.<\/td>\n<\/tr>\n<\/tfoot>\n<\/table>\n<h3><\/h3>\n<h3><span class=\"ez-toc-section\" id=\"Abril\"><\/span>Abril<span class=\"ez-toc-section-end\"><\/span><\/h3>\n<p>Abril llega con dos citas que comparten objetivo: mejorar c\u00f3mo captas tr\u00e1fico y c\u00f3mo conviertes. Si el coste por adquisici\u00f3n o el email marketing forman parte de tu d\u00eda a d\u00eda, este mes tiene algo muy concreto para ti.<\/p>\n<table style=\"width: 100%;border-collapse: collapse;font-family: sans-serif;font-size: 14px;line-height: 1.5\">\n<thead>\n<tr style=\"background-color: #192b5d;color: #ffffff\">\n<th style=\"padding: 10px 14px;text-align: left;font-weight: 600;font-size: 13px;width: 16%\">Fechas<\/th>\n<th style=\"padding: 10px 14px;text-align: left;font-weight: 600;font-size: 13px;width: 26%\">Evento<\/th>\n<th style=\"padding: 10px 14px;text-align: left;font-weight: 600;font-size: 13px;width: 16%\">Ciudad<\/th>\n<th style=\"padding: 10px 14px;text-align: left;font-weight: 600;font-size: 13px\">Para qui\u00e9n es y qu\u00e9 te llevas<\/th>\n<\/tr>\n<\/thead>\n<tbody>\n<tr style=\"border-bottom: 1px solid #e0e8f0;background-color: #ffffff\">\n<td style=\"padding: 10px 14px;font-weight: bold;color: #54c9d6;vertical-align: top\">16\u201318 abr<\/td>\n<td style=\"padding: 10px 14px;font-weight: 600;color: #192b5d;vertical-align: top\">TRAFFFIC Digital Business Congress &#x2b50;<\/td>\n<td style=\"padding: 10px 14px;color: #444444;vertical-align: top\">Girona<\/td>\n<td style=\"padding: 10px 14px;color: #444444;vertical-align: top\">Tres d\u00edas para especialistas en <b>tr\u00e1fico de pago, SEO y conversi\u00f3n<\/b>. Ponencias muy t\u00e9cnicas, sin relleno y con fuerte ambiente de comunidad. Si tu d\u00eda a d\u00eda gira alrededor del CPA, los embudos o la optimizaci\u00f3n de campa\u00f1as, es el evento con mejor ROI del a\u00f1o.<\/td>\n<\/tr>\n<tr style=\"border-bottom: 1px solid #e0e8f0;background-color: #f0f8fb\">\n<td style=\"padding: 10px 14px;font-weight: bold;color: #54c9d6;vertical-align: top\">29 abr<\/td>\n<td style=\"padding: 10px 14px;font-weight: 600;color: #192b5d;vertical-align: top\">Mailchimp Connect Madrid<\/td>\n<td style=\"padding: 10px 14px;color: #444444;vertical-align: top\">Madrid \u00b7 Talent Garden<\/td>\n<td style=\"padding: 10px 14px;color: #444444;vertical-align: top\">Primer evento propio de Intuit Mailchimp en Espa\u00f1a. Casos reales de Sevilla FC, Centro Bot\u00edn y Prinsotel sobre <b>email marketing y automatizaci\u00f3n<\/b>. Novedades de producto de primera mano. Una tarde bien invertida si el email forma parte de tu stack.<\/td>\n<\/tr>\n<\/tbody>\n<tfoot>\n<tr style=\"background-color: #54c9d6\">\n<td style=\"padding: 8px 14px;font-size: 12px;color: #083040;font-style: italic\" colspan=\"4\">&#x2b50; TRAFFFIC es el evento m\u00e1s espec\u00edfico del a\u00f1o para perfiles t\u00e9cnicos de performance. Si eres SEO o SEM, es casi obligatorio.<\/td>\n<\/tr>\n<\/tfoot>\n<\/table>\n<h3><\/h3>\n<h3><span class=\"ez-toc-section\" id=\"Mayo\"><\/span>Mayo<span class=\"ez-toc-section-end\"><\/span><\/h3>\n<p>El mes m\u00e1s cargado del calendario. Hay para todos los perfiles: grandes ferias tecnol\u00f3gicas, congresos de performance, encuentros sobre conversi\u00f3n y un evento exclusivo para directivos del sector publicitario en M\u00e1laga. Es imposible estar en todo, as\u00ed que elige con cabeza y mira bien a qui\u00e9n asiste antes de comprar entrada. Mayo es tu mes si tienes una <a href=\"https:\/\/www.inesem.es\/revistadigital\/gestion-empresarial\/marketing-digital-para-pymes-claves-para-crecer-online\" target=\"_blank\" rel=\"noopener\">pyme que quiere crecer online<\/a>.<\/p>\n<table style=\"width: 100%;border-collapse: collapse;font-family: sans-serif;font-size: 14px;line-height: 1.5\">\n<thead>\n<tr style=\"background-color: #192b5d;color: #ffffff\">\n<th style=\"padding: 10px 14px;text-align: left;font-weight: 600;font-size: 13px;width: 16%\">Fechas<\/th>\n<th style=\"padding: 10px 14px;text-align: left;font-weight: 600;font-size: 13px;width: 26%\">Evento<\/th>\n<th style=\"padding: 10px 14px;text-align: left;font-weight: 600;font-size: 13px;width: 16%\">Ciudad<\/th>\n<th style=\"padding: 10px 14px;text-align: left;font-weight: 600;font-size: 13px\">Para qui\u00e9n es y qu\u00e9 te llevas<\/th>\n<\/tr>\n<\/thead>\n<tbody>\n<tr style=\"border-bottom: 1px solid #e0e8f0;background-color: #ffffff\">\n<td style=\"padding: 10px 14px;font-weight: bold;color: #54c9d6;vertical-align: top\">6\u20138 may<\/td>\n<td style=\"padding: 10px 14px;font-weight: 600;color: #192b5d;vertical-align: top\">Meta World Congress<\/td>\n<td style=\"padding: 10px 14px;color: #444444;vertical-align: top\">Madrid<\/td>\n<td style=\"padding: 10px 14px;color: #444444;vertical-align: top\">Tres d\u00edas sobre metaverso, web3 y nuevas tecnolog\u00edas digitales. HUAWEI, PlayStation y Meta entre los habituales. El evento CONECTADOS integrado aborda privacidad, cookies y <b>UX\/UI<\/b>. Para perfiles de innovaci\u00f3n y publicidad emergente.<\/td>\n<\/tr>\n<tr style=\"border-bottom: 1px solid #e0e8f0;background-color: #f0f8fb\">\n<td style=\"padding: 10px 14px;font-weight: bold;color: #54c9d6;vertical-align: top\">19 may<\/td>\n<td style=\"padding: 10px 14px;font-weight: 600;color: #192b5d;vertical-align: top\">The MarTech Summit Madrid<\/td>\n<td style=\"padding: 10px 14px;color: #444444;vertical-align: top\">Madrid<\/td>\n<td style=\"padding: 10px 14px;color: #444444;vertical-align: top\">Evento de alto nivel sobre <b>tecnolog\u00eda de marketing<\/b>: datos, automatizaci\u00f3n y martech stack. Para directivos que toman decisiones sobre herramientas y quieren optimizar sus procesos de captaci\u00f3n y fidelizaci\u00f3n con criterio t\u00e9cnico.<\/td>\n<\/tr>\n<tr style=\"border-bottom: 1px solid #e0e8f0;background-color: #ffffff\">\n<td style=\"padding: 10px 14px;font-weight: bold;color: #54c9d6;vertical-align: top\">21 may<\/td>\n<td style=\"padding: 10px 14px;font-weight: 600;color: #192b5d;vertical-align: top\">Marketing4eCommerce<\/p>\n<p>NEXT Conversion Barcelona &#x2b50;<\/td>\n<td style=\"padding: 10px 14px;color: #444444;vertical-align: top\">Barcelona<\/td>\n<td style=\"padding: 10px 14px;color: #444444;vertical-align: top\">El segundo evento NEXT del a\u00f1o, centrado en <b>conversi\u00f3n y negocio digital<\/b>: atribuci\u00f3n, fidelizaci\u00f3n, medios de pago y experiencia de usuario. Para ecommerce managers y directores de marketing que quieren mejorar sus tasas con datos reales, no con teor\u00eda.<\/td>\n<\/tr>\n<tr style=\"border-bottom: 1px solid #e0e8f0;background-color: #f0f8fb\">\n<td style=\"padding: 10px 14px;font-weight: bold;color: #54c9d6;vertical-align: top\">25\u201327 may<\/td>\n<td style=\"padding: 10px 14px;font-weight: 600;color: #192b5d;vertical-align: top\">Brand100 Spain<\/td>\n<td style=\"padding: 10px 14px;color: #444444;vertical-align: top\">Fuengirola \u00b7 Hotel Higuer\u00f3n<\/td>\n<td style=\"padding: 10px 14px;color: #444444;vertical-align: top\">Encuentro cerrado para altos ejecutivos del <b>mercado publicitario<\/b>. Tres d\u00edas en M\u00e1laga para conectar oferta y demanda del sector con conversaciones de fondo y plazas limitadas por dise\u00f1o. Si operas a nivel directivo en publicidad digital, vale la pena explorar inscripci\u00f3n con antelaci\u00f3n.<\/td>\n<\/tr>\n<\/tbody>\n<tfoot>\n<tr style=\"background-color: #54c9d6\">\n<td style=\"padding: 8px 14px;font-size: 12px;color: #083040;font-style: italic\" colspan=\"4\">&#x2b50; NEXT Conversion es el m\u00e1s recomendado para ecommerce managers. El MarTech Summit, para quienes deciden sobre herramientas.<\/td>\n<\/tr>\n<\/tfoot>\n<\/table>\n<h3><\/h3>\n<h3><span class=\"ez-toc-section\" id=\"Junio\"><\/span>Junio<span class=\"ez-toc-section-end\"><\/span><\/h3>\n<p>Junio huele a cierre de semestre. Los grandes eventos de ecommerce hacen balance, los premios del sector reconocen lo mejor del a\u00f1o y el sur de Espa\u00f1a acoge uno de los congresos m\u00e1s completos del calendario. Un buen mes para hacer inventario de todo lo aprendido en el primer semestre.<\/p>\n<table style=\"width: 100%;border-collapse: collapse;font-family: sans-serif;font-size: 14px;line-height: 1.5\">\n<thead>\n<tr style=\"background-color: #192b5d;color: #ffffff\">\n<th style=\"padding: 10px 14px;text-align: left;font-weight: 600;font-size: 13px;width: 16%\">Fechas<\/th>\n<th style=\"padding: 10px 14px;text-align: left;font-weight: 600;font-size: 13px;width: 26%\">Evento<\/th>\n<th style=\"padding: 10px 14px;text-align: left;font-weight: 600;font-size: 13px;width: 16%\">Ciudad<\/th>\n<th style=\"padding: 10px 14px;text-align: left;font-weight: 600;font-size: 13px\">Para qui\u00e9n es y qu\u00e9 te llevas<\/th>\n<\/tr>\n<\/thead>\n<tbody>\n<tr style=\"border-bottom: 1px solid #e0e8f0;background-color: #ffffff\">\n<td style=\"padding: 10px 14px;font-weight: bold;color: #54c9d6;vertical-align: top\">19 jun<\/td>\n<td style=\"padding: 10px 14px;font-weight: 600;color: #192b5d;vertical-align: top\">eCongress M\u00e1laga XIV edici\u00f3n &#x2b50;<\/td>\n<td style=\"padding: 10px 14px;color: #444444;vertical-align: top\">M\u00e1laga \u00b7 FYCMA<\/td>\n<td style=\"padding: 10px 14px;color: #444444;vertical-align: top\">Jornada completa 100% presencial en el Palacio de Ferias de M\u00e1laga. Grandes expertos del sector: <b>ecommerce, marketing digital<\/b> y redes sociales. Incluye talleres formativos y \u00e1rea de stands. El referente del sur de Espa\u00f1a para el sector digital.<\/td>\n<\/tr>\n<tr style=\"border-bottom: 1px solid #e0e8f0;background-color: #f0f8fb\">\n<td style=\"padding: 10px 14px;font-weight: bold;color: #54c9d6;vertical-align: top\">Jun \/ Jul<\/td>\n<td style=\"padding: 10px 14px;font-weight: 600;color: #192b5d;vertical-align: top\">Premios Nacionales de Marketing (AME)<\/td>\n<td style=\"padding: 10px 14px;color: #444444;vertical-align: top\">Madrid \u00b7 WAH Show, IFEMA<\/td>\n<td style=\"padding: 10px 14px;color: #444444;vertical-align: top\">Los premios de la Asociaci\u00f3n de Marketing de Espa\u00f1a, con nueva categor\u00eda para startups en 2026. El jurado eval\u00faa proceso completo: estrategia, ejecuci\u00f3n y resultados. La gala donde descubres qu\u00e9 estrategias de <b>marketing en Espa\u00f1a<\/b> han marcado la diferencia este a\u00f1o.<\/td>\n<\/tr>\n<\/tbody>\n<tfoot>\n<tr style=\"background-color: #54c9d6\">\n<td style=\"padding: 8px 14px;font-size: 12px;color: #083040;font-style: italic\" colspan=\"4\">&#x2b50; El eCongress M\u00e1laga es el evento de referencia del sur. Merece m\u00e1s atenci\u00f3n de la que habitualmente recibe fuera de Andaluc\u00eda.<\/td>\n<\/tr>\n<\/tfoot>\n<\/table>\n<h3><\/h3>\n<h3><span class=\"ez-toc-section\" id=\"Julio_y_Agosto\"><\/span>Julio y Agosto<span class=\"ez-toc-section-end\"><\/span><\/h3>\n<p>Los meses de verano son los m\u00e1s tranquilos del calendario de <b>eventos de marketing presenciales<\/b>. El sector descansa, y con raz\u00f3n: el Q4 viene con toda la artiller\u00eda. Aprovecha julio y agosto para planificar qu\u00e9 eventos del oto\u00f1o te interesan y comprar entradas early bird antes de que suban de precio.<\/p>\n<table style=\"width: 100%;border-collapse: collapse;font-family: sans-serif;font-size: 14px;line-height: 1.5\">\n<thead>\n<tr style=\"background-color: #192b5d;color: #ffffff\">\n<th style=\"padding: 10px 14px;text-align: left;font-weight: 600;font-size: 13px;width: 16%\">Fechas<\/th>\n<th style=\"padding: 10px 14px;text-align: left;font-weight: 600;font-size: 13px;width: 26%\">Evento<\/th>\n<th style=\"padding: 10px 14px;text-align: left;font-weight: 600;font-size: 13px;width: 16%\">Ciudad<\/th>\n<th style=\"padding: 10px 14px;text-align: left;font-weight: 600;font-size: 13px\">Qu\u00e9 hacer este mes<\/th>\n<\/tr>\n<\/thead>\n<tbody>\n<tr style=\"border-bottom: 1px solid #e0e8f0;background-color: #ffffff\">\n<td style=\"padding: 10px 14px;font-weight: bold;color: #54c9d6;vertical-align: top\">Jul \u2013 Ago<\/td>\n<td style=\"padding: 10px 14px;font-weight: 600;color: #192b5d;vertical-align: top\">Sin eventos presenciales confirmados<\/td>\n<td style=\"padding: 10px 14px;color: #444444;vertical-align: top\">\u2014<\/td>\n<td style=\"padding: 10px 14px;color: #444444;vertical-align: top\">Pausa estrat\u00e9gica. Buen momento para <b>formaci\u00f3n online<\/b>, ponerse al d\u00eda con contenidos del sector y preparar la estrategia del Q4 antes de que llegue septiembre con toda su carga de agenda.<\/td>\n<\/tr>\n<\/tbody>\n<tfoot>\n<tr style=\"background-color: #54c9d6\">\n<td style=\"padding: 8px 14px;font-size: 12px;color: #083040;font-style: italic\" colspan=\"4\">Consejo: usa agosto para reservar los eventos de septiembre-noviembre.<\/td>\n<\/tr>\n<\/tfoot>\n<\/table>\n<h3><\/h3>\n<h3><span class=\"ez-toc-section\" id=\"Septiembre\"><\/span>Septiembre<span class=\"ez-toc-section-end\"><\/span><\/h3>\n<p>La vuelta al cole del marketing. Tres semanas despu\u00e9s de las vacaciones el sector pisa el acelerador con una agenda que apunta ya a la recta final del a\u00f1o. Septiembre tiene citas para SEOs, para innovadores y para los que buscan networking de calidad fuera de Madrid.<\/p>\n<table style=\"width: 100%;border-collapse: collapse;font-family: sans-serif;font-size: 14px;line-height: 1.5\">\n<thead>\n<tr style=\"background-color: #192b5d;color: #ffffff\">\n<th style=\"padding: 10px 14px;text-align: left;font-weight: 600;font-size: 13px;width: 16%\">Fechas<\/th>\n<th style=\"padding: 10px 14px;text-align: left;font-weight: 600;font-size: 13px;width: 26%\">Evento<\/th>\n<th style=\"padding: 10px 14px;text-align: left;font-weight: 600;font-size: 13px;width: 16%\">Ciudad<\/th>\n<th style=\"padding: 10px 14px;text-align: left;font-weight: 600;font-size: 13px\">Para qui\u00e9n es y qu\u00e9 te llevas<\/th>\n<\/tr>\n<\/thead>\n<tbody>\n<tr style=\"border-bottom: 1px solid #e0e8f0;background-color: #ffffff\">\n<td style=\"padding: 10px 14px;font-weight: bold;color: #54c9d6;vertical-align: top\">Sep (por confirmar)<\/td>\n<td style=\"padding: 10px 14px;font-weight: 600;color: #192b5d;vertical-align: top\">Inspirational (IAB Spain)<\/td>\n<td style=\"padding: 10px 14px;color: #444444;vertical-align: top\">Madrid \u00b7 Formato h\u00edbrido<\/td>\n<td style=\"padding: 10px 14px;color: #444444;vertical-align: top\">El evento anual de IAB Spain: ponencias de alto nivel sobre <b>IA, Data y Negocio Digital<\/b>. No es una feria: es un encuentro de inspiraci\u00f3n que culmina con la entrega de los premios del sector. Fecha exacta por confirmar.<\/td>\n<\/tr>\n<tr style=\"border-bottom: 1px solid #e0e8f0;background-color: #f0f8fb\">\n<td style=\"padding: 10px 14px;font-weight: bold;color: #54c9d6;vertical-align: top\">22\u201324 sep<\/td>\n<td style=\"padding: 10px 14px;font-weight: 600;color: #192b5d;vertical-align: top\">Meta World Congress Oto\u00f1o<\/td>\n<td style=\"padding: 10px 14px;color: #444444;vertical-align: top\">Madrid \u00b7 La Nave<\/td>\n<td style=\"padding: 10px 14px;color: #444444;vertical-align: top\">Cuarta edici\u00f3n. M\u00e1s de 3.500 profesionales y 400 compa\u00f1\u00edas en formato h\u00edbrido sobre metaverso, web3 y tecnolog\u00eda emergente. Para perfiles de marketing que trabajan con <b>innovaci\u00f3n digital<\/b> y quieren entender hacia d\u00f3nde va la publicidad.<\/td>\n<\/tr>\n<tr style=\"border-bottom: 1px solid #e0e8f0;background-color: #ffffff\">\n<td style=\"padding: 10px 14px;font-weight: bold;color: #54c9d6;vertical-align: top\">26 sep<\/td>\n<td style=\"padding: 10px 14px;font-weight: 600;color: #192b5d;vertical-align: top\">RMC Galicia (Raiola Marketing Conference) &#x2b50;<\/td>\n<td style=\"padding: 10px 14px;color: #444444;vertical-align: top\">A Coru\u00f1a<\/td>\n<td style=\"padding: 10px 14px;color: #444444;vertical-align: top\">Ponentes como Brais Moure y Xavi Esqueriag\u00fcela sobre <b>SEO, publicidad digital y marketing de contenidos<\/b>. Entradas desde 12\u20ac en streaming y 55\u20ac presencial. Una de las mejores relaciones calidad-precio del a\u00f1o para perfiles t\u00e9cnicos. El evento del oto\u00f1o fuera de Madrid que m\u00e1s vale la pena.<\/td>\n<\/tr>\n<\/tbody>\n<tfoot>\n<tr style=\"background-color: #54c9d6\">\n<td style=\"padding: 8px 14px;font-size: 12px;color: #083040;font-style: italic\" colspan=\"4\">&#x2b50; La RMC Galicia tiene un precio de entrada muy accesible para la calidad de ponentes que ofrece. Ideal para combinar con visita a A Coru\u00f1a.<\/td>\n<\/tr>\n<\/tfoot>\n<\/table>\n<h3><\/h3>\n<h3><span class=\"ez-toc-section\" id=\"Octubre\"><\/span>Octubre<span class=\"ez-toc-section-end\"><\/span><\/h3>\n<p>Octubre es el mes m\u00e1s potente del segundo semestre. Los eventos se acumulan y hay que elegir con criterio, porque es imposible estar en todos. Madrid, Marbella y Pontevedra concentran las citas m\u00e1s relevantes de la recta final del a\u00f1o.<\/p>\n<table style=\"width: 100%;border-collapse: collapse;font-family: sans-serif;font-size: 14px;line-height: 1.5\">\n<thead>\n<tr style=\"background-color: #192b5d;color: #ffffff\">\n<th style=\"padding: 10px 14px;text-align: left;font-weight: 600;font-size: 13px;width: 16%\">Fechas<\/th>\n<th style=\"padding: 10px 14px;text-align: left;font-weight: 600;font-size: 13px;width: 26%\">Evento<\/th>\n<th style=\"padding: 10px 14px;text-align: left;font-weight: 600;font-size: 13px;width: 16%\">Ciudad<\/th>\n<th style=\"padding: 10px 14px;text-align: left;font-weight: 600;font-size: 13px\">Para qui\u00e9n es y qu\u00e9 te llevas<\/th>\n<\/tr>\n<\/thead>\n<tbody>\n<tr style=\"border-bottom: 1px solid #e0e8f0;background-color: #ffffff\">\n<td style=\"padding: 10px 14px;font-weight: bold;color: #54c9d6;vertical-align: top\">1\u20132 oct<\/td>\n<td style=\"padding: 10px 14px;font-weight: 600;color: #192b5d;vertical-align: top\">Ecommerce Days Pontevedra<\/td>\n<td style=\"padding: 10px 14px;color: #444444;vertical-align: top\">Pontevedra<\/td>\n<td style=\"padding: 10px 14px;color: #444444;vertical-align: top\">Quinta edici\u00f3n. Dos jornadas sobre los <b>retos del negocio digital<\/b> para conectar con los clientes. El referente del noroeste espa\u00f1ol que crece cada a\u00f1o en calidad de ponencias.<\/td>\n<\/tr>\n<tr style=\"border-bottom: 1px solid #e0e8f0;background-color: #f0f8fb\">\n<td style=\"padding: 10px 14px;font-weight: bold;color: #54c9d6;vertical-align: top\">6\u20137 oct<\/td>\n<td style=\"padding: 10px 14px;font-weight: 600;color: #192b5d;vertical-align: top\">eForum Autumn &#x2b50;<\/td>\n<td style=\"padding: 10px 14px;color: #444444;vertical-align: top\">Marbella<\/td>\n<td style=\"padding: 10px 14px;color: #444444;vertical-align: top\">Encuentro boutique de <b>ecommerce y marketing digital<\/b> en un entorno alejado del ruido de las ferias masivas. Networking de fondo entre directivos. Ideal para quienes valoran calidad sobre cantidad.<\/td>\n<\/tr>\n<tr style=\"border-bottom: 1px solid #e0e8f0;background-color: #ffffff\">\n<td style=\"padding: 10px 14px;font-weight: bold;color: #54c9d6;vertical-align: top\">27\u201329 oct<\/td>\n<td style=\"padding: 10px 14px;font-weight: 600;color: #192b5d;vertical-align: top\">Inspirational \u2014 IAB Spain<\/td>\n<td style=\"padding: 10px 14px;color: #444444;vertical-align: top\">Madrid<\/td>\n<td style=\"padding: 10px 14px;color: #444444;vertical-align: top\">El evento referente en publicidad y negocio digital en Espa\u00f1a. Tres d\u00edas dedicados a la <b>IA, los datos y las tendencias<\/b>. Imprescindible para entender el futuro del sector antes de cerrar el a\u00f1o.<\/td>\n<\/tr>\n<\/tbody>\n<tfoot>\n<tr style=\"background-color: #54c9d6\">\n<td style=\"padding: 8px 14px;font-size: 12px;color: #083040;font-style: italic\" colspan=\"4\">&#x2b50; El eForum Autumn es uno de los mejor valorados del a\u00f1o por su formato \u00edntimo que permite conversaciones reales y networking de calidad.<\/td>\n<\/tr>\n<\/tfoot>\n<\/table>\n<h3><\/h3>\n<h3><span class=\"ez-toc-section\" id=\"Noviembre\"><\/span>Noviembre<span class=\"ez-toc-section-end\"><\/span><\/h3>\n<p>Noviembre cierra el a\u00f1o con los eventos m\u00e1s grandes del calendario. Las ferias de gran formato concentran miles de visitantes y todas las tendencias del a\u00f1o en acci\u00f3n. Si solo puedes ir a un evento en noviembre, que sea el E-Show de IFEMA: no hay otro en Espa\u00f1a que lo iguale en tama\u00f1o y variedad.<\/p>\n<table style=\"width: 100%;border-collapse: collapse;font-family: sans-serif;font-size: 14px;line-height: 1.5\">\n<thead>\n<tr style=\"background-color: #192b5d;color: #ffffff\">\n<th style=\"padding: 10px 14px;text-align: left;font-weight: 600;font-size: 13px;width: 16%\">Fechas<\/th>\n<th style=\"padding: 10px 14px;text-align: left;font-weight: 600;font-size: 13px;width: 26%\">Evento<\/th>\n<th style=\"padding: 10px 14px;text-align: left;font-weight: 600;font-size: 13px;width: 16%\">Ciudad<\/th>\n<th style=\"padding: 10px 14px;text-align: left;font-weight: 600;font-size: 13px\">Para qui\u00e9n es y qu\u00e9 te llevas<\/th>\n<\/tr>\n<\/thead>\n<tbody>\n<tr style=\"border-bottom: 1px solid #e0e8f0;background-color: #ffffff\">\n<td style=\"padding: 10px 14px;font-weight: bold;color: #54c9d6;vertical-align: top\">3\u20135 nov<\/td>\n<td style=\"padding: 10px 14px;font-weight: 600;color: #192b5d;vertical-align: top\">Smart City Expo World Congress<\/td>\n<td style=\"padding: 10px 14px;color: #444444;vertical-align: top\">Barcelona \u00b7 Fira<\/td>\n<td style=\"padding: 10px 14px;color: #444444;vertical-align: top\">La conferencia tecnol\u00f3gica m\u00e1s importante de Europa: asistentes de m\u00e1s de 165 pa\u00edses. El marketing aparece en las conversaciones sobre datos ciudadanos, sostenibilidad y <b>experiencia de usuario<\/b> a escala ciudad. Para perfiles que trabajan con grandes marcas o instituciones p\u00fablicas.<\/td>\n<\/tr>\n<tr style=\"border-bottom: 1px solid #e0e8f0;background-color: #f0f8fb\">\n<td style=\"padding: 10px 14px;font-weight: bold;color: #54c9d6;vertical-align: top\">4\u20135 nov<\/td>\n<td style=\"padding: 10px 14px;font-weight: 600;color: #192b5d;vertical-align: top\">E-Show + Technology for Marketing Madrid &#x2b50;<\/td>\n<td style=\"padding: 10px 14px;color: #444444;vertical-align: top\">Madrid \u00b7 IFEMA Pab. 3\u20135<\/td>\n<td style=\"padding: 10px 14px;color: #444444;vertical-align: top\">El gran referente de los <b>eventos de marketing digital en Espa\u00f1a<\/b>. M\u00e1s de 27.000 visitantes, 400 expositores y 400 ponentes en ediciones anteriores. E-Show, TFM, FBA Show (Amazon) y Retail Media Show en el mismo recinto. Si solo puedes ir a un evento en noviembre, que sea este.<\/td>\n<\/tr>\n<tr style=\"border-bottom: 1px solid #e0e8f0;background-color: #ffffff\">\n<td style=\"padding: 10px 14px;font-weight: bold;color: #54c9d6;vertical-align: top\">9\u201312 nov<\/td>\n<td style=\"padding: 10px 14px;font-weight: 600;color: #192b5d;vertical-align: top\">Web Summit 2026<\/td>\n<td style=\"padding: 10px 14px;color: #444444;vertical-align: top\">Lisboa \u00b7 Portugal<\/td>\n<td style=\"padding: 10px 14px;color: #444444;vertical-align: top\">A hora y media de vuelo desde Madrid o Barcelona. M\u00e1s de 70.000 asistentes de 165 pa\u00edses. Las sesiones sobre <b>growth, IA y comportamiento del consumidor<\/b> son de las m\u00e1s densas del a\u00f1o. Si tienes presupuesto para un evento internacional, Lisboa en noviembre es una inversi\u00f3n seria.<\/td>\n<\/tr>\n<tr style=\"border-bottom: 1px solid #e0e8f0;background-color: #f0f8fb\">\n<td style=\"padding: 10px 14px;font-weight: bold;color: #54c9d6;vertical-align: top\">12 nov<\/td>\n<td style=\"padding: 10px 14px;font-weight: 600;color: #192b5d;vertical-align: top\">Albacete Marketing Day (8\u00aa ed.)<\/td>\n<td style=\"padding: 10px 14px;color: #444444;vertical-align: top\">Albacete<\/td>\n<td style=\"padding: 10px 14px;color: #444444;vertical-align: top\">Evento gratuito con 8 ponentes y enfoque cercano y pr\u00e1ctico. Si eres profesional del marketing en Castilla-La Mancha, es una cita imprescindible sin coste. Peque\u00f1o en formato, s\u00f3lido en contenido.<\/td>\n<\/tr>\n<\/tbody>\n<tfoot>\n<tr style=\"background-color: #54c9d6\">\n<td style=\"padding: 8px 14px;font-size: 12px;color: #083040;font-style: italic\" colspan=\"4\">&#x2b50; El E-Show es el evento del a\u00f1o en Espa\u00f1a por volumen. Si no has ido nunca, 2026 es el momento. Entrada gratuita con registro anticipado.<\/td>\n<\/tr>\n<\/tfoot>\n<\/table>\n<h3><\/h3>\n<h3><span class=\"ez-toc-section\" id=\"Diciembre\"><\/span>Diciembre<span class=\"ez-toc-section-end\"><\/span><\/h3>\n<p>El calendario de eventos f\u00edsicos pr\u00e1cticamente cierra en diciembre, pero hay una cita online que marca el broche del a\u00f1o y te sirve de impulso para arrancar la planificaci\u00f3n de 2027 con todo lo aprendido.<\/p>\n<table style=\"width: 100%;border-collapse: collapse;font-family: sans-serif;font-size: 14px;line-height: 1.5\">\n<thead>\n<tr style=\"background-color: #192b5d;color: #ffffff\">\n<th style=\"padding: 10px 14px;text-align: left;font-weight: 600;font-size: 13px;width: 16%\">Fechas<\/th>\n<th style=\"padding: 10px 14px;text-align: left;font-weight: 600;font-size: 13px;width: 26%\">Evento<\/th>\n<th style=\"padding: 10px 14px;text-align: left;font-weight: 600;font-size: 13px;width: 16%\">Ciudad<\/th>\n<th style=\"padding: 10px 14px;text-align: left;font-weight: 600;font-size: 13px\">Para qui\u00e9n es y qu\u00e9 te llevas<\/th>\n<\/tr>\n<\/thead>\n<tbody>\n<tr style=\"border-bottom: 1px solid #e0e8f0;background-color: #ffffff\">\n<td style=\"padding: 10px 14px;font-weight: bold;color: #54c9d6;vertical-align: top\">Dic (por confirmar)<\/td>\n<td style=\"padding: 10px 14px;font-weight: 600;color: #192b5d;vertical-align: top\">Marketing4eCommerce Digital Day<\/td>\n<td style=\"padding: 10px 14px;color: #444444;vertical-align: top\">Online<\/td>\n<td style=\"padding: 10px 14px;color: #444444;vertical-align: top\">Jornada maratoniana online de <b>marketing digital y ecommerce<\/b>. Ponencias variadas, acceso gratuito o de bajo coste. El broche perfecto para cerrar el a\u00f1o actualizado y empezar a pensar en la estrategia del siguiente.<\/td>\n<\/tr>\n<\/tbody>\n<tfoot>\n<tr style=\"background-color: #54c9d6\">\n<td style=\"padding: 8px 14px;font-size: 12px;color: #083040;font-style: italic\" colspan=\"4\">Diciembre es el mejor momento para revisar qu\u00e9 eventos de 2026 valieron la pena y reservar los del primer trimestre de 2027.<\/td>\n<\/tr>\n<\/tfoot>\n<\/table>\n<h2><span class=\"ez-toc-section\" id=\"Mapa_de_los_principales_eventos_de_marketing_digital_en_Espana\"><\/span>Mapa de los principales eventos de marketing digital en Espa\u00f1a<span class=\"ez-toc-section-end\"><\/span><\/h2>\n<p>Para que tengas la visi\u00f3n geogr\u00e1fica de un vistazo: d\u00f3nde se concentran los <b>eventos de marketing en Espa\u00f1a<\/b> y qu\u00e9 encontrar\u00e1s en cada ciudad si decides ir.<\/p>\n<table style=\"width: 100%;border-collapse: collapse;font-family: sans-serif;font-size: 14px;line-height: 1.5\">\n<thead>\n<tr style=\"background-color: #192b5d;color: #ffffff\">\n<th style=\"padding: 10px 14px;text-align: left;font-weight: 600;font-size: 13px;width: 20%\">Ciudad<\/th>\n<th style=\"padding: 10px 14px;text-align: left;font-weight: 600;font-size: 13px;width: 38%\">Eventos principales 2026<\/th>\n<th style=\"padding: 10px 14px;text-align: left;font-weight: 600;font-size: 13px\">Por qu\u00e9 ir<\/th>\n<\/tr>\n<\/thead>\n<tbody>\n<tr style=\"border-bottom: 1px solid #e0e8f0;background-color: #ffffff\">\n<td style=\"padding: 10px 14px;font-weight: 600;color: #192b5d;vertical-align: top\">&#x1f3d9;&#xfe0f; Madrid<\/td>\n<td style=\"padding: 10px 14px;color: #444444;vertical-align: top\">NEXTT, FOA, Digital 1to1, MarTech Summit, Mailchimp Connect, Meta World Congress, E-Show + TFM, Branding Day<\/td>\n<td style=\"padding: 10px 14px;color: #444444;vertical-align: top\">Capital indiscutible del calendario. Pr\u00e1cticamente un evento relevante cada mes del a\u00f1o.<\/td>\n<\/tr>\n<tr style=\"border-bottom: 1px solid #e0e8f0;background-color: #f0f8fb\">\n<td style=\"padding: 10px 14px;font-weight: 600;color: #192b5d;vertical-align: top\">&#x1f3d9;&#xfe0f; Barcelona<\/td>\n<td style=\"padding: 10px 14px;color: #444444;vertical-align: top\">Ecommerce Moment, NEXT Conversion, Smart City Expo<\/td>\n<td style=\"padding: 10px 14px;color: #444444;vertical-align: top\">Segunda ciudad por volumen. Especialmente fuerte en ecommerce y tecnolog\u00eda.<\/td>\n<\/tr>\n<tr style=\"border-bottom: 1px solid #e0e8f0;background-color: #ffffff\">\n<td style=\"padding: 10px 14px;font-weight: 600;color: #192b5d;vertical-align: top\">&#x2600;&#xfe0f; M\u00e1laga \/ Fuengirola<\/td>\n<td style=\"padding: 10px 14px;color: #444444;vertical-align: top\">eCongress M\u00e1laga, Brand100<\/td>\n<td style=\"padding: 10px 14px;color: #444444;vertical-align: top\">Polo emergente del sur. Sorprende cada a\u00f1o por la calidad de sus eventos y el buen tiempo de fondo.<\/td>\n<\/tr>\n<tr style=\"border-bottom: 1px solid #e0e8f0;background-color: #f0f8fb\">\n<td style=\"padding: 10px 14px;font-weight: 600;color: #192b5d;vertical-align: top\">&#x1f3d4;&#xfe0f; Girona<\/td>\n<td style=\"padding: 10px 14px;color: #444444;vertical-align: top\">TRAFFFIC<\/td>\n<td style=\"padding: 10px 14px;color: #444444;vertical-align: top\">Un solo evento, pero de los mejores del a\u00f1o para perfiles t\u00e9cnicos de performance y SEO.<\/td>\n<\/tr>\n<tr style=\"border-bottom: 1px solid #e0e8f0;background-color: #ffffff\">\n<td style=\"padding: 10px 14px;font-weight: 600;color: #192b5d;vertical-align: top\">&#x1f30a; A Coru\u00f1a \/ Pontevedra<\/td>\n<td style=\"padding: 10px 14px;color: #444444;vertical-align: top\">RMC Galicia, Ecommerce Days, ChorriEvento<\/td>\n<td style=\"padding: 10px 14px;color: #444444;vertical-align: top\">El noroeste tiene su propia escena, muy activa y con nivel m\u00e1s alto del que se le suele reconocer.<\/td>\n<\/tr>\n<tr style=\"border-bottom: 1px solid #e0e8f0;background-color: #f0f8fb\">\n<td style=\"padding: 10px 14px;font-weight: 600;color: #192b5d;vertical-align: top\">&#x1f305; Murcia<\/td>\n<td style=\"padding: 10px 14px;color: #444444;vertical-align: top\">ENAE Digital Meeting<\/td>\n<td style=\"padding: 10px 14px;color: #444444;vertical-align: top\">El referente del levante espa\u00f1ol para marketing digital y datos. Generalmente gratuito.<\/td>\n<\/tr>\n<tr style=\"border-bottom: 1px solid #e0e8f0;background-color: #ffffff\">\n<td style=\"padding: 10px 14px;font-weight: 600;color: #192b5d;vertical-align: top\">&#x1f3db;&#xfe0f; Badajoz<\/td>\n<td style=\"padding: 10px 14px;color: #444444;vertical-align: top\">CEMD<\/td>\n<td style=\"padding: 10px 14px;color: #444444;vertical-align: top\">Demuestra cada a\u00f1o que los congresos regionales pueden competir con los nacionales en calidad real.<\/td>\n<\/tr>\n<tr style=\"border-bottom: 1px solid #e0e8f0;background-color: #f0f8fb\">\n<td style=\"padding: 10px 14px;font-weight: 600;color: #192b5d;vertical-align: top\">&#x2708;&#xfe0f; Lisboa (Portugal)<\/td>\n<td style=\"padding: 10px 14px;color: #444444;vertical-align: top\">Web Summit<\/td>\n<td style=\"padding: 10px 14px;color: #444444;vertical-align: top\">A hora y media de vuelo. El evento internacional m\u00e1s grande al que puedes ir desde Espa\u00f1a sin cambio de continente.<\/td>\n<\/tr>\n<\/tbody>\n<tfoot>\n<tr style=\"background-color: #54c9d6\">\n<td style=\"padding: 8px 14px;font-size: 12px;color: #083040;font-style: italic\" colspan=\"3\">Si buscas eventos de marketing en Madrid tienes citas pr\u00e1cticamente cada mes. Si prefieres combinar formaci\u00f3n con escapada, M\u00e1laga, Girona o A Coru\u00f1a son excusas perfectas.<\/td>\n<\/tr>\n<\/tfoot>\n<\/table>\n<h2><span class=\"ez-toc-section\" id=\"Eventos_de_marketing_online_sin_fecha_confirmada_para_2026\"><\/span>Eventos de marketing online sin fecha confirmada para 2026<span class=\"ez-toc-section-end\"><\/span><\/h2>\n<p>Varios <b>eventos de marketing digital<\/b> no tienen fecha cerrada en el momento de publicar este art\u00edculo, pero con alta probabilidad se van a celebrar. Los apuntamos aqu\u00ed para que no te pillen por sorpresa cuando se anuncien con pocas semanas de antelaci\u00f3n.<\/p>\n<div style=\"background-color: #f6f6f6;padding: 20px;border-radius: 16px;font-family: 'Lato', sans-serif;max-width: 900px;margin: 0 auto\">\n<div style=\"flex-direction: column;gap: 20px\">\n<div style=\"background: #ffffff;border: 1px solid #e1e8ed;border-radius: 12px;padding: 25px\">\n<p><span style=\"background-color: #fff9e6;color: #856404;border: 1px solid #ffeeba;padding: 4px 12px;border-radius: 4px;font-size: 11px;font-weight: 800;text-transform: uppercase;margin-bottom: 12px\">&#x23f3; Por confirmar<\/span><\/p>\n<p style=\"font-size: 19px;font-weight: bold;color: #192b5d;margin: 0 0 4px 0 !important;padding: 0 !important;font-family: 'Georgia', serif\">Spain Affiliate Summit<\/p>\n<p style=\"font-size: 13px;font-weight: bold;color: #54c9d6;margin: 0 0 12px 0 !important;text-transform: uppercase;letter-spacing: 0.05em\">&#x1f4cd; Madrid \u00b7 Presencial y online<\/p>\n<p style=\"font-size: 14px;line-height: 1.6;color: #4a5568;margin: 0 !important\">Encuentro dedicado al <b style=\"color: #192b5d\">marketing de afiliaci\u00f3n<\/b> y performance. Re\u00fane a publishers, anunciantes y redes para cerrar acuerdos y compartir tendencias del canal.<\/p>\n<\/div>\n<div style=\"background: #ffffff;border: 1px solid #e1e8ed;border-radius: 12px;padding: 25px\">\n<p><span style=\"background-color: #fff9e6;color: #856404;border: 1px solid #ffeeba;padding: 4px 12px;border-radius: 4px;font-size: 11px;font-weight: 800;text-transform: uppercase;margin-bottom: 12px\">&#x23f3; Por confirmar<\/span><\/p>\n<p style=\"font-size: 19px;font-weight: bold;color: #192b5d;margin: 0 0 4px 0 !important;padding: 0 !important;font-family: 'Georgia', serif\">Inbound Marketing Day<\/p>\n<p style=\"font-size: 13px;font-weight: bold;color: #54c9d6;margin: 0 0 12px 0 !important;text-transform: uppercase;letter-spacing: 0.05em\">&#x1f4cd; Barcelona \u00b7 Formato h\u00edbrido<\/p>\n<p style=\"font-size: 14px;line-height: 1.6;color: #4a5568;margin: 0 !important\">Jornada anual centrada en estrategias de <b style=\"color: #192b5d\">contenido, automatizaci\u00f3n y generaci\u00f3n de leads<\/b>. Combina ponencias con talleres pr\u00e1cticos sobre HubSpot y SEO.<\/p>\n<\/div>\n<div style=\"background: #ffffff;border: 1px solid #e1e8ed;border-radius: 12px;padding: 25px\">\n<p><span style=\"background-color: #fff9e6;color: #856404;border: 1px solid #ffeeba;padding: 4px 12px;border-radius: 4px;font-size: 11px;font-weight: 800;text-transform: uppercase;margin-bottom: 12px\">&#x23f3; Por confirmar<\/span><\/p>\n<p style=\"font-size: 19px;font-weight: bold;color: #192b5d;margin: 0 0 4px 0 !important;padding: 0 !important;font-family: 'Georgia', serif\">Social Media Day Espa\u00f1a<\/p>\n<p style=\"font-size: 13px;font-weight: bold;color: #54c9d6;margin: 0 0 12px 0 !important;text-transform: uppercase;letter-spacing: 0.05em\">&#x1f4cd; Madrid \u00b7 Formato h\u00edbrido<\/p>\n<p style=\"font-size: 14px;line-height: 1.6;color: #4a5568;margin: 0 !important\">Evento dedicado a <b style=\"color: #192b5d\">redes sociales, creaci\u00f3n de contenido y comunidades digitales<\/b>. Ponentes especializados en TikTok, Instagram y LinkedIn.<\/p>\n<\/div>\n<\/div>\n<div style=\"margin-top: 30px;background: #ffffff;border-left: 6px solid #54c9d6;padding: 20px;border-radius: 0 12px 12px 0\">\n<p style=\"margin: 0;font-size: 14px;line-height: 1.6;color: #192b5d\"><b style=\"color: #54c9d6;text-transform: uppercase;letter-spacing: 0.05em\">Consejo pr\u00e1ctico:<\/b> Para estos eventos sin fecha confirmada, activa las alertas de Google o s\u00edguelos en LinkedIn. Los organizadores suelen publicar el <i>early bird<\/i> de forma repentina y las entradas baratas vuelan en horas.<\/p>\n<\/div>\n<\/div>\n<h2><span class=\"ez-toc-section\" id=\"Sigue_formandote\"><\/span>Sigue form\u00e1ndote<span class=\"ez-toc-section-end\"><\/span><\/h2>\n<p>Los eventos presenciales son el escenario perfecto para conectar, pero el marketing digital de <b data-path-to-node=\"4\" data-index-in-node=\"95\">2026<\/b> no da tregua. No dejes de lado estos<a href=\"https:\/\/www.inesem.es\/revistadigital\/gestion-empresarial\/importancia-del-marketing-digital-para-pymes-y-autonomos\" target=\"_blank\" rel=\"noopener\"> eventos de marketing digital por ser aut\u00f3nomo o pyme<\/a>, las oportunidades tambi\u00e9n est\u00e1n en estos eventos para ti. Mientras esperas la fecha del pr\u00f3ximo congreso, las reglas del juego \u2014algoritmos, modelos de atribuci\u00f3n y herramientas de IA\u2014 ya est\u00e1n mutando. Asistir a un evento te da el contacto; la formaci\u00f3n continua te da la autoridad para hablar de t\u00fa a t\u00fa con los l\u00edderes del sector.<\/p>\n<p>Estar en la vanguardia es una ventaja competitiva. Un consejo clave para este a\u00f1o: <b data-path-to-node=\"5\" data-index-in-node=\"101\">no dejes que tu conocimiento caduque entre evento y evento.<\/b> Complementa tu agenda de networking con una estrategia de aprendizaje constante que te permita aplicar hoy lo que otros solo escuchar\u00e1n en la ponencia del mes que viene. En un mercado que se mueve a golpe de clic, la verdadera diferencia entre un asistente y un experto es su capacidad para seguir nutriendo su criterio d\u00eda tras d\u00eda.<\/p>\n<div style=\"background: #192b5d;border-left: 8px solid #54c9d6;padding: 25px 35px;position: relative;overflow: hidden;border-radius: 20px;width: 100%;max-width: 900px;margin: 20px auto;flex-direction: column;justify-content: center\">\n<div style=\"position: absolute;top: 0;left: 0;right: 0;height: 3px;background: linear-gradient(90deg, #192b5d, #54c9d6, #f6f6f6)\"><\/div>\n<div style=\"width: 100%\">\n<p style=\"font-family: 'Lato', sans-serif;font-size: 10px;font-weight: bold;letter-spacing: 0.25em;text-transform: uppercase;color: #54c9d6;margin: 0 0 8px 0;padding: 0\">Sales &amp; Content Strategy<\/p>\n<p style=\"font-family: 'Georgia', serif;font-size: 1.4rem;font-weight: bold;color: #f6f6f6;line-height: 1.2;margin: 0 0 12px 0;padding: 0\">Curso de Estrategias de Inbound Marketing<\/p>\n<p style=\"font-family: 'Lato', sans-serif;font-size: 15px;line-height: 1.5;color: #f6f6f6;margin: 0 0 20px 0;padding: 0;max-width: 800px\"><strong>Domina el embudo de ventas real.<\/strong> Desde captar la atenci\u00f3n con contenido magn\u00e9tico hasta automatizar la conversi\u00f3n. Aprende a nutrir leads sin ser intrusivo y transforma extra\u00f1os en embajadores de tu marca.<\/p>\n<\/div>\n<div style=\"justify-content: flex-start\"><a style=\"text-align: center;background-color: #54c9d6;color: #192b5d;font-family: 'Lato', sans-serif;font-size: 12px;font-weight: 800;padding: 14px 30px;text-decoration: none;letter-spacing: 0.08em;text-transform: uppercase;border-radius: 50px;line-height: 1\" href=\"https:\/\/www.inesem.es\/Curso-Estrategias-Inbound-Marketing-Online\" target=\"_blank\" rel=\"noopener\">Ver programa completo \u2192<\/a><\/div>\n<div style=\"position: absolute;bottom: -20px;right: -20px;width: 100px;height: 100px;border-radius: 50%;background: #54c9d6\"><\/div>\n<\/div>\n<div style=\"background: #192b5d;border-left: 8px solid #54c9d6;padding: 25px 35px;position: relative;overflow: hidden;border-radius: 20px;width: 100%;max-width: 900px;margin: 20px auto;flex-direction: column;justify-content: center\">\n<div style=\"position: absolute;top: 0;left: 0;right: 0;height: 3px;background: linear-gradient(90deg, #192b5d, #54c9d6, #f6f6f6)\"><\/div>\n<div style=\"width: 100%\">\n<p style=\"font-family: 'Lato', sans-serif;font-size: 10px;font-weight: bold;letter-spacing: 0.25em;text-transform: uppercase;color: #54c9d6;margin: 0 0 8px 0;padding: 0\">Performance Marketing<\/p>\n<p style=\"font-family: 'Georgia', serif;font-size: 1.4rem;font-weight: bold;color: #f6f6f6;line-height: 1.2;margin: 0 0 12px 0;padding: 0\">Curso de SEM y Marketing PPC<\/p>\n<p style=\"font-family: 'Lato', sans-serif;font-size: 15px;line-height: 1.5;color: #f6f6f6;margin: 0 0 20px 0;padding: 0;max-width: 800px\"><strong>Domina Google Ads<\/strong> y las plataformas de pago para escalar un negocio con precisi\u00f3n. Aprende a optimizar pujas, redactar copys y analizar m\u00e9tricas para que cada c\u00e9ntimo invertido trabaje para tus beneficios.<\/p>\n<\/div>\n<div style=\"justify-content: flex-start\"><a style=\"text-align: center;background-color: #54c9d6;color: #192b5d;font-family: 'Lato', sans-serif;font-size: 12px;font-weight: 800;padding: 14px 30px;text-decoration: none;letter-spacing: 0.08em;text-transform: uppercase;border-radius: 50px;line-height: 1\" href=\"https:\/\/www.inesem.es\/Curso-Sem-Marketing-Ppc\" target=\"_blank\" rel=\"noopener\">Ver programa completo \u2192<\/a><\/div>\n<div style=\"position: absolute;bottom: -20px;right: -20px;width: 100px;height: 100px;border-radius: 50%;background: #54c9d6\"><\/div>\n<\/div>\n<p>&nbsp;<\/p>\n<p>\u00bfEchas en falta alg\u00fan evento en esta lista? Los <b>eventos de marketing digital en Espa\u00f1a<\/b> se anuncian y actualizan constantemente. Guarda esta p\u00e1gina y vuelve a consultarla a lo largo del a\u00f1o: iremos incorporando novedades conforme se confirmen fechas.<\/p>\n","protected":false},"excerpt":{"rendered":"<p>Conoce los eventos de marketing m\u00e1s importantes de Espa\u00f1a en 2026. Ideales para seguir aprendiendo y hacer networking presencial.<\/p>\n","protected":false},"author":92027,"featured_media":14690,"comment_status":"open","ping_status":"open","sticky":false,"template":"","format":"standard","meta":{"footnotes":""},"categories":[38],"class_list":["post-14687","post","type-post","status-publish","format-standard","has-post-thumbnail","hentry","category-marketing-y-publicidad"],"yoast_head":"<!-- This site is optimized with the Yoast SEO plugin v23.5 - https:\/\/yoast.com\/wordpress\/plugins\/seo\/ -->\n<title>Calendario de Eventos de Marketing Digital en Espa\u00f1a 2026<\/title>\n<meta name=\"description\" content=\"Conoce los eventos de marketing m\u00e1s importantes de Espa\u00f1a en 2026. Ideales para seguir aprendiendo y hacer networking presencial.\" \/>\n<meta name=\"robots\" content=\"index, follow, max-snippet:-1, max-image-preview:large, max-video-preview:-1\" \/>\n<link rel=\"canonical\" href=\"https:\/\/www.inesem.es\/revistadigital\/gestion-empresarial\/calendario-eventos-de-marketing\" \/>\n<meta property=\"og:locale\" content=\"es_ES\" \/>\n<meta property=\"og:type\" content=\"article\" \/>\n<meta property=\"og:title\" content=\"Calendario de Eventos de Marketing Digital en Espa\u00f1a 2026\" \/>\n<meta property=\"og:description\" content=\"Conoce los eventos de marketing m\u00e1s importantes de Espa\u00f1a en 2026. Ideales para seguir aprendiendo y hacer networking presencial.\" \/>\n<meta property=\"og:url\" content=\"https:\/\/www.inesem.es\/revistadigital\/gestion-empresarial\/calendario-eventos-de-marketing\" \/>\n<meta property=\"og:site_name\" content=\"Canal Gesti\u00f3n Empresarial\" \/>\n<meta property=\"article:publisher\" content=\"https:\/\/www.facebook.com\/InesemBusinessSchool\/\" \/>\n<meta property=\"article:published_time\" content=\"2026-04-28T09:03:28+00:00\" \/>\n<meta property=\"article:modified_time\" content=\"2026-04-28T13:14:13+00:00\" \/>\n<meta property=\"og:image\" content=\"https:\/\/www.inesem.es\/revistadigital\/gestion-empresarial\/files\/2026\/04\/eventos-de-marketing.png\" \/>\n\t<meta property=\"og:image:width\" content=\"1301\" \/>\n\t<meta property=\"og:image:height\" content=\"703\" \/>\n\t<meta property=\"og:image:type\" content=\"image\/png\" \/>\n<meta name=\"author\" content=\"eloisa.gonzalez\" \/>\n<meta name=\"twitter:card\" content=\"summary_large_image\" \/>\n<meta name=\"twitter:creator\" content=\"@inesem\" \/>\n<meta name=\"twitter:site\" content=\"@inesem\" \/>\n<meta name=\"twitter:label1\" content=\"Escrito por\" \/>\n\t<meta name=\"twitter:data1\" content=\"eloisa.gonzalez\" \/>\n\t<meta name=\"twitter:label2\" content=\"Tiempo de lectura\" \/>\n\t<meta name=\"twitter:data2\" content=\"16 minutos\" \/>\n<script type=\"application\/ld+json\" class=\"yoast-schema-graph\">{\"@context\":\"https:\/\/schema.org\",\"@graph\":[{\"@type\":\"Article\",\"@id\":\"https:\/\/www.inesem.es\/revistadigital\/gestion-empresarial\/calendario-eventos-de-marketing#article\",\"isPartOf\":{\"@id\":\"https:\/\/www.inesem.es\/revistadigital\/gestion-empresarial\/calendario-eventos-de-marketing\"},\"author\":{\"name\":\"eloisa.gonzalez\",\"@id\":\"https:\/\/www.inesem.es\/revistadigital\/gestion-empresarial\/#\/schema\/person\/c2c9a36b0cb7c5a31abdeec97c02a799\"},\"headline\":\"Calendario de eventos de marketing en Espa\u00f1a para 2026\",\"datePublished\":\"2026-04-28T09:03:28+00:00\",\"dateModified\":\"2026-04-28T13:14:13+00:00\",\"mainEntityOfPage\":{\"@id\":\"https:\/\/www.inesem.es\/revistadigital\/gestion-empresarial\/calendario-eventos-de-marketing\"},\"wordCount\":3645,\"commentCount\":0,\"publisher\":{\"@id\":\"https:\/\/www.inesem.es\/revistadigital\/gestion-empresarial\/#organization\"},\"image\":{\"@id\":\"https:\/\/www.inesem.es\/revistadigital\/gestion-empresarial\/calendario-eventos-de-marketing#primaryimage\"},\"thumbnailUrl\":\"https:\/\/www.inesem.es\/revistadigital\/gestion-empresarial\/files\/2026\/04\/eventos-de-marketing.png\",\"articleSection\":[\"Marketing y Publicidad\"],\"inLanguage\":\"es\",\"potentialAction\":[{\"@type\":\"CommentAction\",\"name\":\"Comment\",\"target\":[\"https:\/\/www.inesem.es\/revistadigital\/gestion-empresarial\/calendario-eventos-de-marketing#respond\"]}]},{\"@type\":\"WebPage\",\"@id\":\"https:\/\/www.inesem.es\/revistadigital\/gestion-empresarial\/calendario-eventos-de-marketing\",\"url\":\"https:\/\/www.inesem.es\/revistadigital\/gestion-empresarial\/calendario-eventos-de-marketing\",\"name\":\"Calendario de Eventos de Marketing Digital en Espa\u00f1a 2026\",\"isPartOf\":{\"@id\":\"https:\/\/www.inesem.es\/revistadigital\/gestion-empresarial\/#website\"},\"primaryImageOfPage\":{\"@id\":\"https:\/\/www.inesem.es\/revistadigital\/gestion-empresarial\/calendario-eventos-de-marketing#primaryimage\"},\"image\":{\"@id\":\"https:\/\/www.inesem.es\/revistadigital\/gestion-empresarial\/calendario-eventos-de-marketing#primaryimage\"},\"thumbnailUrl\":\"https:\/\/www.inesem.es\/revistadigital\/gestion-empresarial\/files\/2026\/04\/eventos-de-marketing.png\",\"datePublished\":\"2026-04-28T09:03:28+00:00\",\"dateModified\":\"2026-04-28T13:14:13+00:00\",\"description\":\"Conoce los eventos de marketing m\u00e1s importantes de Espa\u00f1a en 2026. Ideales para seguir aprendiendo y hacer networking presencial.\",\"breadcrumb\":{\"@id\":\"https:\/\/www.inesem.es\/revistadigital\/gestion-empresarial\/calendario-eventos-de-marketing#breadcrumb\"},\"inLanguage\":\"es\",\"potentialAction\":[{\"@type\":\"ReadAction\",\"target\":[\"https:\/\/www.inesem.es\/revistadigital\/gestion-empresarial\/calendario-eventos-de-marketing\"]}]},{\"@type\":\"ImageObject\",\"inLanguage\":\"es\",\"@id\":\"https:\/\/www.inesem.es\/revistadigital\/gestion-empresarial\/calendario-eventos-de-marketing#primaryimage\",\"url\":\"https:\/\/www.inesem.es\/revistadigital\/gestion-empresarial\/files\/2026\/04\/eventos-de-marketing.png\",\"contentUrl\":\"https:\/\/www.inesem.es\/revistadigital\/gestion-empresarial\/files\/2026\/04\/eventos-de-marketing.png\",\"width\":1301,\"height\":703},{\"@type\":\"BreadcrumbList\",\"@id\":\"https:\/\/www.inesem.es\/revistadigital\/gestion-empresarial\/calendario-eventos-de-marketing#breadcrumb\",\"itemListElement\":[{\"@type\":\"ListItem\",\"position\":1,\"name\":\"Home\",\"item\":\"https:\/\/www.inesem.es\/revistadigital\/gestion-empresarial\/\"},{\"@type\":\"ListItem\",\"position\":2,\"name\":\"Marketing y Publicidad\",\"item\":\"https:\/\/www.inesem.es\/revistadigital\/gestion-empresarial\/categorias\/marketing-y-publicidad\"},{\"@type\":\"ListItem\",\"position\":3,\"name\":\"Calendario de eventos de marketing en Espa\u00f1a para 2026\"}]},{\"@type\":\"WebSite\",\"@id\":\"https:\/\/www.inesem.es\/revistadigital\/gestion-empresarial\/#website\",\"url\":\"https:\/\/www.inesem.es\/revistadigital\/gestion-empresarial\/\",\"name\":\"Canal Gesti\u00f3n Empresarial\",\"description\":\"Canal de Noticias gestionado por el Departamento Docente de Gesti\u00f3n Empresarial de INESEM\",\"publisher\":{\"@id\":\"https:\/\/www.inesem.es\/revistadigital\/gestion-empresarial\/#organization\"},\"potentialAction\":[{\"@type\":\"SearchAction\",\"target\":{\"@type\":\"EntryPoint\",\"urlTemplate\":\"https:\/\/www.inesem.es\/revistadigital\/gestion-empresarial\/?s={search_term_string}\"},\"query-input\":{\"@type\":\"PropertyValueSpecification\",\"valueRequired\":true,\"valueName\":\"search_term_string\"}}],\"inLanguage\":\"es\"},{\"@type\":\"Organization\",\"@id\":\"https:\/\/www.inesem.es\/revistadigital\/gestion-empresarial\/#organization\",\"name\":\"Canal Gesti\u00f3n Empresarial\",\"url\":\"https:\/\/www.inesem.es\/revistadigital\/gestion-empresarial\/\",\"logo\":{\"@type\":\"ImageObject\",\"inLanguage\":\"es\",\"@id\":\"https:\/\/www.inesem.es\/revistadigital\/gestion-empresarial\/#\/schema\/logo\/image\/\",\"url\":\"\",\"contentUrl\":\"\",\"caption\":\"Canal Gesti\u00f3n Empresarial\"},\"image\":{\"@id\":\"https:\/\/www.inesem.es\/revistadigital\/gestion-empresarial\/#\/schema\/logo\/image\/\"},\"sameAs\":[\"https:\/\/www.facebook.com\/InesemBusinessSchool\/\",\"https:\/\/x.com\/inesem\",\"http:\/\/www.linkedin.com\/company\/2370697\",\"https:\/\/www.youtube.com\/user\/inesembusinesschool\/\"]},{\"@type\":\"Person\",\"@id\":\"https:\/\/www.inesem.es\/revistadigital\/gestion-empresarial\/#\/schema\/person\/c2c9a36b0cb7c5a31abdeec97c02a799\",\"name\":\"eloisa.gonzalez\",\"image\":{\"@type\":\"ImageObject\",\"inLanguage\":\"es\",\"@id\":\"https:\/\/www.inesem.es\/revistadigital\/gestion-empresarial\/#\/schema\/person\/image\/\",\"url\":\"https:\/\/secure.gravatar.com\/avatar\/f4efa1ed05855ba7f099a524e1833d11?s=96&d=mm&r=g\",\"contentUrl\":\"https:\/\/secure.gravatar.com\/avatar\/f4efa1ed05855ba7f099a524e1833d11?s=96&d=mm&r=g\",\"caption\":\"eloisa.gonzalez\"},\"url\":\"https:\/\/www.inesem.es\/revistadigital\/gestion-empresarial\/autores\/eloisa-gonzalez\"}]}<\/script>\n<!-- \/ Yoast SEO plugin. -->","yoast_head_json":{"title":"Calendario de Eventos de Marketing Digital en Espa\u00f1a 2026","description":"Conoce los eventos de marketing m\u00e1s importantes de Espa\u00f1a en 2026. Ideales para seguir aprendiendo y hacer networking presencial.","robots":{"index":"index","follow":"follow","max-snippet":"max-snippet:-1","max-image-preview":"max-image-preview:large","max-video-preview":"max-video-preview:-1"},"canonical":"https:\/\/www.inesem.es\/revistadigital\/gestion-empresarial\/calendario-eventos-de-marketing","og_locale":"es_ES","og_type":"article","og_title":"Calendario de Eventos de Marketing Digital en Espa\u00f1a 2026","og_description":"Conoce los eventos de marketing m\u00e1s importantes de Espa\u00f1a en 2026. Ideales para seguir aprendiendo y hacer networking presencial.","og_url":"https:\/\/www.inesem.es\/revistadigital\/gestion-empresarial\/calendario-eventos-de-marketing","og_site_name":"Canal Gesti\u00f3n Empresarial","article_publisher":"https:\/\/www.facebook.com\/InesemBusinessSchool\/","article_published_time":"2026-04-28T09:03:28+00:00","article_modified_time":"2026-04-28T13:14:13+00:00","og_image":[{"width":1301,"height":703,"url":"https:\/\/www.inesem.es\/revistadigital\/gestion-empresarial\/files\/2026\/04\/eventos-de-marketing.png","type":"image\/png"}],"author":"eloisa.gonzalez","twitter_card":"summary_large_image","twitter_creator":"@inesem","twitter_site":"@inesem","twitter_misc":{"Escrito por":"eloisa.gonzalez","Tiempo de lectura":"16 minutos"},"schema":{"@context":"https:\/\/schema.org","@graph":[{"@type":"Article","@id":"https:\/\/www.inesem.es\/revistadigital\/gestion-empresarial\/calendario-eventos-de-marketing#article","isPartOf":{"@id":"https:\/\/www.inesem.es\/revistadigital\/gestion-empresarial\/calendario-eventos-de-marketing"},"author":{"name":"eloisa.gonzalez","@id":"https:\/\/www.inesem.es\/revistadigital\/gestion-empresarial\/#\/schema\/person\/c2c9a36b0cb7c5a31abdeec97c02a799"},"headline":"Calendario de eventos de marketing en Espa\u00f1a para 2026","datePublished":"2026-04-28T09:03:28+00:00","dateModified":"2026-04-28T13:14:13+00:00","mainEntityOfPage":{"@id":"https:\/\/www.inesem.es\/revistadigital\/gestion-empresarial\/calendario-eventos-de-marketing"},"wordCount":3645,"commentCount":0,"publisher":{"@id":"https:\/\/www.inesem.es\/revistadigital\/gestion-empresarial\/#organization"},"image":{"@id":"https:\/\/www.inesem.es\/revistadigital\/gestion-empresarial\/calendario-eventos-de-marketing#primaryimage"},"thumbnailUrl":"https:\/\/www.inesem.es\/revistadigital\/gestion-empresarial\/files\/2026\/04\/eventos-de-marketing.png","articleSection":["Marketing y Publicidad"],"inLanguage":"es","potentialAction":[{"@type":"CommentAction","name":"Comment","target":["https:\/\/www.inesem.es\/revistadigital\/gestion-empresarial\/calendario-eventos-de-marketing#respond"]}]},{"@type":"WebPage","@id":"https:\/\/www.inesem.es\/revistadigital\/gestion-empresarial\/calendario-eventos-de-marketing","url":"https:\/\/www.inesem.es\/revistadigital\/gestion-empresarial\/calendario-eventos-de-marketing","name":"Calendario de Eventos de Marketing Digital en Espa\u00f1a 2026","isPartOf":{"@id":"https:\/\/www.inesem.es\/revistadigital\/gestion-empresarial\/#website"},"primaryImageOfPage":{"@id":"https:\/\/www.inesem.es\/revistadigital\/gestion-empresarial\/calendario-eventos-de-marketing#primaryimage"},"image":{"@id":"https:\/\/www.inesem.es\/revistadigital\/gestion-empresarial\/calendario-eventos-de-marketing#primaryimage"},"thumbnailUrl":"https:\/\/www.inesem.es\/revistadigital\/gestion-empresarial\/files\/2026\/04\/eventos-de-marketing.png","datePublished":"2026-04-28T09:03:28+00:00","dateModified":"2026-04-28T13:14:13+00:00","description":"Conoce los eventos de marketing m\u00e1s importantes de Espa\u00f1a en 2026. Ideales para seguir aprendiendo y hacer networking presencial.","breadcrumb":{"@id":"https:\/\/www.inesem.es\/revistadigital\/gestion-empresarial\/calendario-eventos-de-marketing#breadcrumb"},"inLanguage":"es","potentialAction":[{"@type":"ReadAction","target":["https:\/\/www.inesem.es\/revistadigital\/gestion-empresarial\/calendario-eventos-de-marketing"]}]},{"@type":"ImageObject","inLanguage":"es","@id":"https:\/\/www.inesem.es\/revistadigital\/gestion-empresarial\/calendario-eventos-de-marketing#primaryimage","url":"https:\/\/www.inesem.es\/revistadigital\/gestion-empresarial\/files\/2026\/04\/eventos-de-marketing.png","contentUrl":"https:\/\/www.inesem.es\/revistadigital\/gestion-empresarial\/files\/2026\/04\/eventos-de-marketing.png","width":1301,"height":703},{"@type":"BreadcrumbList","@id":"https:\/\/www.inesem.es\/revistadigital\/gestion-empresarial\/calendario-eventos-de-marketing#breadcrumb","itemListElement":[{"@type":"ListItem","position":1,"name":"Home","item":"https:\/\/www.inesem.es\/revistadigital\/gestion-empresarial\/"},{"@type":"ListItem","position":2,"name":"Marketing y Publicidad","item":"https:\/\/www.inesem.es\/revistadigital\/gestion-empresarial\/categorias\/marketing-y-publicidad"},{"@type":"ListItem","position":3,"name":"Calendario de eventos de marketing en Espa\u00f1a para 2026"}]},{"@type":"WebSite","@id":"https:\/\/www.inesem.es\/revistadigital\/gestion-empresarial\/#website","url":"https:\/\/www.inesem.es\/revistadigital\/gestion-empresarial\/","name":"Canal Gesti\u00f3n Empresarial","description":"Canal de Noticias gestionado por el Departamento Docente de Gesti\u00f3n Empresarial de INESEM","publisher":{"@id":"https:\/\/www.inesem.es\/revistadigital\/gestion-empresarial\/#organization"},"potentialAction":[{"@type":"SearchAction","target":{"@type":"EntryPoint","urlTemplate":"https:\/\/www.inesem.es\/revistadigital\/gestion-empresarial\/?s={search_term_string}"},"query-input":{"@type":"PropertyValueSpecification","valueRequired":true,"valueName":"search_term_string"}}],"inLanguage":"es"},{"@type":"Organization","@id":"https:\/\/www.inesem.es\/revistadigital\/gestion-empresarial\/#organization","name":"Canal Gesti\u00f3n Empresarial","url":"https:\/\/www.inesem.es\/revistadigital\/gestion-empresarial\/","logo":{"@type":"ImageObject","inLanguage":"es","@id":"https:\/\/www.inesem.es\/revistadigital\/gestion-empresarial\/#\/schema\/logo\/image\/","url":"","contentUrl":"","caption":"Canal Gesti\u00f3n Empresarial"},"image":{"@id":"https:\/\/www.inesem.es\/revistadigital\/gestion-empresarial\/#\/schema\/logo\/image\/"},"sameAs":["https:\/\/www.facebook.com\/InesemBusinessSchool\/","https:\/\/x.com\/inesem","http:\/\/www.linkedin.com\/company\/2370697","https:\/\/www.youtube.com\/user\/inesembusinesschool\/"]},{"@type":"Person","@id":"https:\/\/www.inesem.es\/revistadigital\/gestion-empresarial\/#\/schema\/person\/c2c9a36b0cb7c5a31abdeec97c02a799","name":"eloisa.gonzalez","image":{"@type":"ImageObject","inLanguage":"es","@id":"https:\/\/www.inesem.es\/revistadigital\/gestion-empresarial\/#\/schema\/person\/image\/","url":"https:\/\/secure.gravatar.com\/avatar\/f4efa1ed05855ba7f099a524e1833d11?s=96&d=mm&r=g","contentUrl":"https:\/\/secure.gravatar.com\/avatar\/f4efa1ed05855ba7f099a524e1833d11?s=96&d=mm&r=g","caption":"eloisa.gonzalez"},"url":"https:\/\/www.inesem.es\/revistadigital\/gestion-empresarial\/autores\/eloisa-gonzalez"}]}},"autor_name":{"name":"eloisa.gonzalez"},"featured_image":{"attachment_meta":{"width":1301,"height":703,"file":"2026\/04\/eventos-de-marketing.png","filesize":357448,"sizes":{"medium":{"file":"eventos-de-marketing-175x175.png","width":175,"height":175,"filesize":53112,"mime_type":"image\/png","url":"https:\/\/www.inesem.es\/revistadigital\/gestion-empresarial\/files\/2026\/04\/eventos-de-marketing-175x175.png"},"large":{"file":"eventos-de-marketing-1020x551.png","width":1020,"height":551,"filesize":955391,"mime_type":"image\/png","url":"https:\/\/www.inesem.es\/revistadigital\/gestion-empresarial\/files\/2026\/04\/eventos-de-marketing-1020x551.png"},"thumbnail":{"file":"eventos-de-marketing-345x180.png","width":345,"height":180,"filesize":119001,"mime_type":"image\/png","url":"https:\/\/www.inesem.es\/revistadigital\/gestion-empresarial\/files\/2026\/04\/eventos-de-marketing-345x180.png"},"medium_large":{"file":"eventos-de-marketing-768x415.png","width":768,"height":415,"filesize":550930,"mime_type":"image\/png","url":"https:\/\/www.inesem.es\/revistadigital\/gestion-empresarial\/files\/2026\/04\/eventos-de-marketing-768x415.png"},"thumb-small":{"file":"eventos-de-marketing-80x80.png","width":80,"height":80,"filesize":13256,"mime_type":"image\/png","url":"https:\/\/www.inesem.es\/revistadigital\/gestion-empresarial\/files\/2026\/04\/eventos-de-marketing-80x80.png"},"thumb-standard":{"file":"eventos-de-marketing-320x320.png","width":320,"height":320,"filesize":157748,"mime_type":"image\/png","url":"https:\/\/www.inesem.es\/revistadigital\/gestion-empresarial\/files\/2026\/04\/eventos-de-marketing-320x320.png"},"thumb-medium":{"file":"eventos-de-marketing-520x245.png","width":520,"height":245,"filesize":236550,"mime_type":"image\/png","url":"https:\/\/www.inesem.es\/revistadigital\/gestion-empresarial\/files\/2026\/04\/eventos-de-marketing-520x245.png"},"thumb-large":{"file":"eventos-de-marketing-720x340.png","width":720,"height":340,"filesize":439027,"mime_type":"image\/png","url":"https:\/\/www.inesem.es\/revistadigital\/gestion-empresarial\/files\/2026\/04\/eventos-de-marketing-720x340.png"},"thumb-anteriores":{"file":"eventos-de-marketing-230x163.png","width":230,"height":163,"filesize":70804,"mime_type":"image\/png","url":"https:\/\/www.inesem.es\/revistadigital\/gestion-empresarial\/files\/2026\/04\/eventos-de-marketing-230x163.png"},"thumb-inverso":{"file":"eventos-de-marketing-369x261.png","width":369,"height":261,"filesize":167456,"mime_type":"image\/png","url":"https:\/\/www.inesem.es\/revistadigital\/gestion-empresarial\/files\/2026\/04\/eventos-de-marketing-369x261.png"},"thumb-cercano":{"file":"eventos-de-marketing-650x200.png","width":650,"height":200,"filesize":246013,"mime_type":"image\/png","url":"https:\/\/www.inesem.es\/revistadigital\/gestion-empresarial\/files\/2026\/04\/eventos-de-marketing-650x200.png"},"thumb-slider":{"file":"eventos-de-marketing-574x430.png","width":574,"height":430,"filesize":399138,"mime_type":"image\/png","url":"https:\/\/www.inesem.es\/revistadigital\/gestion-empresarial\/files\/2026\/04\/eventos-de-marketing-574x430.png"},"thumb-busqueda":{"file":"eventos-de-marketing-580x375.png","width":580,"height":375,"filesize":366422,"mime_type":"image\/png","url":"https:\/\/www.inesem.es\/revistadigital\/gestion-empresarial\/files\/2026\/04\/eventos-de-marketing-580x375.png"},"thumb-formacion-continua":{"file":"eventos-de-marketing-440x336.png","width":440,"height":336,"filesize":243411,"mime_type":"image\/png","url":"https:\/\/www.inesem.es\/revistadigital\/gestion-empresarial\/files\/2026\/04\/eventos-de-marketing-440x336.png"},"thumb-xlarge":{"file":"eventos-de-marketing-980x450.png","width":980,"height":450,"filesize":778399,"mime_type":"image\/png","url":"https:\/\/www.inesem.es\/revistadigital\/gestion-empresarial\/files\/2026\/04\/eventos-de-marketing-980x450.png"},"thumb-xxlarge":{"file":"eventos-de-marketing-1301x500.png","width":1301,"height":500,"filesize":823076,"mime_type":"image\/png","url":"https:\/\/www.inesem.es\/revistadigital\/gestion-empresarial\/files\/2026\/04\/eventos-de-marketing-1301x500.png"}},"image_meta":{"aperture":"0","credit":"","camera":"","caption":"","created_timestamp":"0","copyright":"","focal_length":"0","iso":"0","shutter_speed":"0","title":"","orientation":"0","keywords":[]}}},"_links":{"self":[{"href":"https:\/\/www.inesem.es\/revistadigital\/gestion-empresarial\/wp-json\/wp\/v2\/posts\/14687"}],"collection":[{"href":"https:\/\/www.inesem.es\/revistadigital\/gestion-empresarial\/wp-json\/wp\/v2\/posts"}],"about":[{"href":"https:\/\/www.inesem.es\/revistadigital\/gestion-empresarial\/wp-json\/wp\/v2\/types\/post"}],"author":[{"embeddable":true,"href":"https:\/\/www.inesem.es\/revistadigital\/gestion-empresarial\/wp-json\/wp\/v2\/users\/92027"}],"replies":[{"embeddable":true,"href":"https:\/\/www.inesem.es\/revistadigital\/gestion-empresarial\/wp-json\/wp\/v2\/comments?post=14687"}],"version-history":[{"count":0,"href":"https:\/\/www.inesem.es\/revistadigital\/gestion-empresarial\/wp-json\/wp\/v2\/posts\/14687\/revisions"}],"wp:featuredmedia":[{"embeddable":true,"href":"https:\/\/www.inesem.es\/revistadigital\/gestion-empresarial\/wp-json\/wp\/v2\/media\/14690"}],"wp:attachment":[{"href":"https:\/\/www.inesem.es\/revistadigital\/gestion-empresarial\/wp-json\/wp\/v2\/media?parent=14687"}],"wp:term":[{"taxonomy":"category","embeddable":true,"href":"https:\/\/www.inesem.es\/revistadigital\/gestion-empresarial\/wp-json\/wp\/v2\/categories?post=14687"}],"curies":[{"name":"wp","href":"https:\/\/api.w.org\/{rel}","templated":true}]}}