{"id":2961,"date":"2019-09-24T13:44:18","date_gmt":"2019-09-24T11:44:18","guid":{"rendered":"https:\/\/www.inesem.es\/revistadigital\/informatica-y-tics\/?p=2961"},"modified":"2021-11-29T09:53:18","modified_gmt":"2021-11-29T08:53:18","slug":"inteligencia-artificial-en-el-futuro","status":"publish","type":"post","link":"https:\/\/www.inesem.es\/revistadigital\/informatica-y-tics\/inteligencia-artificial-en-el-futuro","title":{"rendered":"Inteligencia Artificial, \u00bfqu\u00e9 nos depara el futuro?"},"content":{"rendered":"<p style=\"text-align: justify;\">Las tecnolog\u00edas inteligentes no solo est\u00e1n cambiando nuestros hogares. Se est\u00e1n abriendo camino en muchas industrias y est\u00e1n irrumpiendo en el lugar de trabajo. La <strong>Inteligencia Artificial en el futuro<\/strong> m\u00e1s cercano tiene el potencial de mejorar la productividad, la eficiencia y la precisi\u00f3n en una organizaci\u00f3n.<\/p>\n<p style=\"text-align: justify;\">Debido a que Big Data ha llegado para quedarse, se prev\u00e9 que la <strong>Inteligencia Artificial en el futuro<\/strong> previsible tenga una gran demanda. Los datos y la IA se est\u00e1n fusionando en una relaci\u00f3n sin\u00e9rgica. En este \u00e1mbito la IA es in\u00fatil sin datos y los datos son insuperables sin IA.<\/p>\n<p style=\"text-align: justify;\">Para saber m\u00e1s puede consultar el art\u00edculo sobre <a href=\"https:\/\/www.vass.es\/el-big-data-aplicado-a-la-inteligencia-artificial\/\" target=\"_blank\" rel=\"nofollow noopener noreferrer\">Big Data aplicado a IA<\/a>.<\/p>\n<p style=\"text-align: justify;\">Hay enormes cantidades de datos empresariales en varios silos organizacionales. Tambi\u00e9n hay disponibles una gran variedad de fuentes de datos de dominio p\u00fablico. El acceso a los datos ser\u00e1 fundamental en el desarrollo de la inteligencia artificial.<\/p>\n<p style=\"text-align: justify;\">Hacer conexiones entre estos conjuntos de datos permite una visi\u00f3n hol\u00edstica (global) de un problema complejo. A partir de esta visi\u00f3n se pueden <strong>identificar nuevos conocimientos impulsados por la IA.<\/strong> Por tanto, la inteligencia artificial se est\u00e1 convirtiendo en un proceso c\u00edclico y continuo con Big Data.<\/p>\n<p style=\"text-align: justify;\">Es una fase cr\u00edtica en el proceso de digitalizaci\u00f3n de las empresas. Puede consultar el art\u00edculo sobre el <a href=\"https:\/\/www.inesem.es\/revistadigital\/gestion-empresarial\/proceso-de-digitalizacion\/\" target=\"_blank\" rel=\"noopener noreferrer\">proceso de digitalizaci\u00f3n empresarial <\/a>para tener m\u00e1s informaci\u00f3n<\/p>\n<p style=\"text-align: justify;\">Primero, los datos se introducen en el motor de IA, lo que hace que la IA sea m\u00e1s inteligente. A continuaci\u00f3n, se necesita menos intervenci\u00f3n humana para que la IA funcione correctamente. Finalmente, cuantas menos personas necesite la IA, m\u00e1s cerca estar\u00e1 la sociedad de apreciar todo el potencial de este ciclo continuo de IA \/ Big Data.<\/p>\n<div id=\"ez-toc-container\" class=\"ez-toc-v2_0_72 counter-hierarchy ez-toc-counter ez-toc-grey ez-toc-container-direction\">\n<div class=\"ez-toc-title-container\">\n<p class=\"ez-toc-title\" style=\"cursor:inherit\">Table of Contents<\/p>\n<span class=\"ez-toc-title-toggle\"><a href=\"#\" class=\"ez-toc-pull-right ez-toc-btn ez-toc-btn-xs ez-toc-btn-default ez-toc-toggle\" aria-label=\"Toggle Table of Content\"><span class=\"ez-toc-js-icon-con\"><span class=\"\"><span class=\"eztoc-hide\" style=\"display:none;\">Toggle<\/span><span class=\"ez-toc-icon-toggle-span\"><svg style=\"fill: #999;color:#999\" xmlns=\"http:\/\/www.w3.org\/2000\/svg\" class=\"list-377408\" width=\"20px\" height=\"20px\" viewBox=\"0 0 24 24\" fill=\"none\"><path d=\"M6 6H4v2h2V6zm14 0H8v2h12V6zM4 11h2v2H4v-2zm16 0H8v2h12v-2zM4 16h2v2H4v-2zm16 0H8v2h12v-2z\" fill=\"currentColor\"><\/path><\/svg><svg style=\"fill: #999;color:#999\" class=\"arrow-unsorted-368013\" xmlns=\"http:\/\/www.w3.org\/2000\/svg\" width=\"10px\" height=\"10px\" viewBox=\"0 0 24 24\" version=\"1.2\" baseProfile=\"tiny\"><path d=\"M18.2 9.3l-6.2-6.3-6.2 6.3c-.2.2-.3.4-.3.7s.1.5.3.7c.2.2.4.3.7.3h11c.3 0 .5-.1.7-.3.2-.2.3-.5.3-.7s-.1-.5-.3-.7zM5.8 14.7l6.2 6.3 6.2-6.3c.2-.2.3-.5.3-.7s-.1-.5-.3-.7c-.2-.2-.4-.3-.7-.3h-11c-.3 0-.5.1-.7.3-.2.2-.3.5-.3.7s.1.5.3.7z\"\/><\/svg><\/span><\/span><\/span><\/a><\/span><\/div>\n<nav><ul class='ez-toc-list ez-toc-list-level-1 ' ><li class='ez-toc-page-1 ez-toc-heading-level-2'><a class=\"ez-toc-link ez-toc-heading-1\" href=\"https:\/\/www.inesem.es\/revistadigital\/informatica-y-tics\/inteligencia-artificial-en-el-futuro\/#Tecnologias_para_IA\" title=\"Tecnolog\u00edas para IA\">Tecnolog\u00edas para IA<\/a><\/li><li class='ez-toc-page-1 ez-toc-heading-level-2'><a class=\"ez-toc-link ez-toc-heading-2\" href=\"https:\/\/www.inesem.es\/revistadigital\/informatica-y-tics\/inteligencia-artificial-en-el-futuro\/#Impacto_de_la_IA_en_el_mercado\" title=\"Impacto de la IA en el mercado\">Impacto de la IA en el mercado<\/a><ul class='ez-toc-list-level-3' ><li class='ez-toc-heading-level-3'><a class=\"ez-toc-link ez-toc-heading-3\" href=\"https:\/\/www.inesem.es\/revistadigital\/informatica-y-tics\/inteligencia-artificial-en-el-futuro\/#Comercio_electronico_y_venta_minorista\" title=\"Comercio electr\u00f3nico y venta minorista\">Comercio electr\u00f3nico y venta minorista<\/a><\/li><li class='ez-toc-page-1 ez-toc-heading-level-3'><a class=\"ez-toc-link ez-toc-heading-4\" href=\"https:\/\/www.inesem.es\/revistadigital\/informatica-y-tics\/inteligencia-artificial-en-el-futuro\/#Marketing_digital_y_contenido\" title=\"Marketing digital y contenido\">Marketing digital y contenido<\/a><\/li><li class='ez-toc-page-1 ez-toc-heading-level-3'><a class=\"ez-toc-link ez-toc-heading-5\" href=\"https:\/\/www.inesem.es\/revistadigital\/informatica-y-tics\/inteligencia-artificial-en-el-futuro\/#Automocion\" title=\"Automoci\u00f3n\">Automoci\u00f3n<\/a><\/li><li class='ez-toc-page-1 ez-toc-heading-level-3'><a class=\"ez-toc-link ez-toc-heading-6\" href=\"https:\/\/www.inesem.es\/revistadigital\/informatica-y-tics\/inteligencia-artificial-en-el-futuro\/#Industria_y_manufactura\" title=\"Industria y manufactura\">Industria y manufactura<\/a><\/li><li class='ez-toc-page-1 ez-toc-heading-level-3'><a class=\"ez-toc-link ez-toc-heading-7\" href=\"https:\/\/www.inesem.es\/revistadigital\/informatica-y-tics\/inteligencia-artificial-en-el-futuro\/#Asistentes_inteligentes_domesticos\" title=\"Asistentes inteligentes dom\u00e9sticos\">Asistentes inteligentes dom\u00e9sticos<\/a><\/li><li class='ez-toc-page-1 ez-toc-heading-level-3'><a class=\"ez-toc-link ez-toc-heading-8\" href=\"https:\/\/www.inesem.es\/revistadigital\/informatica-y-tics\/inteligencia-artificial-en-el-futuro\/#Cuidado_de_la_salud_Healthcare\" title=\"Cuidado de la salud (Healthcare)\">Cuidado de la salud (Healthcare)<\/a><\/li><li class='ez-toc-page-1 ez-toc-heading-level-3'><a class=\"ez-toc-link ez-toc-heading-9\" href=\"https:\/\/www.inesem.es\/revistadigital\/informatica-y-tics\/inteligencia-artificial-en-el-futuro\/#Educacion\" title=\"Educaci\u00f3n\">Educaci\u00f3n<\/a><\/li><\/ul><\/li><li class='ez-toc-page-1 ez-toc-heading-level-2'><a class=\"ez-toc-link ez-toc-heading-10\" href=\"https:\/\/www.inesem.es\/revistadigital\/informatica-y-tics\/inteligencia-artificial-en-el-futuro\/#El_impacto_economico_y_social_global_de_la_IA_y_su_futuro\" title=\"El impacto econ\u00f3mico y social global de la IA y su futuro\">El impacto econ\u00f3mico y social global de la IA y su futuro<\/a><\/li><\/ul><\/nav><\/div>\n<h2 style=\"text-align: justify;\"><span class=\"ez-toc-section\" id=\"Tecnologias_para_IA\"><\/span>Tecnolog\u00edas para IA<span class=\"ez-toc-section-end\"><\/span><\/h2>\n<p style=\"text-align: justify;\">Pero antes de que AI y Big Data puedan evolucionar realmente al nivel que hemos visto en las pel\u00edculas de ciencia ficci\u00f3n, varias tecnolog\u00edas deber\u00e1n evolucionar primero. Esa evoluci\u00f3n requerir\u00e1 de la participaci\u00f3n de seres humanos con formaci\u00f3n en an\u00e1lisis de datos y programaci\u00f3n de algoritmos de IA.<\/p>\n<p style=\"text-align: justify;\">Los <strong>objetivos finales de la IA<\/strong> son los siguientes:<\/p>\n<ul style=\"text-align: justify;\">\n<li>Razonamiento.<\/li>\n<li>Programaci\u00f3n y aprendizaje automatizado.<\/li>\n<li>Aprendizaje autom\u00e1tico.<\/li>\n<li>Procesamiento del lenguaje natural (capacidad de comprender el habla humana tal como se habla).<\/li>\n<li>Visi\u00f3n por computadora (capacidad de extraer informaci\u00f3n precisa de una imagen o serie de im\u00e1genes).<\/li>\n<li>Rob\u00f3tica.<\/li>\n<li>Inteligencia general.<\/li>\n<\/ul>\n<p style=\"text-align: justify;\">Para que estos campos de IA maduren, los algoritmos de IA requerir\u00e1n grandes cantidades de datos. El procesamiento del lenguaje natural, por ejemplo, no ser\u00e1 posible sin millones de muestras de lenguaje humano. Estas muestras est\u00e1n grabadas y desglosadas en un formato que los motores de IA puedan procesar m\u00e1s f\u00e1cilmente.<\/p>\n<p style=\"text-align: justify;\">Big Data continuar\u00e1 creciendo a medida que la IA se convierta en una opci\u00f3n viable para automatizar m\u00e1s tareas. La <strong>Inteligencia Artificial en el futuro<\/strong> se convertir\u00e1 en un campo m\u00e1s grande a medida que haya m\u00e1s datos disponibles para el aprendizaje y el an\u00e1lisis.<\/p>\n<h2 style=\"text-align: justify;\"><span class=\"ez-toc-section\" id=\"Impacto_de_la_IA_en_el_mercado\"><\/span>Impacto de la IA en el mercado<span class=\"ez-toc-section-end\"><\/span><\/h2>\n<p style=\"text-align: justify;\">Hay varios sectores donde la IA marcar\u00e1 la diferencia. A continuaci\u00f3n, vemos algunos casos.<\/p>\n<p style=\"text-align: justify;\"><img loading=\"lazy\" decoding=\"async\" class=\"wp-image-2962 aligncenter\" src=\"https:\/\/www.inesem.es\/revistadigital\/informatica-y-tics\/files\/2019\/09\/Fotolia_70242641_Subscription_Monthly_M.jpg\" alt=\"La Inteligencia artificial en el futuro\" width=\"500\" height=\"407\" srcset=\"https:\/\/www.inesem.es\/revistadigital\/informatica-y-tics\/files\/2019\/09\/Fotolia_70242641_Subscription_Monthly_M.jpg 1527w, https:\/\/www.inesem.es\/revistadigital\/informatica-y-tics\/files\/2019\/09\/Fotolia_70242641_Subscription_Monthly_M-175x143.jpg 175w, https:\/\/www.inesem.es\/revistadigital\/informatica-y-tics\/files\/2019\/09\/Fotolia_70242641_Subscription_Monthly_M-768x626.jpg 768w, https:\/\/www.inesem.es\/revistadigital\/informatica-y-tics\/files\/2019\/09\/Fotolia_70242641_Subscription_Monthly_M-1020x831.jpg 1020w, https:\/\/www.inesem.es\/revistadigital\/informatica-y-tics\/files\/2019\/09\/Fotolia_70242641_Subscription_Monthly_M-600x489.jpg 600w\" sizes=\"(max-width: 500px) 100vw, 500px\" \/><\/p>\n<h3 style=\"text-align: justify;\"><span class=\"ez-toc-section\" id=\"Comercio_electronico_y_venta_minorista\"><\/span>Comercio electr\u00f3nico y venta minorista<span class=\"ez-toc-section-end\"><\/span><\/h3>\n<p style=\"text-align: justify;\">Las tecnolog\u00edas de inteligencia artificial como <a href=\"https:\/\/www.inesem.es\/revistadigital\/gestion-empresarial\/que-es-un-chatbot\/\" target=\"_blank\" rel=\"noopener noreferrer\">chatbots,<\/a> experiencias de compra personalizadas y recomendaciones de productos ya son habituales. Sin embargo, la IA tambi\u00e9n tiene el potencial de racionalizar las operaciones. Por ejemplo, la IA se puede usar para predecir los pr\u00f3ximos pedidos de los clientes para la pr\u00f3xima temporada.<\/p>\n<h3 style=\"text-align: justify;\"><span class=\"ez-toc-section\" id=\"Marketing_digital_y_contenido\"><\/span>Marketing digital y contenido<span class=\"ez-toc-section-end\"><\/span><\/h3>\n<p style=\"text-align: justify;\">La IA puede ayudar a los especialistas en marketing a personalizar y orientar el contenido del correo electr\u00f3nico, identificar temas para usar y, por supuesto, analizar los resultados de las campa\u00f1as de marketing de contenido.<\/p>\n<p style=\"text-align: justify;\">Pero la IA tambi\u00e9n puede desempe\u00f1ar un papel importante en el \u00e1rea de creaci\u00f3n de contenido.<\/p>\n<h3 style=\"text-align: justify;\"><span class=\"ez-toc-section\" id=\"Automocion\"><\/span>Automoci\u00f3n<span class=\"ez-toc-section-end\"><\/span><\/h3>\n<p style=\"text-align: justify;\">La inteligencia artificial es la tecnolog\u00eda que impulsa esta tendencia creciente.<\/p>\n<h3 style=\"text-align: justify;\"><span class=\"ez-toc-section\" id=\"Industria_y_manufactura\"><\/span>Industria y manufactura<span class=\"ez-toc-section-end\"><\/span><\/h3>\n<p style=\"text-align: justify;\">La IA es parte fundamental de la automatizaci\u00f3n en el espacio de fabricaci\u00f3n, apoy\u00e1ndose en la rob\u00f3tica.<\/p>\n<h3 style=\"text-align: justify;\"><span class=\"ez-toc-section\" id=\"Asistentes_inteligentes_domesticos\"><\/span>Asistentes inteligentes dom\u00e9sticos<span class=\"ez-toc-section-end\"><\/span><\/h3>\n<p style=\"text-align: justify;\">Gracias a la IA, ha habido mejoras significativas en el procesamiento del lenguaje natural y el reconocimiento de voz. Los altavoces dom\u00e9sticos inteligentes y otros asistentes digitales son cada vez m\u00e1s precisos en su capacidad para comprender comandos y consultas.<\/p>\n<h3 style=\"text-align: justify;\"><span class=\"ez-toc-section\" id=\"Cuidado_de_la_salud_Healthcare\"><\/span>Cuidado de la salud (Healthcare)<span class=\"ez-toc-section-end\"><\/span><\/h3>\n<p style=\"text-align: justify;\">La IA hace posible diagn\u00f3sticos virtuales, mejor log\u00edstica del paciente, incluso cirug\u00eda rob\u00f3tica. <strong>La Inteligencia Artificial en el futuro<\/strong> continuar\u00e1 haciendo posible mejores resultados de atenci\u00f3n m\u00e9dica y mejorar\u00e1 los costes a largo plazo. El an\u00e1lisis del big data ayuda a crear una experiencia m\u00e1s personalizada para el paciente. Consulte el art\u00edculo <a href=\"https:\/\/www.inesem.es\/revistadigital\/biosanitario\/imagen-para-el-diagnostico\/\" target=\"_blank\" rel=\"noopener noreferrer\">Imagen para el diagn\u00f3stico<\/a>.<\/p>\n<h3 style=\"text-align: justify;\"><span class=\"ez-toc-section\" id=\"Educacion\"><\/span>Educaci\u00f3n<span class=\"ez-toc-section-end\"><\/span><\/h3>\n<p style=\"text-align: justify;\">Los tutores virtuales en las primeras etapas ayudan a los instructores humanos. El an\u00e1lisis facial mide las emociones de los estudiantes para determinar su inter\u00e9s. As\u00ed se podr\u00e1 adaptar mejor la experiencia a sus necesidades individuales.<\/p>\n<h2 style=\"text-align: justify;\"><span class=\"ez-toc-section\" id=\"El_impacto_economico_y_social_global_de_la_IA_y_su_futuro\"><\/span>El impacto econ\u00f3mico y social global de la IA y su futuro<span class=\"ez-toc-section-end\"><\/span><\/h2>\n<p style=\"text-align: justify;\">Seg\u00fan un estudio de Mckinsey, es probable que la IA tenga dos impactos principales en la econom\u00eda global:<\/p>\n<ul style=\"text-align: justify;\">\n<li>La inteligencia artificial tiene el potencial de desempe\u00f1ar un papel importante en la econom\u00eda.<\/li>\n<li>La IA puede contribuir a ampliar las brechas que ya existen entre naciones, trabajadores y empresas.<\/li>\n<\/ul>\n<p style=\"text-align: justify;\">Puede consultar el <a href=\"https:\/\/www.mckinsey.com\/featured-insights\/artificial-intelligence\/notes-from-the-ai-frontier-modeling-the-impact-of-ai-on-the-world-economy\" target=\"_blank\" rel=\"nofollow noopener noreferrer\">estudio de Mckinsey<\/a>.<\/p>\n<p style=\"text-align: justify;\">Aunque la IA afectar\u00e1 a todos los sectores de alguna manera, no todos los trabajos tienen el mismo riesgo. PwC predice un desplazamiento relativamente bajo de empleos (alrededor del 3%) en la primera ola de automatizaci\u00f3n. Pero esto podr\u00eda aumentar dr\u00e1sticamente hasta un 30% a mediados de 2030. Las ocupaciones dentro de la industria del transporte podr\u00edan tener un riesgo mucho mayor. Mientras que los trabajos que requieren habilidades sociales, emocionales y literarias tienen el menor riesgo de desplazamiento.<\/p>\n<p style=\"text-align: justify;\">En el <a href=\"https:\/\/www.pwc.com\/gx\/en\/issues\/data-and-analytics\/publications\/artificial-intelligence-study.html\" target=\"_blank\" rel=\"nofollow noopener noreferrer\">estudio de PwC<\/a> puede consultar m\u00e1s detalles.<\/p>\n<p style=\"text-align: justify;\">La inteligencia artificial cambiar\u00e1 nuestro mundo tanto dentro como fuera del lugar de trabajo. Pero probablemente la <strong>Inteligencia Artificial en el futuro<\/strong> provoque la creaci\u00f3n de m\u00e1s empleos que su p\u00e9rdida. A medida que desarrollemos tecnolog\u00edas innovadoras, la IA tendr\u00e1 un impacto positivo en nuestra econom\u00eda al crear trabajos que requieren el conjunto de habilidades para implementar nuevos sistemas.<\/p>\n<p style=\"text-align: justify;\">Es probable que la <strong>inteligencia artificial en el futuro<\/strong> pronto reemplace los trabajos que involucren tareas repetitivas o b\u00e1sicas de resoluci\u00f3n de problemas, e incluso supere la capacidad humana actual. Los sistemas de IA tomar\u00e1n decisiones en lugar de humanos en entornos industriales, roles de servicio al cliente y dentro de instituciones financieras. La toma de decisiones automatizada ser\u00e1 responsable de tareas tales como la aprobaci\u00f3n de pr\u00e9stamos, o identificar corrupci\u00f3n y delitos financieros.<\/p>\n","protected":false},"excerpt":{"rendered":"<p>Las tecnolog\u00edas inteligentes no solo est\u00e1n cambiando nuestros hogares. Se est\u00e1n abriendo camino en muchas industrias y est\u00e1n irrumpiendo en el lugar de trabajo. La Inteligencia Artificial en el futuro m\u00e1s cercano tiene el potencial de mejorar la productividad, la eficiencia y la precisi\u00f3n en una organizaci\u00f3n.<\/p>\n","protected":false},"author":90586,"featured_media":2963,"comment_status":"open","ping_status":"open","sticky":false,"template":"","format":"standard","meta":{"footnotes":""},"categories":[5],"class_list":["post-2961","post","type-post","status-publish","format-standard","has-post-thumbnail","hentry","category-desarrollo-de-aplicaciones"],"yoast_head":"<!-- This site is optimized with the Yoast SEO plugin v23.5 - https:\/\/yoast.com\/wordpress\/plugins\/seo\/ -->\n<title>Inteligencia Artificial en el futuro, \u00bfhacia d\u00f3nde avanzamos?<\/title>\n<meta name=\"description\" content=\"La IA ha llega a nuestra vidas para quedarse, pero \u00bfsabemos que nos depara la inteligencia artificial en el futuro? \u00a1Desc\u00fabrelo!\" \/>\n<meta name=\"robots\" content=\"index, follow, max-snippet:-1, max-image-preview:large, max-video-preview:-1\" \/>\n<link rel=\"canonical\" href=\"https:\/\/www.inesem.es\/revistadigital\/informatica-y-tics\/inteligencia-artificial-en-el-futuro\" \/>\n<meta property=\"og:locale\" content=\"es_ES\" \/>\n<meta property=\"og:type\" content=\"article\" \/>\n<meta property=\"og:title\" content=\"Inteligencia Artificial en el futuro, \u00bfhacia d\u00f3nde avanzamos?\" \/>\n<meta property=\"og:description\" content=\"La IA ha llega a nuestra vidas para quedarse, pero \u00bfsabemos que nos depara la inteligencia artificial en el futuro? \u00a1Desc\u00fabrelo!\" \/>\n<meta property=\"og:url\" content=\"https:\/\/www.inesem.es\/revistadigital\/informatica-y-tics\/inteligencia-artificial-en-el-futuro\" \/>\n<meta property=\"og:site_name\" content=\"Canal Inform\u00e1tica y TICS\" \/>\n<meta property=\"article:publisher\" content=\"https:\/\/www.facebook.com\/InesemBusinessSchool\/\" \/>\n<meta property=\"article:published_time\" content=\"2019-09-24T11:44:18+00:00\" \/>\n<meta property=\"article:modified_time\" content=\"2021-11-29T08:53:18+00:00\" \/>\n<meta property=\"og:image\" content=\"https:\/\/www.inesem.es\/revistadigital\/informatica-y-tics\/files\/2019\/09\/Fotolia_55656337_Subscription_Monthly_XXL.jpg\" \/>\n\t<meta property=\"og:image:width\" content=\"1600\" \/>\n\t<meta property=\"og:image:height\" content=\"1067\" \/>\n\t<meta property=\"og:image:type\" content=\"image\/jpeg\" \/>\n<meta name=\"author\" content=\"V\u00edctor Manuel Acosta\" \/>\n<meta name=\"twitter:card\" content=\"summary_large_image\" \/>\n<meta name=\"twitter:creator\" content=\"@inesem\" \/>\n<meta name=\"twitter:site\" content=\"@inesem\" \/>\n<meta name=\"twitter:label1\" content=\"Escrito por\" \/>\n\t<meta name=\"twitter:data1\" content=\"V\u00edctor Manuel Acosta\" \/>\n\t<meta name=\"twitter:label2\" content=\"Tiempo de lectura\" \/>\n\t<meta name=\"twitter:data2\" content=\"6 minutos\" \/>\n<script type=\"application\/ld+json\" class=\"yoast-schema-graph\">{\"@context\":\"https:\/\/schema.org\",\"@graph\":[{\"@type\":\"Article\",\"@id\":\"https:\/\/www.inesem.es\/revistadigital\/informatica-y-tics\/inteligencia-artificial-en-el-futuro#article\",\"isPartOf\":{\"@id\":\"https:\/\/www.inesem.es\/revistadigital\/informatica-y-tics\/inteligencia-artificial-en-el-futuro\"},\"author\":{\"name\":\"V\u00edctor Manuel Acosta\",\"@id\":\"https:\/\/www.inesem.es\/revistadigital\/informatica-y-tics\/#\/schema\/person\/abe9d4379d8e0377cad8164aa97cff44\"},\"headline\":\"Inteligencia Artificial, \u00bfqu\u00e9 nos depara el futuro?\",\"datePublished\":\"2019-09-24T11:44:18+00:00\",\"dateModified\":\"2021-11-29T08:53:18+00:00\",\"mainEntityOfPage\":{\"@id\":\"https:\/\/www.inesem.es\/revistadigital\/informatica-y-tics\/inteligencia-artificial-en-el-futuro\"},\"wordCount\":1175,\"commentCount\":2,\"publisher\":{\"@id\":\"https:\/\/www.inesem.es\/revistadigital\/informatica-y-tics\/#organization\"},\"image\":{\"@id\":\"https:\/\/www.inesem.es\/revistadigital\/informatica-y-tics\/inteligencia-artificial-en-el-futuro#primaryimage\"},\"thumbnailUrl\":\"https:\/\/www.inesem.es\/revistadigital\/informatica-y-tics\/files\/2019\/09\/Fotolia_55656337_Subscription_Monthly_XXL.jpg\",\"articleSection\":[\"Desarrollo de Aplicaciones\"],\"inLanguage\":\"es\",\"potentialAction\":[{\"@type\":\"CommentAction\",\"name\":\"Comment\",\"target\":[\"https:\/\/www.inesem.es\/revistadigital\/informatica-y-tics\/inteligencia-artificial-en-el-futuro#respond\"]}]},{\"@type\":\"WebPage\",\"@id\":\"https:\/\/www.inesem.es\/revistadigital\/informatica-y-tics\/inteligencia-artificial-en-el-futuro\",\"url\":\"https:\/\/www.inesem.es\/revistadigital\/informatica-y-tics\/inteligencia-artificial-en-el-futuro\",\"name\":\"Inteligencia Artificial en el futuro, \u00bfhacia d\u00f3nde avanzamos?\",\"isPartOf\":{\"@id\":\"https:\/\/www.inesem.es\/revistadigital\/informatica-y-tics\/#website\"},\"primaryImageOfPage\":{\"@id\":\"https:\/\/www.inesem.es\/revistadigital\/informatica-y-tics\/inteligencia-artificial-en-el-futuro#primaryimage\"},\"image\":{\"@id\":\"https:\/\/www.inesem.es\/revistadigital\/informatica-y-tics\/inteligencia-artificial-en-el-futuro#primaryimage\"},\"thumbnailUrl\":\"https:\/\/www.inesem.es\/revistadigital\/informatica-y-tics\/files\/2019\/09\/Fotolia_55656337_Subscription_Monthly_XXL.jpg\",\"datePublished\":\"2019-09-24T11:44:18+00:00\",\"dateModified\":\"2021-11-29T08:53:18+00:00\",\"description\":\"La IA ha llega a nuestra vidas para quedarse, pero \u00bfsabemos que nos depara la inteligencia artificial en el futuro? \u00a1Desc\u00fabrelo!\",\"breadcrumb\":{\"@id\":\"https:\/\/www.inesem.es\/revistadigital\/informatica-y-tics\/inteligencia-artificial-en-el-futuro#breadcrumb\"},\"inLanguage\":\"es\",\"potentialAction\":[{\"@type\":\"ReadAction\",\"target\":[\"https:\/\/www.inesem.es\/revistadigital\/informatica-y-tics\/inteligencia-artificial-en-el-futuro\"]}]},{\"@type\":\"ImageObject\",\"inLanguage\":\"es\",\"@id\":\"https:\/\/www.inesem.es\/revistadigital\/informatica-y-tics\/inteligencia-artificial-en-el-futuro#primaryimage\",\"url\":\"https:\/\/www.inesem.es\/revistadigital\/informatica-y-tics\/files\/2019\/09\/Fotolia_55656337_Subscription_Monthly_XXL.jpg\",\"contentUrl\":\"https:\/\/www.inesem.es\/revistadigital\/informatica-y-tics\/files\/2019\/09\/Fotolia_55656337_Subscription_Monthly_XXL.jpg\",\"width\":\"1600\",\"height\":\"1067\",\"caption\":\"La Inteligencia artificial en el futuro\"},{\"@type\":\"BreadcrumbList\",\"@id\":\"https:\/\/www.inesem.es\/revistadigital\/informatica-y-tics\/inteligencia-artificial-en-el-futuro#breadcrumb\",\"itemListElement\":[{\"@type\":\"ListItem\",\"position\":1,\"name\":\"Home\",\"item\":\"https:\/\/www.inesem.es\/revistadigital\/informatica-y-tics\/\"},{\"@type\":\"ListItem\",\"position\":2,\"name\":\"Desarrollo de Aplicaciones\",\"item\":\"https:\/\/www.inesem.es\/revistadigital\/informatica-y-tics\/categorias\/desarrollo-de-aplicaciones\"},{\"@type\":\"ListItem\",\"position\":3,\"name\":\"Inteligencia Artificial, \u00bfqu\u00e9 nos depara el futuro?\"}]},{\"@type\":\"WebSite\",\"@id\":\"https:\/\/www.inesem.es\/revistadigital\/informatica-y-tics\/#website\",\"url\":\"https:\/\/www.inesem.es\/revistadigital\/informatica-y-tics\/\",\"name\":\"Canal Inform\u00e1tica y TICS\",\"description\":\"Canal de Noticias gestionado por el Departamento Docente de Inform\u00e1tica y TICS de INESEM\",\"publisher\":{\"@id\":\"https:\/\/www.inesem.es\/revistadigital\/informatica-y-tics\/#organization\"},\"potentialAction\":[{\"@type\":\"SearchAction\",\"target\":{\"@type\":\"EntryPoint\",\"urlTemplate\":\"https:\/\/www.inesem.es\/revistadigital\/informatica-y-tics\/?s={search_term_string}\"},\"query-input\":{\"@type\":\"PropertyValueSpecification\",\"valueRequired\":true,\"valueName\":\"search_term_string\"}}],\"inLanguage\":\"es\"},{\"@type\":\"Organization\",\"@id\":\"https:\/\/www.inesem.es\/revistadigital\/informatica-y-tics\/#organization\",\"name\":\"Canal Inform\u00e1tica y TICS\",\"url\":\"https:\/\/www.inesem.es\/revistadigital\/informatica-y-tics\/\",\"logo\":{\"@type\":\"ImageObject\",\"inLanguage\":\"es\",\"@id\":\"https:\/\/www.inesem.es\/revistadigital\/informatica-y-tics\/#\/schema\/logo\/image\/\",\"url\":\"\",\"contentUrl\":\"\",\"caption\":\"Canal Inform\u00e1tica y TICS\"},\"image\":{\"@id\":\"https:\/\/www.inesem.es\/revistadigital\/informatica-y-tics\/#\/schema\/logo\/image\/\"},\"sameAs\":[\"https:\/\/www.facebook.com\/InesemBusinessSchool\/\",\"https:\/\/x.com\/inesem\",\"http:\/\/www.linkedin.com\/company\/2370697\",\"https:\/\/www.youtube.com\/user\/inesembusinesschool\/\"]},{\"@type\":\"Person\",\"@id\":\"https:\/\/www.inesem.es\/revistadigital\/informatica-y-tics\/#\/schema\/person\/abe9d4379d8e0377cad8164aa97cff44\",\"name\":\"V\u00edctor Manuel Acosta\",\"image\":{\"@type\":\"ImageObject\",\"inLanguage\":\"es\",\"@id\":\"https:\/\/www.inesem.es\/revistadigital\/informatica-y-tics\/#\/schema\/person\/image\/\",\"url\":\"https:\/\/www.inesem.es\/revistadigital\/wp-content\/uploads\/2018\/03\/V\u00edctor-Manuel-Acosta_avatar_1520959729-96x96.jpg\",\"contentUrl\":\"https:\/\/www.inesem.es\/revistadigital\/wp-content\/uploads\/2018\/03\/V\u00edctor-Manuel-Acosta_avatar_1520959729-96x96.jpg\",\"caption\":\"V\u00edctor Manuel Acosta\"},\"description\":\"EDUCACI\u00d3N: \u2022 Ingeniero en Inform\u00e1tica. Especialidad en Inteligencia Artificial por la Universidad de Granada. EXPERIENCIA: \u2022 Profesor del Departamento de Inform\u00e1tica de INESEM Business School. \u2022 Docente M\u00e1ster Elearning de la Universidad de Sevilla. ESCRIBE SOBRE: Tics \u00b7 An\u00e1lisis de Datos \u00b7 Desarrollo de Apps \u00b7 Ciberseguridad Ingeniero en Inform\u00e1tica. Especialidad en Inteligencia Artificial Cuenta con ampl\u00eda experiencia en el mundo educativo as\u00ed como en el desarrollo de proyectos web y trazabilidad multiplataforma.\",\"url\":\"https:\/\/www.inesem.es\/revistadigital\/informatica-y-tics\/autores\/victor-acosta\"}]}<\/script>\n<!-- \/ Yoast SEO plugin. -->","yoast_head_json":{"title":"Inteligencia Artificial en el futuro, \u00bfhacia d\u00f3nde avanzamos?","description":"La IA ha llega a nuestra vidas para quedarse, pero \u00bfsabemos que nos depara la inteligencia artificial en el futuro? \u00a1Desc\u00fabrelo!","robots":{"index":"index","follow":"follow","max-snippet":"max-snippet:-1","max-image-preview":"max-image-preview:large","max-video-preview":"max-video-preview:-1"},"canonical":"https:\/\/www.inesem.es\/revistadigital\/informatica-y-tics\/inteligencia-artificial-en-el-futuro","og_locale":"es_ES","og_type":"article","og_title":"Inteligencia Artificial en el futuro, \u00bfhacia d\u00f3nde avanzamos?","og_description":"La IA ha llega a nuestra vidas para quedarse, pero \u00bfsabemos que nos depara la inteligencia artificial en el futuro? \u00a1Desc\u00fabrelo!","og_url":"https:\/\/www.inesem.es\/revistadigital\/informatica-y-tics\/inteligencia-artificial-en-el-futuro","og_site_name":"Canal Inform\u00e1tica y TICS","article_publisher":"https:\/\/www.facebook.com\/InesemBusinessSchool\/","article_published_time":"2019-09-24T11:44:18+00:00","article_modified_time":"2021-11-29T08:53:18+00:00","og_image":[{"width":1600,"height":1067,"url":"https:\/\/www.inesem.es\/revistadigital\/informatica-y-tics\/files\/2019\/09\/Fotolia_55656337_Subscription_Monthly_XXL.jpg","type":"image\/jpeg"}],"author":"V\u00edctor Manuel Acosta","twitter_card":"summary_large_image","twitter_creator":"@inesem","twitter_site":"@inesem","twitter_misc":{"Escrito por":"V\u00edctor Manuel Acosta","Tiempo de lectura":"6 minutos"},"schema":{"@context":"https:\/\/schema.org","@graph":[{"@type":"Article","@id":"https:\/\/www.inesem.es\/revistadigital\/informatica-y-tics\/inteligencia-artificial-en-el-futuro#article","isPartOf":{"@id":"https:\/\/www.inesem.es\/revistadigital\/informatica-y-tics\/inteligencia-artificial-en-el-futuro"},"author":{"name":"V\u00edctor Manuel Acosta","@id":"https:\/\/www.inesem.es\/revistadigital\/informatica-y-tics\/#\/schema\/person\/abe9d4379d8e0377cad8164aa97cff44"},"headline":"Inteligencia Artificial, \u00bfqu\u00e9 nos depara el futuro?","datePublished":"2019-09-24T11:44:18+00:00","dateModified":"2021-11-29T08:53:18+00:00","mainEntityOfPage":{"@id":"https:\/\/www.inesem.es\/revistadigital\/informatica-y-tics\/inteligencia-artificial-en-el-futuro"},"wordCount":1175,"commentCount":2,"publisher":{"@id":"https:\/\/www.inesem.es\/revistadigital\/informatica-y-tics\/#organization"},"image":{"@id":"https:\/\/www.inesem.es\/revistadigital\/informatica-y-tics\/inteligencia-artificial-en-el-futuro#primaryimage"},"thumbnailUrl":"https:\/\/www.inesem.es\/revistadigital\/informatica-y-tics\/files\/2019\/09\/Fotolia_55656337_Subscription_Monthly_XXL.jpg","articleSection":["Desarrollo de Aplicaciones"],"inLanguage":"es","potentialAction":[{"@type":"CommentAction","name":"Comment","target":["https:\/\/www.inesem.es\/revistadigital\/informatica-y-tics\/inteligencia-artificial-en-el-futuro#respond"]}]},{"@type":"WebPage","@id":"https:\/\/www.inesem.es\/revistadigital\/informatica-y-tics\/inteligencia-artificial-en-el-futuro","url":"https:\/\/www.inesem.es\/revistadigital\/informatica-y-tics\/inteligencia-artificial-en-el-futuro","name":"Inteligencia Artificial en el futuro, \u00bfhacia d\u00f3nde avanzamos?","isPartOf":{"@id":"https:\/\/www.inesem.es\/revistadigital\/informatica-y-tics\/#website"},"primaryImageOfPage":{"@id":"https:\/\/www.inesem.es\/revistadigital\/informatica-y-tics\/inteligencia-artificial-en-el-futuro#primaryimage"},"image":{"@id":"https:\/\/www.inesem.es\/revistadigital\/informatica-y-tics\/inteligencia-artificial-en-el-futuro#primaryimage"},"thumbnailUrl":"https:\/\/www.inesem.es\/revistadigital\/informatica-y-tics\/files\/2019\/09\/Fotolia_55656337_Subscription_Monthly_XXL.jpg","datePublished":"2019-09-24T11:44:18+00:00","dateModified":"2021-11-29T08:53:18+00:00","description":"La IA ha llega a nuestra vidas para quedarse, pero \u00bfsabemos que nos depara la inteligencia artificial en el futuro? \u00a1Desc\u00fabrelo!","breadcrumb":{"@id":"https:\/\/www.inesem.es\/revistadigital\/informatica-y-tics\/inteligencia-artificial-en-el-futuro#breadcrumb"},"inLanguage":"es","potentialAction":[{"@type":"ReadAction","target":["https:\/\/www.inesem.es\/revistadigital\/informatica-y-tics\/inteligencia-artificial-en-el-futuro"]}]},{"@type":"ImageObject","inLanguage":"es","@id":"https:\/\/www.inesem.es\/revistadigital\/informatica-y-tics\/inteligencia-artificial-en-el-futuro#primaryimage","url":"https:\/\/www.inesem.es\/revistadigital\/informatica-y-tics\/files\/2019\/09\/Fotolia_55656337_Subscription_Monthly_XXL.jpg","contentUrl":"https:\/\/www.inesem.es\/revistadigital\/informatica-y-tics\/files\/2019\/09\/Fotolia_55656337_Subscription_Monthly_XXL.jpg","width":"1600","height":"1067","caption":"La Inteligencia artificial en el futuro"},{"@type":"BreadcrumbList","@id":"https:\/\/www.inesem.es\/revistadigital\/informatica-y-tics\/inteligencia-artificial-en-el-futuro#breadcrumb","itemListElement":[{"@type":"ListItem","position":1,"name":"Home","item":"https:\/\/www.inesem.es\/revistadigital\/informatica-y-tics\/"},{"@type":"ListItem","position":2,"name":"Desarrollo de Aplicaciones","item":"https:\/\/www.inesem.es\/revistadigital\/informatica-y-tics\/categorias\/desarrollo-de-aplicaciones"},{"@type":"ListItem","position":3,"name":"Inteligencia Artificial, \u00bfqu\u00e9 nos depara el futuro?"}]},{"@type":"WebSite","@id":"https:\/\/www.inesem.es\/revistadigital\/informatica-y-tics\/#website","url":"https:\/\/www.inesem.es\/revistadigital\/informatica-y-tics\/","name":"Canal Inform\u00e1tica y TICS","description":"Canal de Noticias gestionado por el Departamento Docente de Inform\u00e1tica y TICS de INESEM","publisher":{"@id":"https:\/\/www.inesem.es\/revistadigital\/informatica-y-tics\/#organization"},"potentialAction":[{"@type":"SearchAction","target":{"@type":"EntryPoint","urlTemplate":"https:\/\/www.inesem.es\/revistadigital\/informatica-y-tics\/?s={search_term_string}"},"query-input":{"@type":"PropertyValueSpecification","valueRequired":true,"valueName":"search_term_string"}}],"inLanguage":"es"},{"@type":"Organization","@id":"https:\/\/www.inesem.es\/revistadigital\/informatica-y-tics\/#organization","name":"Canal Inform\u00e1tica y TICS","url":"https:\/\/www.inesem.es\/revistadigital\/informatica-y-tics\/","logo":{"@type":"ImageObject","inLanguage":"es","@id":"https:\/\/www.inesem.es\/revistadigital\/informatica-y-tics\/#\/schema\/logo\/image\/","url":"","contentUrl":"","caption":"Canal Inform\u00e1tica y TICS"},"image":{"@id":"https:\/\/www.inesem.es\/revistadigital\/informatica-y-tics\/#\/schema\/logo\/image\/"},"sameAs":["https:\/\/www.facebook.com\/InesemBusinessSchool\/","https:\/\/x.com\/inesem","http:\/\/www.linkedin.com\/company\/2370697","https:\/\/www.youtube.com\/user\/inesembusinesschool\/"]},{"@type":"Person","@id":"https:\/\/www.inesem.es\/revistadigital\/informatica-y-tics\/#\/schema\/person\/abe9d4379d8e0377cad8164aa97cff44","name":"V\u00edctor Manuel Acosta","image":{"@type":"ImageObject","inLanguage":"es","@id":"https:\/\/www.inesem.es\/revistadigital\/informatica-y-tics\/#\/schema\/person\/image\/","url":"https:\/\/www.inesem.es\/revistadigital\/wp-content\/uploads\/2018\/03\/V\u00edctor-Manuel-Acosta_avatar_1520959729-96x96.jpg","contentUrl":"https:\/\/www.inesem.es\/revistadigital\/wp-content\/uploads\/2018\/03\/V\u00edctor-Manuel-Acosta_avatar_1520959729-96x96.jpg","caption":"V\u00edctor Manuel Acosta"},"description":"EDUCACI\u00d3N: \u2022 Ingeniero en Inform\u00e1tica. Especialidad en Inteligencia Artificial por la Universidad de Granada. EXPERIENCIA: \u2022 Profesor del Departamento de Inform\u00e1tica de INESEM Business School. \u2022 Docente M\u00e1ster Elearning de la Universidad de Sevilla. ESCRIBE SOBRE: Tics \u00b7 An\u00e1lisis de Datos \u00b7 Desarrollo de Apps \u00b7 Ciberseguridad Ingeniero en Inform\u00e1tica. Especialidad en Inteligencia Artificial Cuenta con ampl\u00eda experiencia en el mundo educativo as\u00ed como en el desarrollo de proyectos web y trazabilidad multiplataforma.","url":"https:\/\/www.inesem.es\/revistadigital\/informatica-y-tics\/autores\/victor-acosta"}]}},"autor_name":{"name":"V\u00edctor Manuel Acosta"},"featured_image":{"attachment_meta":{"width":"1600","height":"1067","file":"2019\/09\/Fotolia_55656337_Subscription_Monthly_XXL.jpg","sizes":{"thumbnail":{"file":"Fotolia_55656337_Subscription_Monthly_XXL-345x180.jpg","width":"345","height":"180","mime_type":"image\/jpeg","url":"https:\/\/www.inesem.es\/revistadigital\/informatica-y-tics\/files\/2019\/09\/Fotolia_55656337_Subscription_Monthly_XXL-345x180.jpg"},"medium":{"file":"Fotolia_55656337_Subscription_Monthly_XXL-175x117.jpg","width":"175","height":"117","mime_type":"image\/jpeg","url":"https:\/\/www.inesem.es\/revistadigital\/informatica-y-tics\/files\/2019\/09\/Fotolia_55656337_Subscription_Monthly_XXL-175x117.jpg"},"medium_large":{"file":"Fotolia_55656337_Subscription_Monthly_XXL-768x512.jpg","width":"768","height":"512","mime_type":"image\/jpeg","url":"https:\/\/www.inesem.es\/revistadigital\/informatica-y-tics\/files\/2019\/09\/Fotolia_55656337_Subscription_Monthly_XXL-768x512.jpg"},"large":{"file":"Fotolia_55656337_Subscription_Monthly_XXL-1020x680.jpg","width":"1020","height":"680","mime_type":"image\/jpeg","url":"https:\/\/www.inesem.es\/revistadigital\/informatica-y-tics\/files\/2019\/09\/Fotolia_55656337_Subscription_Monthly_XXL-1020x680.jpg"},"wysija-newsletters-max":{"file":"Fotolia_55656337_Subscription_Monthly_XXL-600x400.jpg","width":"600","height":"400","mime_type":"image\/jpeg","url":"https:\/\/www.inesem.es\/revistadigital\/informatica-y-tics\/files\/2019\/09\/Fotolia_55656337_Subscription_Monthly_XXL-600x400.jpg"},"thumb-small":{"file":"Fotolia_55656337_Subscription_Monthly_XXL-59x42.jpg","width":"59","height":"42","mime_type":"image\/jpeg","url":"https:\/\/www.inesem.es\/revistadigital\/informatica-y-tics\/files\/2019\/09\/Fotolia_55656337_Subscription_Monthly_XXL-59x42.jpg"},"thumb-standard":{"file":"Fotolia_55656337_Subscription_Monthly_XXL-110x110.jpg","width":"110","height":"110","mime_type":"image\/jpeg","url":"https:\/\/www.inesem.es\/revistadigital\/informatica-y-tics\/files\/2019\/09\/Fotolia_55656337_Subscription_Monthly_XXL-110x110.jpg"},"thumb-medium":{"file":"Fotolia_55656337_Subscription_Monthly_XXL-196x166.jpg","width":"196","height":"166","mime_type":"image\/jpeg","url":"https:\/\/www.inesem.es\/revistadigital\/informatica-y-tics\/files\/2019\/09\/Fotolia_55656337_Subscription_Monthly_XXL-196x166.jpg"},"thumb-large":{"file":"Fotolia_55656337_Subscription_Monthly_XXL-283x190.jpg","width":"283","height":"190","mime_type":"image\/jpeg","url":"https:\/\/www.inesem.es\/revistadigital\/informatica-y-tics\/files\/2019\/09\/Fotolia_55656337_Subscription_Monthly_XXL-283x190.jpg"},"thumb-anteriores":{"file":"Fotolia_55656337_Subscription_Monthly_XXL-230x163.jpg","width":"230","height":"163","mime_type":"image\/jpeg","url":"https:\/\/www.inesem.es\/revistadigital\/informatica-y-tics\/files\/2019\/09\/Fotolia_55656337_Subscription_Monthly_XXL-230x163.jpg"},"thumb-inverso":{"file":"Fotolia_55656337_Subscription_Monthly_XXL-369x261.jpg","width":"369","height":"261","mime_type":"image\/jpeg","url":"https:\/\/www.inesem.es\/revistadigital\/informatica-y-tics\/files\/2019\/09\/Fotolia_55656337_Subscription_Monthly_XXL-369x261.jpg"},"thumb-cercano":{"file":"Fotolia_55656337_Subscription_Monthly_XXL-650x200.jpg","width":"650","height":"200","mime_type":"image\/jpeg","url":"https:\/\/www.inesem.es\/revistadigital\/informatica-y-tics\/files\/2019\/09\/Fotolia_55656337_Subscription_Monthly_XXL-650x200.jpg"},"thumb-slider":{"file":"Fotolia_55656337_Subscription_Monthly_XXL-574x430.jpg","width":"574","height":"430","mime_type":"image\/jpeg","url":"https:\/\/www.inesem.es\/revistadigital\/informatica-y-tics\/files\/2019\/09\/Fotolia_55656337_Subscription_Monthly_XXL-574x430.jpg"},"thumb-busqueda":{"file":"Fotolia_55656337_Subscription_Monthly_XXL-580x375.jpg","width":"580","height":"375","mime_type":"image\/jpeg","url":"https:\/\/www.inesem.es\/revistadigital\/informatica-y-tics\/files\/2019\/09\/Fotolia_55656337_Subscription_Monthly_XXL-580x375.jpg"},"thumb-formacion-continua":{"file":"Fotolia_55656337_Subscription_Monthly_XXL-440x336.jpg","width":"440","height":"336","mime_type":"image\/jpeg","url":"https:\/\/www.inesem.es\/revistadigital\/informatica-y-tics\/files\/2019\/09\/Fotolia_55656337_Subscription_Monthly_XXL-440x336.jpg"},"advps-thumb-one":{"file":"Fotolia_55656337_Subscription_Monthly_XXL-600x220.jpg","width":"600","height":"220","mime_type":"image\/jpeg","url":"https:\/\/www.inesem.es\/revistadigital\/informatica-y-tics\/files\/2019\/09\/Fotolia_55656337_Subscription_Monthly_XXL-600x220.jpg"}},"image_meta":{"aperture":"8","credit":"SP-PIC - Fotolia","camera":"Canon EOS 5D Mark II","caption":"","created_timestamp":"1346874009","copyright":"SP-PIC - Fotolia","focal_length":"24","iso":"200","shutter_speed":"0.00625","title":"Businessman thinking about Decision","orientation":"1","keywords":["door","man","businessman","business","career","challenge","enter","job","think","thinking","solution","strategy","success","work","way","option","choose","choosing","decision","destination","entrance","future","path","person","opportunity","abstract","consider","background","wall","wood","floor","confusion","doors"]}}},"_links":{"self":[{"href":"https:\/\/www.inesem.es\/revistadigital\/informatica-y-tics\/wp-json\/wp\/v2\/posts\/2961"}],"collection":[{"href":"https:\/\/www.inesem.es\/revistadigital\/informatica-y-tics\/wp-json\/wp\/v2\/posts"}],"about":[{"href":"https:\/\/www.inesem.es\/revistadigital\/informatica-y-tics\/wp-json\/wp\/v2\/types\/post"}],"author":[{"embeddable":true,"href":"https:\/\/www.inesem.es\/revistadigital\/informatica-y-tics\/wp-json\/wp\/v2\/users\/90586"}],"replies":[{"embeddable":true,"href":"https:\/\/www.inesem.es\/revistadigital\/informatica-y-tics\/wp-json\/wp\/v2\/comments?post=2961"}],"version-history":[{"count":0,"href":"https:\/\/www.inesem.es\/revistadigital\/informatica-y-tics\/wp-json\/wp\/v2\/posts\/2961\/revisions"}],"wp:featuredmedia":[{"embeddable":true,"href":"https:\/\/www.inesem.es\/revistadigital\/informatica-y-tics\/wp-json\/wp\/v2\/media\/2963"}],"wp:attachment":[{"href":"https:\/\/www.inesem.es\/revistadigital\/informatica-y-tics\/wp-json\/wp\/v2\/media?parent=2961"}],"wp:term":[{"taxonomy":"category","embeddable":true,"href":"https:\/\/www.inesem.es\/revistadigital\/informatica-y-tics\/wp-json\/wp\/v2\/categories?post=2961"}],"curies":[{"name":"wp","href":"https:\/\/api.w.org\/{rel}","templated":true}]}}