{"id":2984,"date":"2019-10-29T15:57:06","date_gmt":"2019-10-29T14:57:06","guid":{"rendered":"https:\/\/www.inesem.es\/revistadigital\/informatica-y-tics\/?p=2984"},"modified":"2025-08-01T11:28:10","modified_gmt":"2025-08-01T09:28:10","slug":"iot","status":"publish","type":"post","link":"https:\/\/www.inesem.es\/revistadigital\/informatica-y-tics\/iot","title":{"rendered":"Internet de las cosas, todo lo que debes saber sobre IoT"},"content":{"rendered":"\r\n<p style=\"text-align: justify\">El concepto de <strong>Internet de las cosas<\/strong> (Internet of Things o IoT) fue creado por un empresario brit\u00e1nico y fundador de empresas de nueva creaci\u00f3n llamado Kevin Ashton.<\/p>\r\n<p style=\"text-align: justify\">La idea fue formulada en 1999 para describir un sistema en el que el mundo material se comunica con ordenadores (intercambia datos) con sensores ubicuos.<\/p>\r\n<p style=\"text-align: justify\">Casi una d\u00e9cada m\u00e1s tarde, a finales de 2008 y principios de 2009, la cifra de dispositivos conectados a la red super\u00f3 el n\u00famero de habitantes de nuestro planeta. En este momento, de acuerdo con Cisco, es el verdadero nacimiento del \u00ab<a href=\"https:\/\/www.inesem.es\/Master-Inteligencia-Artificial-Y-Deep-Learning\" target=\"_blank\" rel=\"noopener noreferrer\"><strong>Internet de las cosas<\/strong><\/a>\u00ab, tambi\u00e9n conocido como el \u00abInternet de todo\u00bb (IoE).<\/p>\r\n<p style=\"text-align: justify\">En este entorno se crea un sistema no s\u00f3lo de objetos, sino tambi\u00e9n de procesos, datos, personas e incluso animales o fen\u00f3menos atmosf\u00e9ricos. Es decir, todo aquello que puede ser tratado como una variable.<\/p>\r\n<p style=\"text-align: justify\">Por tanto, una definici\u00f3n concreta del <strong>Internet de las cosas<\/strong> podr\u00eda ser:<br \/>Un sistema de dispositivos inform\u00e1ticos interrelacionados, m\u00e1quinas mec\u00e1nicas y digitales, objetos, animales o personas que cuentan con identificadores \u00fanicos y la capacidad de transferir datos a trav\u00e9s de una red sin que sea necesario la interacci\u00f3n a la computadora.<\/p>\r\n\r\n\r\n\r\n<div id=\"ez-toc-container\" class=\"ez-toc-v2_0_72 counter-hierarchy ez-toc-counter ez-toc-grey ez-toc-container-direction\">\n<div class=\"ez-toc-title-container\">\n<p class=\"ez-toc-title\" style=\"cursor:inherit\">Table of Contents<\/p>\n<span class=\"ez-toc-title-toggle\"><a href=\"#\" class=\"ez-toc-pull-right ez-toc-btn ez-toc-btn-xs ez-toc-btn-default ez-toc-toggle\" aria-label=\"Toggle Table of Content\"><span class=\"ez-toc-js-icon-con\"><span class=\"\"><span class=\"eztoc-hide\" style=\"display:none;\">Toggle<\/span><span class=\"ez-toc-icon-toggle-span\"><svg style=\"fill: #999;color:#999\" xmlns=\"http:\/\/www.w3.org\/2000\/svg\" class=\"list-377408\" width=\"20px\" height=\"20px\" viewBox=\"0 0 24 24\" fill=\"none\"><path d=\"M6 6H4v2h2V6zm14 0H8v2h12V6zM4 11h2v2H4v-2zm16 0H8v2h12v-2zM4 16h2v2H4v-2zm16 0H8v2h12v-2z\" fill=\"currentColor\"><\/path><\/svg><svg style=\"fill: #999;color:#999\" class=\"arrow-unsorted-368013\" xmlns=\"http:\/\/www.w3.org\/2000\/svg\" width=\"10px\" height=\"10px\" viewBox=\"0 0 24 24\" version=\"1.2\" baseProfile=\"tiny\"><path d=\"M18.2 9.3l-6.2-6.3-6.2 6.3c-.2.2-.3.4-.3.7s.1.5.3.7c.2.2.4.3.7.3h11c.3 0 .5-.1.7-.3.2-.2.3-.5.3-.7s-.1-.5-.3-.7zM5.8 14.7l6.2 6.3 6.2-6.3c.2-.2.3-.5.3-.7s-.1-.5-.3-.7c-.2-.2-.4-.3-.7-.3h-11c-.3 0-.5.1-.7.3-.2.2-.3.5-.3.7s.1.5.3.7z\"\/><\/svg><\/span><\/span><\/span><\/a><\/span><\/div>\n<nav><ul class='ez-toc-list ez-toc-list-level-1 ' ><li class='ez-toc-page-1 ez-toc-heading-level-2'><a class=\"ez-toc-link ez-toc-heading-1\" href=\"https:\/\/www.inesem.es\/revistadigital\/informatica-y-tics\/iot\/#Caracteristicas_de_IoT\" title=\"Caracter\u00edsticas de IoT\">Caracter\u00edsticas de IoT<\/a><\/li><li class='ez-toc-page-1 ez-toc-heading-level-2'><a class=\"ez-toc-link ez-toc-heading-2\" href=\"https:\/\/www.inesem.es\/revistadigital\/informatica-y-tics\/iot\/#Usos_de_IoT\" title=\"Usos de IoT\">Usos de IoT<\/a><ul class='ez-toc-list-level-3' ><li class='ez-toc-heading-level-3'><a class=\"ez-toc-link ez-toc-heading-3\" href=\"https:\/\/www.inesem.es\/revistadigital\/informatica-y-tics\/iot\/#Industria_y_recursos\" title=\"Industria y recursos\">Industria y recursos<\/a><\/li><li class='ez-toc-page-1 ez-toc-heading-level-3'><a class=\"ez-toc-link ez-toc-heading-4\" href=\"https:\/\/www.inesem.es\/revistadigital\/informatica-y-tics\/iot\/#Entornos_urbanos\" title=\"Entornos urbanos\">Entornos urbanos<\/a><\/li><\/ul><\/li><\/ul><\/nav><\/div>\n<h2><span class=\"ez-toc-section\" id=\"Caracteristicas_de_IoT\"><\/span>Caracter\u00edsticas de IoT<span class=\"ez-toc-section-end\"><\/span><\/h2>\r\n<p style=\"text-align: justify\">Los <strong>tres rasgos distintivos<\/strong> del Internet de las cosas son el contexto, la omnipresencia y la optimizaci\u00f3n.<\/p>\r\n<ul style=\"text-align: justify\">\r\n<li>El <strong>contexto<\/strong>, se refiere a la posibilidad de una interacci\u00f3n avanzada de objetos con un entorno existente y a la respuesta inmediata de \u00e9ste a cualquier cambio. La caracter\u00edstica del contexto permite que los objetos proporcionen informaci\u00f3n como la ubicaci\u00f3n, la condici\u00f3n f\u00edsica o las condiciones atmosf\u00e9ricas.<\/li>\r\n<li>La <strong>omnipresencia<\/strong> ilustra el hecho de que los objetos de hoy en d\u00eda son mucho m\u00e1s que simples conexiones a una red de usuarios. En un futuro pr\u00f3ximo, se comunicar\u00e1n entre s\u00ed a gran escala.<\/li>\r\n<li>La<strong> optimizaci\u00f3n<\/strong> es la expresi\u00f3n de la funcionalidad que posee cada objeto.<\/li>\r\n<\/ul>\r\n<p style=\"text-align: justify\"><strong>Internet de la Cosas<\/strong> ha evolucionado a partir de la convergencia de tecnolog\u00edas inal\u00e1mbricas, sistemas microelectromec\u00e1nicos (MEMS), microservicios e Internet. Esta convergencia ha ayudado a derribar los muros entre la tecnolog\u00eda operacional (OT) y la tecnolog\u00eda de la informaci\u00f3n (IT). Permitiendo que los datos generados por m\u00e1quinas no estructuradas sean<strong> analizados para obtener informaci\u00f3n<\/strong> y poder impulsar mejoras.<\/p>\r\n<p style=\"text-align: justify\">IoT evolucion\u00f3 de la comunicaci\u00f3n m\u00e1quina a m\u00e1quina (M2M). M2M son m\u00e1quinas conectadas entre s\u00ed a trav\u00e9s de una red sin interacci\u00f3n humana.<\/p>\r\n<p style=\"text-align: justify\">Llevando esta comunicaci\u00f3n M2M al siguiente nivel. IoT es una red de sensores de miles de millones de dispositivos inteligentes que conectan personas, sistemas y otras aplicaciones para recopilar y compartir datos.<\/p>\r\n<p style=\"text-align: justify\"><strong>El Internet de las cosas<\/strong> es tambi\u00e9n una extensi\u00f3n natural de SCADA (Supervisory Control and Data Acquisition): Es un software de aplicaci\u00f3n para el control de procesos, la recopilaci\u00f3n de datos en tiempo real desde ubicaciones remotas para controlar equipos y condiciones.<\/p>\r\n<p style=\"text-align: justify\">Los sistemas SCADA incluyen componentes de hardware y software. El hardware recopila y alimenta datos en una computadora que tiene instalado el software SCADA, donde luego se procesa y se presenta de manera gr\u00e1fica.<\/p>\r\n\r\n\r\n\r\n<h2><span class=\"ez-toc-section\" id=\"Usos_de_IoT\"><\/span>Usos de IoT<span class=\"ez-toc-section-end\"><\/span><\/h2>\r\n<p style=\"text-align: justify\">Para comprender plenamente la magnitud del IoT y el n\u00famero de dispositivos que se pueden encontrar en Internet. A continuaci\u00f3n se muestra una lista de posibles \u00e1mbitos en los que puede observarse el uso de soluciones de IoT. Podemos diferenciar entre usos industriales y usos m\u00e1s urbanos.<\/p>\r\n<h3 style=\"text-align: justify\"><span class=\"ez-toc-section\" id=\"Industria_y_recursos\"><\/span>Industria y recursos<span class=\"ez-toc-section-end\"><\/span><\/h3>\r\n<p style=\"text-align: justify\"><strong>Gesti\u00f3n Inteligente del Entorno:<\/strong> Poco visible. Pero que sentar\u00e1 las bases para el funcionamiento seguro de todo el entorno creado por el hombre, por ejemplo, en zonas urbanas, industriales y agr\u00edcolas que promover\u00e1n un desarrollo sostenible.<\/p>\r\n<p style=\"text-align: justify\"><strong>Gesti\u00f3n Inteligente del agua:<\/strong> Vital para el medio ambiente. Esta categor\u00eda incluye, por ejemplo: El impacto de los recursos h\u00eddricos en el medio ambiente, sus d\u00e9ficits de uso y protecci\u00f3n, la regulaci\u00f3n de los r\u00edos y la protecci\u00f3n contra las inundaciones. V\u00edas fluviales y gesti\u00f3n de la energ\u00eda hidroel\u00e9ctrica.<\/p>\r\n<p style=\"text-align: justify\"><strong>Gesti\u00f3n inteligente en la Industria 4.0:<\/strong> Esta \u00e1rea est\u00e1 entrando con fuerza en el ecosistema del Internet de las cosas creando soluciones relacionadas con sectores particulares de la industria y su econom\u00eda.<\/p>\r\n<p style=\"text-align: justify\"><strong>Gesti\u00f3n inteligente de la producci\u00f3n:<\/strong> En sectores espec\u00edficos de la econom\u00eda. Por ejemplo, el control de la temperatura y el riego para prevenir la sequ\u00eda o la sequ\u00eda, la formaci\u00f3n de hongos. Control del ganado de pastoreo o el control de las l\u00edneas de producci\u00f3n, mediante lectores y sensores. Control del inventario de productos en los estantes de las tiendas y almacenes.<\/p>\r\n<p style=\"text-align: justify\"><strong>Gesti\u00f3n inteligente del transporte:<\/strong> Control de las rutas de transporte de mercanc\u00edas peligrosas, delicadas o peligrosas.<\/p>\r\n<p style=\"text-align: justify\"><strong>Gesti\u00f3n inteligente de la energ\u00eda:<\/strong> Fundamental para la gesti\u00f3n de los servicios p\u00fablicos, incluyendo monitorizaci\u00f3n del consumo individual.<\/p>\r\n<h3 style=\"text-align: justify\"><span class=\"ez-toc-section\" id=\"Entornos_urbanos\"><\/span>Entornos urbanos<span class=\"ez-toc-section-end\"><\/span><\/h3>\r\n<p style=\"text-align: justify\"><strong>Gesti\u00f3n de ciudades inteligentes (<a href=\"https:\/\/www.inesem.es\/revistadigital\/gestion-integrada\/smart-building\/\" target=\"_blank\" rel=\"noopener noreferrer\">Smart Cities<\/a>):<\/strong> Sus posibilidades son inmensas: Organizaci\u00f3n de los peatones y el tr\u00e1fico (por ejemplo, control de la congesti\u00f3n del tr\u00e1fico, aparcamientos, carreteras inteligentes, informaci\u00f3n sobre el estado de las carreteras, problemas de tr\u00e1fico). Diagn\u00f3stico de las amenazas para la seguridad (por ejemplo, vibraciones y resistencia de los materiales en edificios, puentes, edificios hist\u00f3ricos). Gesti\u00f3n del ruido y la iluminaci\u00f3n hasta la gesti\u00f3n de residuos.<\/p>\r\n<p style=\"text-align: justify\"><b>Administraci\u00f3n<\/b><strong>\u00a0de edificios inteligentes:<\/strong> puede utilizarse tanto a nivel individual como industrial: monitorizaci\u00f3n de la propiedad (por ejemplo, cercas, ventanas y puertas), sensores de movimiento, riego inteligente, aprendizaje de termostatos, etc.<\/p>\r\n<p style=\"text-align: justify\"><strong>Gesti\u00f3n de electrodom\u00e9sticos inteligentes:<\/strong> Frigor\u00edficos informando de su contenido y la necesidad de reabastecimiento o el control de electrodom\u00e9sticos de manera remota (permitiendo el uso de energ\u00eda a tarifas m\u00e1s bajas, ajuste remoto del horno en un determinado momento o encendido del calefactor central de la casa antes de llegar a ella para encontrar una temperatura \u00f3ptima).<\/p>\r\n<p style=\"text-align: justify\"><strong>Administraci\u00f3n inteligente de la salud:<\/strong> abarca una amplia gama de aplicaciones utilizadas en la vigilancia de la salud y la actividad f\u00edsica, la vitalidad o la seguridad del paciente (tanto en el hospital como en casa).<\/p>\r\n","protected":false},"excerpt":{"rendered":"<p>El concepto de Internet de las cosas fue creado por un empresario brit\u00e1nico y fundador de empresas de nueva creaci\u00f3n llamado Kevin Ashton. Casi una d\u00e9cada m\u00e1s tarde, la cifra de dispositivos conectados a la red super\u00f3 el n\u00famero de habitantes del planeta.<\/p>\n","protected":false},"author":90586,"featured_media":2989,"comment_status":"open","ping_status":"open","sticky":false,"template":"","format":"standard","meta":{"footnotes":""},"categories":[5],"class_list":["post-2984","post","type-post","status-publish","format-standard","has-post-thumbnail","hentry","category-desarrollo-de-aplicaciones"],"yoast_head":"<!-- This site is optimized with the Yoast SEO plugin v23.5 - https:\/\/yoast.com\/wordpress\/plugins\/seo\/ -->\n<title>Internet of Things (IoT): qu\u00e9 es y por qu\u00e9 importa<\/title>\n<meta name=\"description\" content=\"\u00bfConoces el t\u00e9rmino Internet of Things o IoT? En este art\u00edculo descubrir\u00e1s en qu\u00e9 consiste, sus caracter\u00edsticas y sus usus entre otras cuestiones\" \/>\n<meta name=\"robots\" content=\"index, follow, max-snippet:-1, max-image-preview:large, max-video-preview:-1\" \/>\n<link rel=\"canonical\" href=\"https:\/\/www.inesem.es\/revistadigital\/informatica-y-tics\/iot\" \/>\n<meta property=\"og:locale\" content=\"es_ES\" \/>\n<meta property=\"og:type\" content=\"article\" \/>\n<meta property=\"og:title\" content=\"Internet of Things (IoT): qu\u00e9 es y por qu\u00e9 importa\" \/>\n<meta property=\"og:description\" content=\"\u00bfConoces el t\u00e9rmino Internet of Things o IoT? En este art\u00edculo descubrir\u00e1s en qu\u00e9 consiste, sus caracter\u00edsticas y sus usus entre otras cuestiones\" \/>\n<meta property=\"og:url\" content=\"https:\/\/www.inesem.es\/revistadigital\/informatica-y-tics\/iot\" \/>\n<meta property=\"og:site_name\" content=\"Canal Inform\u00e1tica y TICS\" \/>\n<meta property=\"article:publisher\" content=\"https:\/\/www.facebook.com\/InesemBusinessSchool\/\" \/>\n<meta property=\"article:published_time\" content=\"2019-10-29T14:57:06+00:00\" \/>\n<meta property=\"article:modified_time\" content=\"2025-08-01T09:28:10+00:00\" \/>\n<meta property=\"og:image\" content=\"https:\/\/www.inesem.es\/revistadigital\/informatica-y-tics\/files\/2019\/10\/cables-close-up-connection-257736.jpg\" \/>\n\t<meta property=\"og:image:width\" content=\"1620\" \/>\n\t<meta property=\"og:image:height\" content=\"1080\" \/>\n\t<meta property=\"og:image:type\" content=\"image\/jpeg\" \/>\n<meta name=\"author\" content=\"V\u00edctor Manuel Acosta\" \/>\n<meta name=\"twitter:card\" content=\"summary_large_image\" \/>\n<meta name=\"twitter:creator\" content=\"@inesem\" \/>\n<meta name=\"twitter:site\" content=\"@inesem\" \/>\n<meta name=\"twitter:label1\" content=\"Escrito por\" \/>\n\t<meta name=\"twitter:data1\" content=\"V\u00edctor Manuel Acosta\" \/>\n\t<meta name=\"twitter:label2\" content=\"Tiempo de lectura\" \/>\n\t<meta name=\"twitter:data2\" content=\"5 minutos\" \/>\n<script type=\"application\/ld+json\" class=\"yoast-schema-graph\">{\"@context\":\"https:\/\/schema.org\",\"@graph\":[{\"@type\":\"Article\",\"@id\":\"https:\/\/www.inesem.es\/revistadigital\/informatica-y-tics\/iot#article\",\"isPartOf\":{\"@id\":\"https:\/\/www.inesem.es\/revistadigital\/informatica-y-tics\/iot\"},\"author\":{\"name\":\"V\u00edctor Manuel Acosta\",\"@id\":\"https:\/\/www.inesem.es\/revistadigital\/informatica-y-tics\/#\/schema\/person\/abe9d4379d8e0377cad8164aa97cff44\"},\"headline\":\"Internet de las cosas, todo lo que debes saber sobre IoT\",\"datePublished\":\"2019-10-29T14:57:06+00:00\",\"dateModified\":\"2025-08-01T09:28:10+00:00\",\"mainEntityOfPage\":{\"@id\":\"https:\/\/www.inesem.es\/revistadigital\/informatica-y-tics\/iot\"},\"wordCount\":1075,\"commentCount\":0,\"publisher\":{\"@id\":\"https:\/\/www.inesem.es\/revistadigital\/informatica-y-tics\/#organization\"},\"image\":{\"@id\":\"https:\/\/www.inesem.es\/revistadigital\/informatica-y-tics\/iot#primaryimage\"},\"thumbnailUrl\":\"https:\/\/www.inesem.es\/revistadigital\/informatica-y-tics\/files\/2019\/10\/cables-close-up-connection-257736.jpg\",\"articleSection\":[\"Desarrollo de Aplicaciones\"],\"inLanguage\":\"es\",\"potentialAction\":[{\"@type\":\"CommentAction\",\"name\":\"Comment\",\"target\":[\"https:\/\/www.inesem.es\/revistadigital\/informatica-y-tics\/iot#respond\"]}]},{\"@type\":\"WebPage\",\"@id\":\"https:\/\/www.inesem.es\/revistadigital\/informatica-y-tics\/iot\",\"url\":\"https:\/\/www.inesem.es\/revistadigital\/informatica-y-tics\/iot\",\"name\":\"Internet of Things (IoT): qu\u00e9 es y por qu\u00e9 importa\",\"isPartOf\":{\"@id\":\"https:\/\/www.inesem.es\/revistadigital\/informatica-y-tics\/#website\"},\"primaryImageOfPage\":{\"@id\":\"https:\/\/www.inesem.es\/revistadigital\/informatica-y-tics\/iot#primaryimage\"},\"image\":{\"@id\":\"https:\/\/www.inesem.es\/revistadigital\/informatica-y-tics\/iot#primaryimage\"},\"thumbnailUrl\":\"https:\/\/www.inesem.es\/revistadigital\/informatica-y-tics\/files\/2019\/10\/cables-close-up-connection-257736.jpg\",\"datePublished\":\"2019-10-29T14:57:06+00:00\",\"dateModified\":\"2025-08-01T09:28:10+00:00\",\"description\":\"\u00bfConoces el t\u00e9rmino Internet of Things o IoT? En este art\u00edculo descubrir\u00e1s en qu\u00e9 consiste, sus caracter\u00edsticas y sus usus entre otras cuestiones\",\"breadcrumb\":{\"@id\":\"https:\/\/www.inesem.es\/revistadigital\/informatica-y-tics\/iot#breadcrumb\"},\"inLanguage\":\"es\",\"potentialAction\":[{\"@type\":\"ReadAction\",\"target\":[\"https:\/\/www.inesem.es\/revistadigital\/informatica-y-tics\/iot\"]}]},{\"@type\":\"ImageObject\",\"inLanguage\":\"es\",\"@id\":\"https:\/\/www.inesem.es\/revistadigital\/informatica-y-tics\/iot#primaryimage\",\"url\":\"https:\/\/www.inesem.es\/revistadigital\/informatica-y-tics\/files\/2019\/10\/cables-close-up-connection-257736.jpg\",\"contentUrl\":\"https:\/\/www.inesem.es\/revistadigital\/informatica-y-tics\/files\/2019\/10\/cables-close-up-connection-257736.jpg\",\"width\":1620,\"height\":1080,\"caption\":\"Iot\"},{\"@type\":\"BreadcrumbList\",\"@id\":\"https:\/\/www.inesem.es\/revistadigital\/informatica-y-tics\/iot#breadcrumb\",\"itemListElement\":[{\"@type\":\"ListItem\",\"position\":1,\"name\":\"Home\",\"item\":\"https:\/\/www.inesem.es\/revistadigital\/informatica-y-tics\/\"},{\"@type\":\"ListItem\",\"position\":2,\"name\":\"Desarrollo de Aplicaciones\",\"item\":\"https:\/\/www.inesem.es\/revistadigital\/informatica-y-tics\/categorias\/desarrollo-de-aplicaciones\"},{\"@type\":\"ListItem\",\"position\":3,\"name\":\"Internet de las cosas, todo lo que debes saber sobre IoT\"}]},{\"@type\":\"WebSite\",\"@id\":\"https:\/\/www.inesem.es\/revistadigital\/informatica-y-tics\/#website\",\"url\":\"https:\/\/www.inesem.es\/revistadigital\/informatica-y-tics\/\",\"name\":\"Canal Inform\u00e1tica y TICS\",\"description\":\"Canal de Noticias gestionado por el Departamento Docente de Inform\u00e1tica y TICS de INESEM\",\"publisher\":{\"@id\":\"https:\/\/www.inesem.es\/revistadigital\/informatica-y-tics\/#organization\"},\"potentialAction\":[{\"@type\":\"SearchAction\",\"target\":{\"@type\":\"EntryPoint\",\"urlTemplate\":\"https:\/\/www.inesem.es\/revistadigital\/informatica-y-tics\/?s={search_term_string}\"},\"query-input\":{\"@type\":\"PropertyValueSpecification\",\"valueRequired\":true,\"valueName\":\"search_term_string\"}}],\"inLanguage\":\"es\"},{\"@type\":\"Organization\",\"@id\":\"https:\/\/www.inesem.es\/revistadigital\/informatica-y-tics\/#organization\",\"name\":\"Canal Inform\u00e1tica y TICS\",\"url\":\"https:\/\/www.inesem.es\/revistadigital\/informatica-y-tics\/\",\"logo\":{\"@type\":\"ImageObject\",\"inLanguage\":\"es\",\"@id\":\"https:\/\/www.inesem.es\/revistadigital\/informatica-y-tics\/#\/schema\/logo\/image\/\",\"url\":\"\",\"contentUrl\":\"\",\"caption\":\"Canal Inform\u00e1tica y TICS\"},\"image\":{\"@id\":\"https:\/\/www.inesem.es\/revistadigital\/informatica-y-tics\/#\/schema\/logo\/image\/\"},\"sameAs\":[\"https:\/\/www.facebook.com\/InesemBusinessSchool\/\",\"https:\/\/x.com\/inesem\",\"http:\/\/www.linkedin.com\/company\/2370697\",\"https:\/\/www.youtube.com\/user\/inesembusinesschool\/\"]},{\"@type\":\"Person\",\"@id\":\"https:\/\/www.inesem.es\/revistadigital\/informatica-y-tics\/#\/schema\/person\/abe9d4379d8e0377cad8164aa97cff44\",\"name\":\"V\u00edctor Manuel Acosta\",\"image\":{\"@type\":\"ImageObject\",\"inLanguage\":\"es\",\"@id\":\"https:\/\/www.inesem.es\/revistadigital\/informatica-y-tics\/#\/schema\/person\/image\/\",\"url\":\"https:\/\/www.inesem.es\/revistadigital\/wp-content\/uploads\/2018\/03\/V\u00edctor-Manuel-Acosta_avatar_1520959729-96x96.jpg\",\"contentUrl\":\"https:\/\/www.inesem.es\/revistadigital\/wp-content\/uploads\/2018\/03\/V\u00edctor-Manuel-Acosta_avatar_1520959729-96x96.jpg\",\"caption\":\"V\u00edctor Manuel Acosta\"},\"description\":\"EDUCACI\u00d3N: \u2022 Ingeniero en Inform\u00e1tica. Especialidad en Inteligencia Artificial por la Universidad de Granada. EXPERIENCIA: \u2022 Profesor del Departamento de Inform\u00e1tica de INESEM Business School. \u2022 Docente M\u00e1ster Elearning de la Universidad de Sevilla. ESCRIBE SOBRE: Tics \u00b7 An\u00e1lisis de Datos \u00b7 Desarrollo de Apps \u00b7 Ciberseguridad Ingeniero en Inform\u00e1tica. Especialidad en Inteligencia Artificial Cuenta con ampl\u00eda experiencia en el mundo educativo as\u00ed como en el desarrollo de proyectos web y trazabilidad multiplataforma.\",\"url\":\"https:\/\/www.inesem.es\/revistadigital\/informatica-y-tics\/autores\/victor-acosta\"}]}<\/script>\n<!-- \/ Yoast SEO plugin. -->","yoast_head_json":{"title":"Internet of Things (IoT): qu\u00e9 es y por qu\u00e9 importa","description":"\u00bfConoces el t\u00e9rmino Internet of Things o IoT? En este art\u00edculo descubrir\u00e1s en qu\u00e9 consiste, sus caracter\u00edsticas y sus usus entre otras cuestiones","robots":{"index":"index","follow":"follow","max-snippet":"max-snippet:-1","max-image-preview":"max-image-preview:large","max-video-preview":"max-video-preview:-1"},"canonical":"https:\/\/www.inesem.es\/revistadigital\/informatica-y-tics\/iot","og_locale":"es_ES","og_type":"article","og_title":"Internet of Things (IoT): qu\u00e9 es y por qu\u00e9 importa","og_description":"\u00bfConoces el t\u00e9rmino Internet of Things o IoT? En este art\u00edculo descubrir\u00e1s en qu\u00e9 consiste, sus caracter\u00edsticas y sus usus entre otras cuestiones","og_url":"https:\/\/www.inesem.es\/revistadigital\/informatica-y-tics\/iot","og_site_name":"Canal Inform\u00e1tica y TICS","article_publisher":"https:\/\/www.facebook.com\/InesemBusinessSchool\/","article_published_time":"2019-10-29T14:57:06+00:00","article_modified_time":"2025-08-01T09:28:10+00:00","og_image":[{"width":1620,"height":1080,"url":"https:\/\/www.inesem.es\/revistadigital\/informatica-y-tics\/files\/2019\/10\/cables-close-up-connection-257736.jpg","type":"image\/jpeg"}],"author":"V\u00edctor Manuel Acosta","twitter_card":"summary_large_image","twitter_creator":"@inesem","twitter_site":"@inesem","twitter_misc":{"Escrito por":"V\u00edctor Manuel Acosta","Tiempo de lectura":"5 minutos"},"schema":{"@context":"https:\/\/schema.org","@graph":[{"@type":"Article","@id":"https:\/\/www.inesem.es\/revistadigital\/informatica-y-tics\/iot#article","isPartOf":{"@id":"https:\/\/www.inesem.es\/revistadigital\/informatica-y-tics\/iot"},"author":{"name":"V\u00edctor Manuel Acosta","@id":"https:\/\/www.inesem.es\/revistadigital\/informatica-y-tics\/#\/schema\/person\/abe9d4379d8e0377cad8164aa97cff44"},"headline":"Internet de las cosas, todo lo que debes saber sobre IoT","datePublished":"2019-10-29T14:57:06+00:00","dateModified":"2025-08-01T09:28:10+00:00","mainEntityOfPage":{"@id":"https:\/\/www.inesem.es\/revistadigital\/informatica-y-tics\/iot"},"wordCount":1075,"commentCount":0,"publisher":{"@id":"https:\/\/www.inesem.es\/revistadigital\/informatica-y-tics\/#organization"},"image":{"@id":"https:\/\/www.inesem.es\/revistadigital\/informatica-y-tics\/iot#primaryimage"},"thumbnailUrl":"https:\/\/www.inesem.es\/revistadigital\/informatica-y-tics\/files\/2019\/10\/cables-close-up-connection-257736.jpg","articleSection":["Desarrollo de Aplicaciones"],"inLanguage":"es","potentialAction":[{"@type":"CommentAction","name":"Comment","target":["https:\/\/www.inesem.es\/revistadigital\/informatica-y-tics\/iot#respond"]}]},{"@type":"WebPage","@id":"https:\/\/www.inesem.es\/revistadigital\/informatica-y-tics\/iot","url":"https:\/\/www.inesem.es\/revistadigital\/informatica-y-tics\/iot","name":"Internet of Things (IoT): qu\u00e9 es y por qu\u00e9 importa","isPartOf":{"@id":"https:\/\/www.inesem.es\/revistadigital\/informatica-y-tics\/#website"},"primaryImageOfPage":{"@id":"https:\/\/www.inesem.es\/revistadigital\/informatica-y-tics\/iot#primaryimage"},"image":{"@id":"https:\/\/www.inesem.es\/revistadigital\/informatica-y-tics\/iot#primaryimage"},"thumbnailUrl":"https:\/\/www.inesem.es\/revistadigital\/informatica-y-tics\/files\/2019\/10\/cables-close-up-connection-257736.jpg","datePublished":"2019-10-29T14:57:06+00:00","dateModified":"2025-08-01T09:28:10+00:00","description":"\u00bfConoces el t\u00e9rmino Internet of Things o IoT? En este art\u00edculo descubrir\u00e1s en qu\u00e9 consiste, sus caracter\u00edsticas y sus usus entre otras cuestiones","breadcrumb":{"@id":"https:\/\/www.inesem.es\/revistadigital\/informatica-y-tics\/iot#breadcrumb"},"inLanguage":"es","potentialAction":[{"@type":"ReadAction","target":["https:\/\/www.inesem.es\/revistadigital\/informatica-y-tics\/iot"]}]},{"@type":"ImageObject","inLanguage":"es","@id":"https:\/\/www.inesem.es\/revistadigital\/informatica-y-tics\/iot#primaryimage","url":"https:\/\/www.inesem.es\/revistadigital\/informatica-y-tics\/files\/2019\/10\/cables-close-up-connection-257736.jpg","contentUrl":"https:\/\/www.inesem.es\/revistadigital\/informatica-y-tics\/files\/2019\/10\/cables-close-up-connection-257736.jpg","width":1620,"height":1080,"caption":"Iot"},{"@type":"BreadcrumbList","@id":"https:\/\/www.inesem.es\/revistadigital\/informatica-y-tics\/iot#breadcrumb","itemListElement":[{"@type":"ListItem","position":1,"name":"Home","item":"https:\/\/www.inesem.es\/revistadigital\/informatica-y-tics\/"},{"@type":"ListItem","position":2,"name":"Desarrollo de Aplicaciones","item":"https:\/\/www.inesem.es\/revistadigital\/informatica-y-tics\/categorias\/desarrollo-de-aplicaciones"},{"@type":"ListItem","position":3,"name":"Internet de las cosas, todo lo que debes saber sobre IoT"}]},{"@type":"WebSite","@id":"https:\/\/www.inesem.es\/revistadigital\/informatica-y-tics\/#website","url":"https:\/\/www.inesem.es\/revistadigital\/informatica-y-tics\/","name":"Canal Inform\u00e1tica y TICS","description":"Canal de Noticias gestionado por el Departamento Docente de Inform\u00e1tica y TICS de INESEM","publisher":{"@id":"https:\/\/www.inesem.es\/revistadigital\/informatica-y-tics\/#organization"},"potentialAction":[{"@type":"SearchAction","target":{"@type":"EntryPoint","urlTemplate":"https:\/\/www.inesem.es\/revistadigital\/informatica-y-tics\/?s={search_term_string}"},"query-input":{"@type":"PropertyValueSpecification","valueRequired":true,"valueName":"search_term_string"}}],"inLanguage":"es"},{"@type":"Organization","@id":"https:\/\/www.inesem.es\/revistadigital\/informatica-y-tics\/#organization","name":"Canal Inform\u00e1tica y TICS","url":"https:\/\/www.inesem.es\/revistadigital\/informatica-y-tics\/","logo":{"@type":"ImageObject","inLanguage":"es","@id":"https:\/\/www.inesem.es\/revistadigital\/informatica-y-tics\/#\/schema\/logo\/image\/","url":"","contentUrl":"","caption":"Canal Inform\u00e1tica y TICS"},"image":{"@id":"https:\/\/www.inesem.es\/revistadigital\/informatica-y-tics\/#\/schema\/logo\/image\/"},"sameAs":["https:\/\/www.facebook.com\/InesemBusinessSchool\/","https:\/\/x.com\/inesem","http:\/\/www.linkedin.com\/company\/2370697","https:\/\/www.youtube.com\/user\/inesembusinesschool\/"]},{"@type":"Person","@id":"https:\/\/www.inesem.es\/revistadigital\/informatica-y-tics\/#\/schema\/person\/abe9d4379d8e0377cad8164aa97cff44","name":"V\u00edctor Manuel Acosta","image":{"@type":"ImageObject","inLanguage":"es","@id":"https:\/\/www.inesem.es\/revistadigital\/informatica-y-tics\/#\/schema\/person\/image\/","url":"https:\/\/www.inesem.es\/revistadigital\/wp-content\/uploads\/2018\/03\/V\u00edctor-Manuel-Acosta_avatar_1520959729-96x96.jpg","contentUrl":"https:\/\/www.inesem.es\/revistadigital\/wp-content\/uploads\/2018\/03\/V\u00edctor-Manuel-Acosta_avatar_1520959729-96x96.jpg","caption":"V\u00edctor Manuel Acosta"},"description":"EDUCACI\u00d3N: \u2022 Ingeniero en Inform\u00e1tica. Especialidad en Inteligencia Artificial por la Universidad de Granada. EXPERIENCIA: \u2022 Profesor del Departamento de Inform\u00e1tica de INESEM Business School. \u2022 Docente M\u00e1ster Elearning de la Universidad de Sevilla. ESCRIBE SOBRE: Tics \u00b7 An\u00e1lisis de Datos \u00b7 Desarrollo de Apps \u00b7 Ciberseguridad Ingeniero en Inform\u00e1tica. Especialidad en Inteligencia Artificial Cuenta con ampl\u00eda experiencia en el mundo educativo as\u00ed como en el desarrollo de proyectos web y trazabilidad multiplataforma.","url":"https:\/\/www.inesem.es\/revistadigital\/informatica-y-tics\/autores\/victor-acosta"}]}},"autor_name":{"name":"V\u00edctor Manuel Acosta"},"featured_image":{"attachment_meta":{"width":1620,"height":1080,"file":"2019\/10\/cables-close-up-connection-257736.jpg","sizes":{"thumbnail":{"file":"cables-close-up-connection-257736-345x180.jpg","width":345,"height":180,"mime_type":"image\/jpeg","url":"https:\/\/www.inesem.es\/revistadigital\/informatica-y-tics\/files\/2019\/10\/cables-close-up-connection-257736-345x180.jpg"},"medium":{"file":"cables-close-up-connection-257736-175x117.jpg","width":175,"height":117,"mime_type":"image\/jpeg","url":"https:\/\/www.inesem.es\/revistadigital\/informatica-y-tics\/files\/2019\/10\/cables-close-up-connection-257736-175x117.jpg"},"medium_large":{"file":"cables-close-up-connection-257736-768x512.jpg","width":768,"height":512,"mime_type":"image\/jpeg","url":"https:\/\/www.inesem.es\/revistadigital\/informatica-y-tics\/files\/2019\/10\/cables-close-up-connection-257736-768x512.jpg"},"large":{"file":"cables-close-up-connection-257736-1020x680.jpg","width":1020,"height":680,"mime_type":"image\/jpeg","url":"https:\/\/www.inesem.es\/revistadigital\/informatica-y-tics\/files\/2019\/10\/cables-close-up-connection-257736-1020x680.jpg"},"wysija-newsletters-max":{"file":"cables-close-up-connection-257736-600x400.jpg","width":600,"height":400,"mime_type":"image\/jpeg","url":"https:\/\/www.inesem.es\/revistadigital\/informatica-y-tics\/files\/2019\/10\/cables-close-up-connection-257736-600x400.jpg"},"thumb-small":{"file":"cables-close-up-connection-257736-59x42.jpg","width":59,"height":42,"mime_type":"image\/jpeg","url":"https:\/\/www.inesem.es\/revistadigital\/informatica-y-tics\/files\/2019\/10\/cables-close-up-connection-257736-59x42.jpg"},"thumb-standard":{"file":"cables-close-up-connection-257736-110x110.jpg","width":110,"height":110,"mime_type":"image\/jpeg","url":"https:\/\/www.inesem.es\/revistadigital\/informatica-y-tics\/files\/2019\/10\/cables-close-up-connection-257736-110x110.jpg"},"thumb-medium":{"file":"cables-close-up-connection-257736-196x166.jpg","width":196,"height":166,"mime_type":"image\/jpeg","url":"https:\/\/www.inesem.es\/revistadigital\/informatica-y-tics\/files\/2019\/10\/cables-close-up-connection-257736-196x166.jpg"},"thumb-large":{"file":"cables-close-up-connection-257736-283x190.jpg","width":283,"height":190,"mime_type":"image\/jpeg","url":"https:\/\/www.inesem.es\/revistadigital\/informatica-y-tics\/files\/2019\/10\/cables-close-up-connection-257736-283x190.jpg"},"thumb-anteriores":{"file":"cables-close-up-connection-257736-230x163.jpg","width":230,"height":163,"mime_type":"image\/jpeg","url":"https:\/\/www.inesem.es\/revistadigital\/informatica-y-tics\/files\/2019\/10\/cables-close-up-connection-257736-230x163.jpg"},"thumb-inverso":{"file":"cables-close-up-connection-257736-369x261.jpg","width":369,"height":261,"mime_type":"image\/jpeg","url":"https:\/\/www.inesem.es\/revistadigital\/informatica-y-tics\/files\/2019\/10\/cables-close-up-connection-257736-369x261.jpg"},"thumb-cercano":{"file":"cables-close-up-connection-257736-650x200.jpg","width":650,"height":200,"mime_type":"image\/jpeg","url":"https:\/\/www.inesem.es\/revistadigital\/informatica-y-tics\/files\/2019\/10\/cables-close-up-connection-257736-650x200.jpg"},"thumb-slider":{"file":"cables-close-up-connection-257736-574x430.jpg","width":574,"height":430,"mime_type":"image\/jpeg","url":"https:\/\/www.inesem.es\/revistadigital\/informatica-y-tics\/files\/2019\/10\/cables-close-up-connection-257736-574x430.jpg"},"thumb-busqueda":{"file":"cables-close-up-connection-257736-580x375.jpg","width":580,"height":375,"mime_type":"image\/jpeg","url":"https:\/\/www.inesem.es\/revistadigital\/informatica-y-tics\/files\/2019\/10\/cables-close-up-connection-257736-580x375.jpg"},"thumb-formacion-continua":{"file":"cables-close-up-connection-257736-440x336.jpg","width":440,"height":336,"mime_type":"image\/jpeg","url":"https:\/\/www.inesem.es\/revistadigital\/informatica-y-tics\/files\/2019\/10\/cables-close-up-connection-257736-440x336.jpg"},"advps-thumb-one":{"file":"cables-close-up-connection-257736-600x220.jpg","width":600,"height":220,"mime_type":"image\/jpeg","url":"https:\/\/www.inesem.es\/revistadigital\/informatica-y-tics\/files\/2019\/10\/cables-close-up-connection-257736-600x220.jpg"}},"image_meta":{"aperture":"0","credit":"","camera":"","caption":"","created_timestamp":"0","copyright":"","focal_length":"0","iso":"0","shutter_speed":"0","title":"","orientation":"0"}}},"_links":{"self":[{"href":"https:\/\/www.inesem.es\/revistadigital\/informatica-y-tics\/wp-json\/wp\/v2\/posts\/2984"}],"collection":[{"href":"https:\/\/www.inesem.es\/revistadigital\/informatica-y-tics\/wp-json\/wp\/v2\/posts"}],"about":[{"href":"https:\/\/www.inesem.es\/revistadigital\/informatica-y-tics\/wp-json\/wp\/v2\/types\/post"}],"author":[{"embeddable":true,"href":"https:\/\/www.inesem.es\/revistadigital\/informatica-y-tics\/wp-json\/wp\/v2\/users\/90586"}],"replies":[{"embeddable":true,"href":"https:\/\/www.inesem.es\/revistadigital\/informatica-y-tics\/wp-json\/wp\/v2\/comments?post=2984"}],"version-history":[{"count":0,"href":"https:\/\/www.inesem.es\/revistadigital\/informatica-y-tics\/wp-json\/wp\/v2\/posts\/2984\/revisions"}],"wp:featuredmedia":[{"embeddable":true,"href":"https:\/\/www.inesem.es\/revistadigital\/informatica-y-tics\/wp-json\/wp\/v2\/media\/2989"}],"wp:attachment":[{"href":"https:\/\/www.inesem.es\/revistadigital\/informatica-y-tics\/wp-json\/wp\/v2\/media?parent=2984"}],"wp:term":[{"taxonomy":"category","embeddable":true,"href":"https:\/\/www.inesem.es\/revistadigital\/informatica-y-tics\/wp-json\/wp\/v2\/categories?post=2984"}],"curies":[{"name":"wp","href":"https:\/\/api.w.org\/{rel}","templated":true}]}}