{"id":3793,"date":"2023-02-03T13:31:50","date_gmt":"2023-02-03T12:31:50","guid":{"rendered":"https:\/\/www.inesem.es\/revistadigital\/informatica-y-tics\/?p=3793"},"modified":"2025-07-31T16:51:16","modified_gmt":"2025-07-31T14:51:16","slug":"procesos-etl","status":"publish","type":"post","link":"https:\/\/www.inesem.es\/revistadigital\/informatica-y-tics\/procesos-etl","title":{"rendered":"Procesos ETL: Transformaci\u00f3n de Datos en el An\u00e1lisis de Negocios"},"content":{"rendered":"\r\n<p>Un <strong>proceso ETL (Extract, Transform, Load)<\/strong> es una t\u00e9cnica que se utiliza para integrar datos de diferentes fuentes y transformarlos en un formato com\u00fan para su an\u00e1lisis y uso en sistemas de informaci\u00f3n empresarial.<\/p>\r\n<p>La finalidad de los procesos ETL es obtener una <strong>visi\u00f3n global y coherente de los datos<\/strong>, lo que permite a las empresas tomar decisiones informadas y mejorar su eficiencia y rentabilidad.<\/p>\r\n<div id=\"ez-toc-container\" class=\"ez-toc-v2_0_72 counter-hierarchy ez-toc-counter ez-toc-grey ez-toc-container-direction\">\n<div class=\"ez-toc-title-container\">\n<p class=\"ez-toc-title\" style=\"cursor:inherit\">Table of Contents<\/p>\n<span class=\"ez-toc-title-toggle\"><a href=\"#\" class=\"ez-toc-pull-right ez-toc-btn ez-toc-btn-xs ez-toc-btn-default ez-toc-toggle\" aria-label=\"Toggle Table of Content\"><span class=\"ez-toc-js-icon-con\"><span class=\"\"><span class=\"eztoc-hide\" style=\"display:none;\">Toggle<\/span><span class=\"ez-toc-icon-toggle-span\"><svg style=\"fill: #999;color:#999\" xmlns=\"http:\/\/www.w3.org\/2000\/svg\" class=\"list-377408\" width=\"20px\" height=\"20px\" viewBox=\"0 0 24 24\" fill=\"none\"><path d=\"M6 6H4v2h2V6zm14 0H8v2h12V6zM4 11h2v2H4v-2zm16 0H8v2h12v-2zM4 16h2v2H4v-2zm16 0H8v2h12v-2z\" fill=\"currentColor\"><\/path><\/svg><svg style=\"fill: #999;color:#999\" class=\"arrow-unsorted-368013\" xmlns=\"http:\/\/www.w3.org\/2000\/svg\" width=\"10px\" height=\"10px\" viewBox=\"0 0 24 24\" version=\"1.2\" baseProfile=\"tiny\"><path d=\"M18.2 9.3l-6.2-6.3-6.2 6.3c-.2.2-.3.4-.3.7s.1.5.3.7c.2.2.4.3.7.3h11c.3 0 .5-.1.7-.3.2-.2.3-.5.3-.7s-.1-.5-.3-.7zM5.8 14.7l6.2 6.3 6.2-6.3c.2-.2.3-.5.3-.7s-.1-.5-.3-.7c-.2-.2-.4-.3-.7-.3h-11c-.3 0-.5.1-.7.3-.2.2-.3.5-.3.7s.1.5.3.7z\"\/><\/svg><\/span><\/span><\/span><\/a><\/span><\/div>\n<nav><ul class='ez-toc-list ez-toc-list-level-1 ' ><li class='ez-toc-page-1 ez-toc-heading-level-2'><a class=\"ez-toc-link ez-toc-heading-1\" href=\"https:\/\/www.inesem.es\/revistadigital\/informatica-y-tics\/procesos-etl\/#Que_es_un_proceso_ETL\" title=\"Qu\u00e9 es un proceso ETL\">Qu\u00e9 es un proceso ETL<\/a><\/li><li class='ez-toc-page-1 ez-toc-heading-level-2'><a class=\"ez-toc-link ez-toc-heading-2\" href=\"https:\/\/www.inesem.es\/revistadigital\/informatica-y-tics\/procesos-etl\/#Cuando_se_debe_de_usar_un_proceso_ETL\" title=\"Cu\u00e1ndo se debe de usar un proceso ETL\">Cu\u00e1ndo se debe de usar un proceso ETL<\/a><\/li><li class='ez-toc-page-1 ez-toc-heading-level-2'><a class=\"ez-toc-link ez-toc-heading-3\" href=\"https:\/\/www.inesem.es\/revistadigital\/informatica-y-tics\/procesos-etl\/#Importancia_del_Big_Data_en_los_procesos_ETL\" title=\"Importancia del Big Data en los procesos ETL\">Importancia del Big Data en los procesos ETL<\/a><\/li><li class='ez-toc-page-1 ez-toc-heading-level-2'><a class=\"ez-toc-link ez-toc-heading-4\" href=\"https:\/\/www.inesem.es\/revistadigital\/informatica-y-tics\/procesos-etl\/#Herramientas_ETL_actuales\" title=\"Herramientas ETL actuales\">Herramientas ETL actuales<\/a><\/li><li class='ez-toc-page-1 ez-toc-heading-level-2'><a class=\"ez-toc-link ez-toc-heading-5\" href=\"https:\/\/www.inesem.es\/revistadigital\/informatica-y-tics\/procesos-etl\/#Ejemplo_de_uso_de_procesos_ETL\" title=\"Ejemplo de uso de procesos ETL\">Ejemplo de uso de procesos ETL<\/a><\/li><li class='ez-toc-page-1 ez-toc-heading-level-2'><a class=\"ez-toc-link ez-toc-heading-6\" href=\"https:\/\/www.inesem.es\/revistadigital\/informatica-y-tics\/procesos-etl\/#%C2%A1Extrae_transforma_y_carga\" title=\"\u00a1Extrae, transforma y carga!\">\u00a1Extrae, transforma y carga!<\/a><\/li><\/ul><\/nav><\/div>\n<h2><span class=\"ez-toc-section\" id=\"Que_es_un_proceso_ETL\"><\/span><strong>Qu\u00e9 es un proceso ETL<\/strong><span class=\"ez-toc-section-end\"><\/span><\/h2>\r\n<p>Un <strong>proceso ETL<\/strong> es un flujo de trabajo que comprende <strong>tres fases<\/strong> principales: la extracci\u00f3n (<strong>E<\/strong>) de datos de fuentes heterog\u00e9neas, la transformaci\u00f3n (<strong>T<\/strong>) de los mismos para hacerlos compatibles y la carga (<strong>L<\/strong>) en un sistema de almacenamiento centralizado.<\/p>\r\n<p>En la <strong>fase de extracci\u00f3n<\/strong>, los datos se extraen de fuentes como bases de datos, hojas de c\u00e1lculo, archivos planos o aplicaciones.<\/p>\r\n<p>En la <strong>fase de transformaci\u00f3n<\/strong>, los datos se limpian, filtran y convierten a un formato com\u00fan.<\/p>\r\n<p>Finalmente, en la <strong>fase de carga<\/strong>, los datos se cargan en un almac\u00e9n de datos centralizado, como un data warehouse, para su an\u00e1lisis.<\/p>\r\n<h2><span class=\"ez-toc-section\" id=\"Cuando_se_debe_de_usar_un_proceso_ETL\"><\/span><strong>Cu\u00e1ndo se debe de usar un proceso ETL<\/strong><span class=\"ez-toc-section-end\"><\/span><\/h2>\r\n<p>Los procesos ETL son especialmente \u00fatiles en situaciones en las que los datos deben integrarse de diferentes fuentes para su an\u00e1lisis y uso en sistemas de informaci\u00f3n empresarial.<\/p>\r\n<p>Algunos <strong>ejemplos<\/strong> podr\u00edan ser:<\/p>\r\n<ul>\r\n<li><strong>Integraci\u00f3n de datos<\/strong> de diferentes departamentos o divisiones de una empresa.<\/li>\r\n<li><strong>Consolidaci\u00f3n de datos<\/strong> de diferentes sistemas o aplicaciones.<\/li>\r\n<li>Creaci\u00f3n de una <strong>visi\u00f3n global<\/strong> de los datos para el an\u00e1lisis de negocios.<\/li>\r\n<li><strong>Preparaci\u00f3n de datos<\/strong> para su uso en an\u00e1lisis predictivos y modelos de inteligencia artificial.<\/li>\r\n<\/ul>\r\n<h2><span class=\"ez-toc-section\" id=\"Importancia_del_Big_Data_en_los_procesos_ETL\"><\/span><strong>Importancia del Big Data en los procesos ETL<\/strong><span class=\"ez-toc-section-end\"><\/span><\/h2>\r\n<p>El <strong>Big Data<\/strong> es importante en los procesos ETL debido a los siguientes motivos:<\/p>\r\n<p><strong>Volumen<\/strong>: La cantidad de datos generados por las empresas en la actualidad es enorme y contin\u00faa creciendo diariamente. Sin los procesos ETL, ser\u00eda dif\u00edcil integrar y transformar todos estos datos de manera eficiente.<\/p>\r\n<p><strong>Variedad<\/strong>: Los datos que se generan en una empresa pueden ser muy variados, desde datos estructurados hasta datos no estructurados. Los procesos ETL permiten integrar y transformar todos estos tipos de datos para su uso en sistemas de informaci\u00f3n empresarial.<\/p>\r\n<p><strong>Velocidad<\/strong>: En muchos casos, los datos deben ser integrados y transformados en tiempo real para ser \u00fatiles. Los procesos ETL permiten realizar esta tarea de manera eficiente y r\u00e1pida.<\/p>\r\n<p><strong>Mejora de la toma de decisiones<\/strong>: Los datos integrados y transformados permiten a las empresas tomar decisiones informadas basadas en una visi\u00f3n completa y coherente de sus datos.<\/p>\r\n<p><strong>Competitividad<\/strong>: Las empresas que utilizan procesos ETL para integrar y transformar sus datos tienen una ventaja competitiva sobre aquellas que no lo hacen. Esto se debe a que pueden tomar decisiones m\u00e1s informadas y mejorar su eficiencia y rentabilidad.<\/p>\r\n<p>En resumen, el Big Data es importante en los procesos ETL porque permite a las empresas integrar y transformar grandes cantidades de datos variados y en tiempo real para su uso en sistemas de informaci\u00f3n empresarial. Esto les permite tomar decisiones informadas y mejorar su eficiencia y rentabilidad.<\/p>\r\n<h2><span class=\"ez-toc-section\" id=\"Herramientas_ETL_actuales\"><\/span><strong>Herramientas ETL actuales<\/strong><span class=\"ez-toc-section-end\"><\/span><\/h2>\r\n<p>Existen muchas herramientas ETL en el mercado, desde soluciones gratuitas hasta soluciones empresariales avanzadas.<\/p>\r\n<p>Algunas de las <strong>herramientas ETL<\/strong> m\u00e1s populares actualmente son:<\/p>\r\n<ul>\r\n<li><a href=\"https:\/\/www.talend.com\/\" target=\"_blank\" rel=\"nofollow noopener\"><strong>Talend<\/strong><\/a>: una soluci\u00f3n ETL de c\u00f3digo abierto que ofrece una amplia gama de funciones para la integraci\u00f3n de datos.<\/li>\r\n<li><strong>PowerCenter<\/strong>: una soluci\u00f3n ETL empresarial que ofrece una amplia gama de funciones para la integraci\u00f3n de datos, incluyendo la integraci\u00f3n con Big Data.<\/li>\r\n<li><strong>Microsoft SQL Server Integration Services (SSIS)<\/strong>: es una herramienta ETL que se integra con el motor de base de datos de Microsoft SQL Server. Un aspecto positivo de SSIS es su integraci\u00f3n con otros productos de Microsoft, como Microsoft Azure y Power BI.<\/li>\r\n<li><strong>Oracle Data Integrator (ODI)<\/strong>: una soluci\u00f3n ETL dise\u00f1ada espec\u00edficamente para Oracle y se integra con sus productos.<\/li>\r\n<li><strong>Google Cloud Data Fusion<\/strong>: una soluci\u00f3n ETL en la nube de Google y tambi\u00e9n se puede integrar con sus productos.<\/li>\r\n<li><strong>AWS Glue<\/strong>: una soluci\u00f3n ETL en la nube de Amazon Web Services.<\/li>\r\n<\/ul>\r\n<p>Adem\u00e1s de las herramientas mencionadas, existen muchas otras soluciones ETL disponibles en el mercado.<\/p>\r\n<h2><span class=\"ez-toc-section\" id=\"Ejemplo_de_uso_de_procesos_ETL\"><\/span><strong>Ejemplo de uso de procesos ETL<\/strong><span class=\"ez-toc-section-end\"><\/span><\/h2>\r\n<p>Imaginemos que una <strong>empresa de retail<\/strong> quiere integrar datos de sus tiendas f\u00edsicas con los datos de sus tiendas en l\u00ednea. La informaci\u00f3n incluir\u00e1 <strong>datos de ventas, inventario y clientes<\/strong>.<\/p>\r\n<p>Las diferentes <strong>fases<\/strong> por las que pasar\u00e1 la informaci\u00f3n ser\u00e1n las siguientes:<\/p>\r\n<ul>\r\n<li><strong>Extracci\u00f3n de datos<\/strong>: La empresa extrae los datos de sus sistemas de informaci\u00f3n de las tiendas f\u00edsicas y en l\u00ednea.<\/li>\r\n<li><strong>Transformaci\u00f3n de datos<\/strong>: Los datos extra\u00eddos se limpian y se transforman en un formato com\u00fan. Por ejemplo, los datos de inventario se pueden transformar para que sean compatibles con los datos de las tiendas en l\u00ednea.<\/li>\r\n<li><strong>Carga de datos<\/strong>: Los datos transformados se cargan en un almac\u00e9n de datos central.<\/li>\r\n<li><strong>An\u00e1lisis de datos<\/strong>: La empresa utiliza herramientas de an\u00e1lisis de datos para analizar los datos integrados y obtener informaci\u00f3n valiosa sobre sus clientes, sus ventas y su inventario.<\/li>\r\n<\/ul>\r\n<p>Gracias a los procesos ETL, la empresa ahora tiene una <strong>visi\u00f3n integral y coherente de sus datos<\/strong>, lo que le permite <strong>tomar decisiones informadas<\/strong> sobre su negocio y <strong>mejorar su eficiencia y rentabilidad<\/strong>.<\/p>\r\n<h2><span class=\"ez-toc-section\" id=\"%C2%A1Extrae_transforma_y_carga\"><\/span><strong>\u00a1Extrae, transforma y carga!<\/strong><span class=\"ez-toc-section-end\"><\/span><\/h2>\r\n<p>Los procesos ETL son esenciales para la <strong>integraci\u00f3n<\/strong> de datos de diferentes fuentes y la <strong>transformaci\u00f3n<\/strong> de los mismos en un formato com\u00fan para su an\u00e1lisis y uso en sistemas de informaci\u00f3n empresarial.<\/p>\r\n<p>Al elegir una herramienta ETL, es importante tener en cuenta los <strong>requisitos espec\u00edficos de su negocio<\/strong> y elegir una soluci\u00f3n que se ajuste a sus <strong>necesidades<\/strong>.<\/p>\r\n<p>Si te ha gustado el art\u00edculo y quieres leer otros escritos por m\u00ed, puedes entrar a mi <a href=\"https:\/\/www.inesem.es\/revistadigital\/informatica-y-tics\/autores\/rafael-marin\/\" target=\"_blank\" rel=\"noopener\"><strong>perfil<\/strong><\/a>. No te pierdas, adem\u00e1s, nuestro <a href=\"https:\/\/www.inesem.es\/Master-En-Big-Data-Y-Business-Intelligence-Data-Science\" target=\"_blank\" rel=\"noopener\">Master de Formaci\u00f3n Permanente Data Science y An\u00e1lisis de Datos<\/a> + 60 Cr\u00e9ditos ECTS. \u00a1Te esperamos!<\/p>\r\n","protected":false},"excerpt":{"rendered":"<p>Descubre qu\u00e9 son los procesos ETL, porqu\u00e9 es importante para cualquier negocio y que herramientas existen en el mercado para implantarlos.<\/p>\n","protected":false},"author":90976,"featured_media":3794,"comment_status":"open","ping_status":"open","sticky":true,"template":"","format":"standard","meta":{"footnotes":""},"categories":[729],"class_list":["post-3793","post","type-post","status-publish","format-standard","has-post-thumbnail","hentry","category-analisis-de-datos"],"yoast_head":"<!-- This site is optimized with the Yoast SEO plugin v23.5 - https:\/\/yoast.com\/wordpress\/plugins\/seo\/ -->\n<title>Procesos ETL: c\u00f3mo transforman los datos en valor<\/title>\n<meta name=\"description\" content=\"Descubre qu\u00e9 son los procesos ETL, porqu\u00e9 es importante para cualquier negocio y que herramientas existen en el mercado para implantarlos.\" \/>\n<meta name=\"robots\" content=\"index, follow, max-snippet:-1, max-image-preview:large, max-video-preview:-1\" \/>\n<link rel=\"canonical\" href=\"https:\/\/www.inesem.es\/revistadigital\/informatica-y-tics\/procesos-etl\" \/>\n<meta property=\"og:locale\" content=\"es_ES\" \/>\n<meta property=\"og:type\" content=\"article\" \/>\n<meta property=\"og:title\" content=\"Procesos ETL: c\u00f3mo transforman los datos en valor\" \/>\n<meta property=\"og:description\" content=\"Descubre qu\u00e9 son los procesos ETL, porqu\u00e9 es importante para cualquier negocio y que herramientas existen en el mercado para implantarlos.\" \/>\n<meta property=\"og:url\" content=\"https:\/\/www.inesem.es\/revistadigital\/informatica-y-tics\/procesos-etl\" \/>\n<meta property=\"og:site_name\" content=\"Canal Inform\u00e1tica y TICS\" \/>\n<meta property=\"article:publisher\" content=\"https:\/\/www.facebook.com\/InesemBusinessSchool\/\" \/>\n<meta property=\"article:published_time\" content=\"2023-02-03T12:31:50+00:00\" \/>\n<meta property=\"article:modified_time\" content=\"2025-07-31T14:51:16+00:00\" \/>\n<meta property=\"og:image\" content=\"https:\/\/www.inesem.es\/revistadigital\/informatica-y-tics\/files\/2023\/02\/Portada-Procesos-ETL.jpg\" \/>\n\t<meta property=\"og:image:width\" content=\"1680\" \/>\n\t<meta property=\"og:image:height\" content=\"1080\" \/>\n\t<meta property=\"og:image:type\" content=\"image\/jpeg\" \/>\n<meta name=\"author\" content=\"Rafael Mar\u00edn\" \/>\n<meta name=\"twitter:card\" content=\"summary_large_image\" \/>\n<meta name=\"twitter:creator\" content=\"@inesem\" \/>\n<meta name=\"twitter:site\" content=\"@inesem\" \/>\n<meta name=\"twitter:label1\" content=\"Escrito por\" \/>\n\t<meta name=\"twitter:data1\" content=\"Rafael Mar\u00edn\" \/>\n\t<meta name=\"twitter:label2\" content=\"Tiempo de lectura\" \/>\n\t<meta name=\"twitter:data2\" content=\"5 minutos\" \/>\n<script type=\"application\/ld+json\" class=\"yoast-schema-graph\">{\"@context\":\"https:\/\/schema.org\",\"@graph\":[{\"@type\":\"Article\",\"@id\":\"https:\/\/www.inesem.es\/revistadigital\/informatica-y-tics\/procesos-etl#article\",\"isPartOf\":{\"@id\":\"https:\/\/www.inesem.es\/revistadigital\/informatica-y-tics\/procesos-etl\"},\"author\":{\"name\":\"Rafael Mar\u00edn\",\"@id\":\"https:\/\/www.inesem.es\/revistadigital\/informatica-y-tics\/#\/schema\/person\/ec323f7b4aed4a9f5ba04f2df32e0673\"},\"headline\":\"Procesos ETL: Transformaci\u00f3n de Datos en el An\u00e1lisis de Negocios\",\"datePublished\":\"2023-02-03T12:31:50+00:00\",\"dateModified\":\"2025-07-31T14:51:16+00:00\",\"mainEntityOfPage\":{\"@id\":\"https:\/\/www.inesem.es\/revistadigital\/informatica-y-tics\/procesos-etl\"},\"wordCount\":1039,\"commentCount\":0,\"publisher\":{\"@id\":\"https:\/\/www.inesem.es\/revistadigital\/informatica-y-tics\/#organization\"},\"image\":{\"@id\":\"https:\/\/www.inesem.es\/revistadigital\/informatica-y-tics\/procesos-etl#primaryimage\"},\"thumbnailUrl\":\"https:\/\/www.inesem.es\/revistadigital\/informatica-y-tics\/files\/2023\/02\/Portada-Procesos-ETL.jpg\",\"articleSection\":[\"An\u00e1lisis de Datos\"],\"inLanguage\":\"es\",\"potentialAction\":[{\"@type\":\"CommentAction\",\"name\":\"Comment\",\"target\":[\"https:\/\/www.inesem.es\/revistadigital\/informatica-y-tics\/procesos-etl#respond\"]}]},{\"@type\":\"WebPage\",\"@id\":\"https:\/\/www.inesem.es\/revistadigital\/informatica-y-tics\/procesos-etl\",\"url\":\"https:\/\/www.inesem.es\/revistadigital\/informatica-y-tics\/procesos-etl\",\"name\":\"Procesos ETL: c\u00f3mo transforman los datos en valor\",\"isPartOf\":{\"@id\":\"https:\/\/www.inesem.es\/revistadigital\/informatica-y-tics\/#website\"},\"primaryImageOfPage\":{\"@id\":\"https:\/\/www.inesem.es\/revistadigital\/informatica-y-tics\/procesos-etl#primaryimage\"},\"image\":{\"@id\":\"https:\/\/www.inesem.es\/revistadigital\/informatica-y-tics\/procesos-etl#primaryimage\"},\"thumbnailUrl\":\"https:\/\/www.inesem.es\/revistadigital\/informatica-y-tics\/files\/2023\/02\/Portada-Procesos-ETL.jpg\",\"datePublished\":\"2023-02-03T12:31:50+00:00\",\"dateModified\":\"2025-07-31T14:51:16+00:00\",\"description\":\"Descubre qu\u00e9 son los procesos ETL, porqu\u00e9 es importante para cualquier negocio y que herramientas existen en el mercado para implantarlos.\",\"breadcrumb\":{\"@id\":\"https:\/\/www.inesem.es\/revistadigital\/informatica-y-tics\/procesos-etl#breadcrumb\"},\"inLanguage\":\"es\",\"potentialAction\":[{\"@type\":\"ReadAction\",\"target\":[\"https:\/\/www.inesem.es\/revistadigital\/informatica-y-tics\/procesos-etl\"]}]},{\"@type\":\"ImageObject\",\"inLanguage\":\"es\",\"@id\":\"https:\/\/www.inesem.es\/revistadigital\/informatica-y-tics\/procesos-etl#primaryimage\",\"url\":\"https:\/\/www.inesem.es\/revistadigital\/informatica-y-tics\/files\/2023\/02\/Portada-Procesos-ETL.jpg\",\"contentUrl\":\"https:\/\/www.inesem.es\/revistadigital\/informatica-y-tics\/files\/2023\/02\/Portada-Procesos-ETL.jpg\",\"width\":1680,\"height\":1080,\"caption\":\"Portada Procesos ETL\"},{\"@type\":\"BreadcrumbList\",\"@id\":\"https:\/\/www.inesem.es\/revistadigital\/informatica-y-tics\/procesos-etl#breadcrumb\",\"itemListElement\":[{\"@type\":\"ListItem\",\"position\":1,\"name\":\"Home\",\"item\":\"https:\/\/www.inesem.es\/revistadigital\/informatica-y-tics\/\"},{\"@type\":\"ListItem\",\"position\":2,\"name\":\"An\u00e1lisis de Datos\",\"item\":\"https:\/\/www.inesem.es\/revistadigital\/informatica-y-tics\/categorias\/analisis-de-datos\"},{\"@type\":\"ListItem\",\"position\":3,\"name\":\"Procesos ETL: Transformaci\u00f3n de Datos en el An\u00e1lisis de Negocios\"}]},{\"@type\":\"WebSite\",\"@id\":\"https:\/\/www.inesem.es\/revistadigital\/informatica-y-tics\/#website\",\"url\":\"https:\/\/www.inesem.es\/revistadigital\/informatica-y-tics\/\",\"name\":\"Canal Inform\u00e1tica y TICS\",\"description\":\"Canal de Noticias gestionado por el Departamento Docente de Inform\u00e1tica y TICS de INESEM\",\"publisher\":{\"@id\":\"https:\/\/www.inesem.es\/revistadigital\/informatica-y-tics\/#organization\"},\"potentialAction\":[{\"@type\":\"SearchAction\",\"target\":{\"@type\":\"EntryPoint\",\"urlTemplate\":\"https:\/\/www.inesem.es\/revistadigital\/informatica-y-tics\/?s={search_term_string}\"},\"query-input\":{\"@type\":\"PropertyValueSpecification\",\"valueRequired\":true,\"valueName\":\"search_term_string\"}}],\"inLanguage\":\"es\"},{\"@type\":\"Organization\",\"@id\":\"https:\/\/www.inesem.es\/revistadigital\/informatica-y-tics\/#organization\",\"name\":\"Canal Inform\u00e1tica y TICS\",\"url\":\"https:\/\/www.inesem.es\/revistadigital\/informatica-y-tics\/\",\"logo\":{\"@type\":\"ImageObject\",\"inLanguage\":\"es\",\"@id\":\"https:\/\/www.inesem.es\/revistadigital\/informatica-y-tics\/#\/schema\/logo\/image\/\",\"url\":\"\",\"contentUrl\":\"\",\"caption\":\"Canal Inform\u00e1tica y TICS\"},\"image\":{\"@id\":\"https:\/\/www.inesem.es\/revistadigital\/informatica-y-tics\/#\/schema\/logo\/image\/\"},\"sameAs\":[\"https:\/\/www.facebook.com\/InesemBusinessSchool\/\",\"https:\/\/x.com\/inesem\",\"http:\/\/www.linkedin.com\/company\/2370697\",\"https:\/\/www.youtube.com\/user\/inesembusinesschool\/\"]},{\"@type\":\"Person\",\"@id\":\"https:\/\/www.inesem.es\/revistadigital\/informatica-y-tics\/#\/schema\/person\/ec323f7b4aed4a9f5ba04f2df32e0673\",\"name\":\"Rafael Mar\u00edn\",\"image\":{\"@type\":\"ImageObject\",\"inLanguage\":\"es\",\"@id\":\"https:\/\/www.inesem.es\/revistadigital\/informatica-y-tics\/#\/schema\/person\/image\/\",\"url\":\"https:\/\/www.inesem.es\/revistadigital\/informatica-y-tics\/files\/2023\/11\/Foto-Claustro-Educa-Open-recortada-revista-digital-96x96.jpg\",\"contentUrl\":\"https:\/\/www.inesem.es\/revistadigital\/informatica-y-tics\/files\/2023\/11\/Foto-Claustro-Educa-Open-recortada-revista-digital-96x96.jpg\",\"caption\":\"Rafael Mar\u00edn\"},\"description\":\"Ingeniero T\u00e9cnico en Inform\u00e1tica de Sistemas. Amante de las nuevas tecnolog\u00edas, la creaci\u00f3n de aplicaciones y el desarrollo web. Desarrolla sus habilidades en el Departamento de Inform\u00e1tica de INESEM.\",\"url\":\"https:\/\/www.inesem.es\/revistadigital\/informatica-y-tics\/autores\/rafael-marin\"}]}<\/script>\n<!-- \/ Yoast SEO plugin. -->","yoast_head_json":{"title":"Procesos ETL: c\u00f3mo transforman los datos en valor","description":"Descubre qu\u00e9 son los procesos ETL, porqu\u00e9 es importante para cualquier negocio y que herramientas existen en el mercado para implantarlos.","robots":{"index":"index","follow":"follow","max-snippet":"max-snippet:-1","max-image-preview":"max-image-preview:large","max-video-preview":"max-video-preview:-1"},"canonical":"https:\/\/www.inesem.es\/revistadigital\/informatica-y-tics\/procesos-etl","og_locale":"es_ES","og_type":"article","og_title":"Procesos ETL: c\u00f3mo transforman los datos en valor","og_description":"Descubre qu\u00e9 son los procesos ETL, porqu\u00e9 es importante para cualquier negocio y que herramientas existen en el mercado para implantarlos.","og_url":"https:\/\/www.inesem.es\/revistadigital\/informatica-y-tics\/procesos-etl","og_site_name":"Canal Inform\u00e1tica y TICS","article_publisher":"https:\/\/www.facebook.com\/InesemBusinessSchool\/","article_published_time":"2023-02-03T12:31:50+00:00","article_modified_time":"2025-07-31T14:51:16+00:00","og_image":[{"width":1680,"height":1080,"url":"https:\/\/www.inesem.es\/revistadigital\/informatica-y-tics\/files\/2023\/02\/Portada-Procesos-ETL.jpg","type":"image\/jpeg"}],"author":"Rafael Mar\u00edn","twitter_card":"summary_large_image","twitter_creator":"@inesem","twitter_site":"@inesem","twitter_misc":{"Escrito por":"Rafael Mar\u00edn","Tiempo de lectura":"5 minutos"},"schema":{"@context":"https:\/\/schema.org","@graph":[{"@type":"Article","@id":"https:\/\/www.inesem.es\/revistadigital\/informatica-y-tics\/procesos-etl#article","isPartOf":{"@id":"https:\/\/www.inesem.es\/revistadigital\/informatica-y-tics\/procesos-etl"},"author":{"name":"Rafael Mar\u00edn","@id":"https:\/\/www.inesem.es\/revistadigital\/informatica-y-tics\/#\/schema\/person\/ec323f7b4aed4a9f5ba04f2df32e0673"},"headline":"Procesos ETL: Transformaci\u00f3n de Datos en el An\u00e1lisis de Negocios","datePublished":"2023-02-03T12:31:50+00:00","dateModified":"2025-07-31T14:51:16+00:00","mainEntityOfPage":{"@id":"https:\/\/www.inesem.es\/revistadigital\/informatica-y-tics\/procesos-etl"},"wordCount":1039,"commentCount":0,"publisher":{"@id":"https:\/\/www.inesem.es\/revistadigital\/informatica-y-tics\/#organization"},"image":{"@id":"https:\/\/www.inesem.es\/revistadigital\/informatica-y-tics\/procesos-etl#primaryimage"},"thumbnailUrl":"https:\/\/www.inesem.es\/revistadigital\/informatica-y-tics\/files\/2023\/02\/Portada-Procesos-ETL.jpg","articleSection":["An\u00e1lisis de Datos"],"inLanguage":"es","potentialAction":[{"@type":"CommentAction","name":"Comment","target":["https:\/\/www.inesem.es\/revistadigital\/informatica-y-tics\/procesos-etl#respond"]}]},{"@type":"WebPage","@id":"https:\/\/www.inesem.es\/revistadigital\/informatica-y-tics\/procesos-etl","url":"https:\/\/www.inesem.es\/revistadigital\/informatica-y-tics\/procesos-etl","name":"Procesos ETL: c\u00f3mo transforman los datos en valor","isPartOf":{"@id":"https:\/\/www.inesem.es\/revistadigital\/informatica-y-tics\/#website"},"primaryImageOfPage":{"@id":"https:\/\/www.inesem.es\/revistadigital\/informatica-y-tics\/procesos-etl#primaryimage"},"image":{"@id":"https:\/\/www.inesem.es\/revistadigital\/informatica-y-tics\/procesos-etl#primaryimage"},"thumbnailUrl":"https:\/\/www.inesem.es\/revistadigital\/informatica-y-tics\/files\/2023\/02\/Portada-Procesos-ETL.jpg","datePublished":"2023-02-03T12:31:50+00:00","dateModified":"2025-07-31T14:51:16+00:00","description":"Descubre qu\u00e9 son los procesos ETL, porqu\u00e9 es importante para cualquier negocio y que herramientas existen en el mercado para implantarlos.","breadcrumb":{"@id":"https:\/\/www.inesem.es\/revistadigital\/informatica-y-tics\/procesos-etl#breadcrumb"},"inLanguage":"es","potentialAction":[{"@type":"ReadAction","target":["https:\/\/www.inesem.es\/revistadigital\/informatica-y-tics\/procesos-etl"]}]},{"@type":"ImageObject","inLanguage":"es","@id":"https:\/\/www.inesem.es\/revistadigital\/informatica-y-tics\/procesos-etl#primaryimage","url":"https:\/\/www.inesem.es\/revistadigital\/informatica-y-tics\/files\/2023\/02\/Portada-Procesos-ETL.jpg","contentUrl":"https:\/\/www.inesem.es\/revistadigital\/informatica-y-tics\/files\/2023\/02\/Portada-Procesos-ETL.jpg","width":1680,"height":1080,"caption":"Portada Procesos ETL"},{"@type":"BreadcrumbList","@id":"https:\/\/www.inesem.es\/revistadigital\/informatica-y-tics\/procesos-etl#breadcrumb","itemListElement":[{"@type":"ListItem","position":1,"name":"Home","item":"https:\/\/www.inesem.es\/revistadigital\/informatica-y-tics\/"},{"@type":"ListItem","position":2,"name":"An\u00e1lisis de Datos","item":"https:\/\/www.inesem.es\/revistadigital\/informatica-y-tics\/categorias\/analisis-de-datos"},{"@type":"ListItem","position":3,"name":"Procesos ETL: Transformaci\u00f3n de Datos en el An\u00e1lisis de Negocios"}]},{"@type":"WebSite","@id":"https:\/\/www.inesem.es\/revistadigital\/informatica-y-tics\/#website","url":"https:\/\/www.inesem.es\/revistadigital\/informatica-y-tics\/","name":"Canal Inform\u00e1tica y TICS","description":"Canal de Noticias gestionado por el Departamento Docente de Inform\u00e1tica y TICS de INESEM","publisher":{"@id":"https:\/\/www.inesem.es\/revistadigital\/informatica-y-tics\/#organization"},"potentialAction":[{"@type":"SearchAction","target":{"@type":"EntryPoint","urlTemplate":"https:\/\/www.inesem.es\/revistadigital\/informatica-y-tics\/?s={search_term_string}"},"query-input":{"@type":"PropertyValueSpecification","valueRequired":true,"valueName":"search_term_string"}}],"inLanguage":"es"},{"@type":"Organization","@id":"https:\/\/www.inesem.es\/revistadigital\/informatica-y-tics\/#organization","name":"Canal Inform\u00e1tica y TICS","url":"https:\/\/www.inesem.es\/revistadigital\/informatica-y-tics\/","logo":{"@type":"ImageObject","inLanguage":"es","@id":"https:\/\/www.inesem.es\/revistadigital\/informatica-y-tics\/#\/schema\/logo\/image\/","url":"","contentUrl":"","caption":"Canal Inform\u00e1tica y TICS"},"image":{"@id":"https:\/\/www.inesem.es\/revistadigital\/informatica-y-tics\/#\/schema\/logo\/image\/"},"sameAs":["https:\/\/www.facebook.com\/InesemBusinessSchool\/","https:\/\/x.com\/inesem","http:\/\/www.linkedin.com\/company\/2370697","https:\/\/www.youtube.com\/user\/inesembusinesschool\/"]},{"@type":"Person","@id":"https:\/\/www.inesem.es\/revistadigital\/informatica-y-tics\/#\/schema\/person\/ec323f7b4aed4a9f5ba04f2df32e0673","name":"Rafael Mar\u00edn","image":{"@type":"ImageObject","inLanguage":"es","@id":"https:\/\/www.inesem.es\/revistadigital\/informatica-y-tics\/#\/schema\/person\/image\/","url":"https:\/\/www.inesem.es\/revistadigital\/informatica-y-tics\/files\/2023\/11\/Foto-Claustro-Educa-Open-recortada-revista-digital-96x96.jpg","contentUrl":"https:\/\/www.inesem.es\/revistadigital\/informatica-y-tics\/files\/2023\/11\/Foto-Claustro-Educa-Open-recortada-revista-digital-96x96.jpg","caption":"Rafael Mar\u00edn"},"description":"Ingeniero T\u00e9cnico en Inform\u00e1tica de Sistemas. Amante de las nuevas tecnolog\u00edas, la creaci\u00f3n de aplicaciones y el desarrollo web. Desarrolla sus habilidades en el Departamento de Inform\u00e1tica de INESEM.","url":"https:\/\/www.inesem.es\/revistadigital\/informatica-y-tics\/autores\/rafael-marin"}]}},"autor_name":{"name":"Rafael Mar\u00edn"},"featured_image":{"attachment_meta":{"width":1680,"height":1080,"file":"2023\/02\/Portada-Procesos-ETL.jpg","sizes":{"medium":{"file":"Portada-Procesos-ETL-175x113.jpg","width":175,"height":113,"mime_type":"image\/jpeg","url":"https:\/\/www.inesem.es\/revistadigital\/informatica-y-tics\/files\/2023\/02\/Portada-Procesos-ETL-175x113.jpg"},"large":{"file":"Portada-Procesos-ETL-1020x656.jpg","width":1020,"height":656,"mime_type":"image\/jpeg","url":"https:\/\/www.inesem.es\/revistadigital\/informatica-y-tics\/files\/2023\/02\/Portada-Procesos-ETL-1020x656.jpg"},"thumbnail":{"file":"Portada-Procesos-ETL-345x180.jpg","width":345,"height":180,"mime_type":"image\/jpeg","url":"https:\/\/www.inesem.es\/revistadigital\/informatica-y-tics\/files\/2023\/02\/Portada-Procesos-ETL-345x180.jpg"},"medium_large":{"file":"Portada-Procesos-ETL-768x494.jpg","width":768,"height":494,"mime_type":"image\/jpeg","url":"https:\/\/www.inesem.es\/revistadigital\/informatica-y-tics\/files\/2023\/02\/Portada-Procesos-ETL-768x494.jpg"},"wysija-newsletters-max":{"file":"Portada-Procesos-ETL-600x386.jpg","width":600,"height":386,"mime_type":"image\/jpeg","url":"https:\/\/www.inesem.es\/revistadigital\/informatica-y-tics\/files\/2023\/02\/Portada-Procesos-ETL-600x386.jpg"},"1536x1536":{"file":"Portada-Procesos-ETL-1536x987.jpg","width":1536,"height":987,"mime_type":"image\/jpeg","url":"https:\/\/www.inesem.es\/revistadigital\/informatica-y-tics\/files\/2023\/02\/Portada-Procesos-ETL-1536x987.jpg"},"thumb-small":{"file":"Portada-Procesos-ETL-80x80.jpg","width":80,"height":80,"mime_type":"image\/jpeg","url":"https:\/\/www.inesem.es\/revistadigital\/informatica-y-tics\/files\/2023\/02\/Portada-Procesos-ETL-80x80.jpg"},"thumb-standard":{"file":"Portada-Procesos-ETL-320x320.jpg","width":320,"height":320,"mime_type":"image\/jpeg","url":"https:\/\/www.inesem.es\/revistadigital\/informatica-y-tics\/files\/2023\/02\/Portada-Procesos-ETL-320x320.jpg"},"thumb-medium":{"file":"Portada-Procesos-ETL-520x245.jpg","width":520,"height":245,"mime_type":"image\/jpeg","url":"https:\/\/www.inesem.es\/revistadigital\/informatica-y-tics\/files\/2023\/02\/Portada-Procesos-ETL-520x245.jpg"},"thumb-large":{"file":"Portada-Procesos-ETL-720x340.jpg","width":720,"height":340,"mime_type":"image\/jpeg","url":"https:\/\/www.inesem.es\/revistadigital\/informatica-y-tics\/files\/2023\/02\/Portada-Procesos-ETL-720x340.jpg"},"thumb-anteriores":{"file":"Portada-Procesos-ETL-230x163.jpg","width":230,"height":163,"mime_type":"image\/jpeg","url":"https:\/\/www.inesem.es\/revistadigital\/informatica-y-tics\/files\/2023\/02\/Portada-Procesos-ETL-230x163.jpg"},"thumb-inverso":{"file":"Portada-Procesos-ETL-369x261.jpg","width":369,"height":261,"mime_type":"image\/jpeg","url":"https:\/\/www.inesem.es\/revistadigital\/informatica-y-tics\/files\/2023\/02\/Portada-Procesos-ETL-369x261.jpg"},"thumb-cercano":{"file":"Portada-Procesos-ETL-650x200.jpg","width":650,"height":200,"mime_type":"image\/jpeg","url":"https:\/\/www.inesem.es\/revistadigital\/informatica-y-tics\/files\/2023\/02\/Portada-Procesos-ETL-650x200.jpg"},"thumb-slider":{"file":"Portada-Procesos-ETL-574x430.jpg","width":574,"height":430,"mime_type":"image\/jpeg","url":"https:\/\/www.inesem.es\/revistadigital\/informatica-y-tics\/files\/2023\/02\/Portada-Procesos-ETL-574x430.jpg"},"thumb-busqueda":{"file":"Portada-Procesos-ETL-580x375.jpg","width":580,"height":375,"mime_type":"image\/jpeg","url":"https:\/\/www.inesem.es\/revistadigital\/informatica-y-tics\/files\/2023\/02\/Portada-Procesos-ETL-580x375.jpg"},"thumb-formacion-continua":{"file":"Portada-Procesos-ETL-440x336.jpg","width":440,"height":336,"mime_type":"image\/jpeg","url":"https:\/\/www.inesem.es\/revistadigital\/informatica-y-tics\/files\/2023\/02\/Portada-Procesos-ETL-440x336.jpg"},"thumb-xlarge":{"file":"Portada-Procesos-ETL-980x450.jpg","width":980,"height":450,"mime_type":"image\/jpeg","url":"https:\/\/www.inesem.es\/revistadigital\/informatica-y-tics\/files\/2023\/02\/Portada-Procesos-ETL-980x450.jpg"},"thumb-xxlarge":{"file":"Portada-Procesos-ETL-1320x500.jpg","width":1320,"height":500,"mime_type":"image\/jpeg","url":"https:\/\/www.inesem.es\/revistadigital\/informatica-y-tics\/files\/2023\/02\/Portada-Procesos-ETL-1320x500.jpg"}},"image_meta":{"aperture":"0","credit":"","camera":"","caption":"","created_timestamp":"0","copyright":"","focal_length":"0","iso":"0","shutter_speed":"0","title":"","orientation":"0","keywords":[]}}},"_links":{"self":[{"href":"https:\/\/www.inesem.es\/revistadigital\/informatica-y-tics\/wp-json\/wp\/v2\/posts\/3793"}],"collection":[{"href":"https:\/\/www.inesem.es\/revistadigital\/informatica-y-tics\/wp-json\/wp\/v2\/posts"}],"about":[{"href":"https:\/\/www.inesem.es\/revistadigital\/informatica-y-tics\/wp-json\/wp\/v2\/types\/post"}],"author":[{"embeddable":true,"href":"https:\/\/www.inesem.es\/revistadigital\/informatica-y-tics\/wp-json\/wp\/v2\/users\/90976"}],"replies":[{"embeddable":true,"href":"https:\/\/www.inesem.es\/revistadigital\/informatica-y-tics\/wp-json\/wp\/v2\/comments?post=3793"}],"version-history":[{"count":0,"href":"https:\/\/www.inesem.es\/revistadigital\/informatica-y-tics\/wp-json\/wp\/v2\/posts\/3793\/revisions"}],"wp:featuredmedia":[{"embeddable":true,"href":"https:\/\/www.inesem.es\/revistadigital\/informatica-y-tics\/wp-json\/wp\/v2\/media\/3794"}],"wp:attachment":[{"href":"https:\/\/www.inesem.es\/revistadigital\/informatica-y-tics\/wp-json\/wp\/v2\/media?parent=3793"}],"wp:term":[{"taxonomy":"category","embeddable":true,"href":"https:\/\/www.inesem.es\/revistadigital\/informatica-y-tics\/wp-json\/wp\/v2\/categories?post=3793"}],"curies":[{"name":"wp","href":"https:\/\/api.w.org\/{rel}","templated":true}]}}