{"id":92014,"name":"Sara \u00c1vila Ram\u00edrez","url":"","description":"","link":"https:\/\/www.inesem.es\/revistadigital\/informatica-y-tics\/autores\/sara-avila","slug":"sara-avila","avatar_urls":{"24":"https:\/\/www.inesem.es\/revistadigital\/juridico\/files\/2025\/01\/cropped-photo-sara-24x24.jpg","48":"https:\/\/www.inesem.es\/revistadigital\/juridico\/files\/2025\/01\/cropped-photo-sara-48x48.jpg","96":"https:\/\/www.inesem.es\/revistadigital\/juridico\/files\/2025\/01\/cropped-photo-sara-96x96.jpg"},"meta":[],"simple_local_avatar":{"media_id":4543,"full":"https:\/\/www.inesem.es\/revistadigital\/juridico\/files\/2025\/01\/cropped-photo-sara.jpg","blog_id":7,"192":"https:\/\/www.inesem.es\/revistadigital\/juridico\/files\/2025\/01\/cropped-photo-sara-192x192.jpg","96":"https:\/\/www.inesem.es\/revistadigital\/juridico\/files\/2025\/01\/cropped-photo-sara-96x96.jpg","500":"https:\/\/www.inesem.es\/revistadigital\/juridico\/files\/2025\/01\/cropped-photo-sara.jpg","128":"https:\/\/www.inesem.es\/revistadigital\/juridico\/files\/2025\/01\/cropped-photo-sara-128x128.jpg","64":"https:\/\/www.inesem.es\/revistadigital\/juridico\/files\/2025\/01\/cropped-photo-sara-64x64.jpg","52":"https:\/\/www.inesem.es\/revistadigital\/juridico\/files\/2025\/01\/cropped-photo-sara-52x52.jpg","26":"https:\/\/www.inesem.es\/revistadigital\/juridico\/files\/2025\/01\/cropped-photo-sara-26x26.jpg","210":"https:\/\/www.inesem.es\/revistadigital\/juridico\/files\/2025\/01\/cropped-photo-sara-210x210.jpg","105":"https:\/\/www.inesem.es\/revistadigital\/juridico\/files\/2025\/01\/cropped-photo-sara-105x105.jpg","24":"https:\/\/www.inesem.es\/revistadigital\/juridico\/files\/2025\/01\/cropped-photo-sara-24x24.jpg","48":"https:\/\/www.inesem.es\/revistadigital\/juridico\/files\/2025\/01\/cropped-photo-sara-48x48.jpg","132":"","66":"","36":"","18":"","32":""},"yoast_head":"<!-- This site is optimized with the Yoast SEO plugin v23.5 - https:\/\/yoast.com\/wordpress\/plugins\/seo\/ -->\n<title>Art\u00edculos de Sara \u00c1vila Ram\u00edrez en el Canal Inform\u00e1tica y TICS<\/title>\n<meta name=\"description\" content=\"Art\u00edculos del Canal Inform\u00e1tica y TICS escritos por Sara \u00c1vila Ram\u00edrez en Revisa Digital INESEM\" \/>\n<meta name=\"robots\" content=\"noindex, follow\" \/>\n<meta property=\"og:locale\" content=\"es_ES\" \/>\n<meta property=\"og:type\" content=\"profile\" \/>\n<meta property=\"og:title\" content=\"Art\u00edculos de Sara \u00c1vila Ram\u00edrez en el Canal Inform\u00e1tica y TICS\" \/>\n<meta property=\"og:description\" content=\"Art\u00edculos del Canal Inform\u00e1tica y TICS escritos por Sara \u00c1vila Ram\u00edrez en Revisa Digital INESEM\" \/>\n<meta property=\"og:url\" content=\"https:\/\/www.inesem.es\/revistadigital\/informatica-y-tics\/autores\/sara-avila\" \/>\n<meta property=\"og:site_name\" content=\"Canal Inform\u00e1tica y TICS\" \/>\n<meta property=\"og:image\" content=\"https:\/\/www.inesem.es\/revistadigital\/juridico\/files\/2025\/01\/cropped-photo-sara.jpg\" \/>\n<meta name=\"twitter:card\" content=\"summary_large_image\" \/>\n<meta name=\"twitter:site\" content=\"@inesem\" \/>\n<script type=\"application\/ld+json\" class=\"yoast-schema-graph\">{\"@context\":\"https:\/\/schema.org\",\"@graph\":[{\"@type\":\"ProfilePage\",\"@id\":\"https:\/\/www.inesem.es\/revistadigital\/informatica-y-tics\/autores\/sara-avila\",\"url\":\"https:\/\/www.inesem.es\/revistadigital\/informatica-y-tics\/autores\/sara-avila\",\"name\":\"Art\u00edculos de Sara \u00c1vila Ram\u00edrez en el Canal Inform\u00e1tica y TICS\",\"isPartOf\":{\"@id\":\"https:\/\/www.inesem.es\/revistadigital\/informatica-y-tics\/#website\"},\"description\":\"Art\u00edculos del Canal Inform\u00e1tica y TICS escritos por Sara \u00c1vila Ram\u00edrez en Revisa Digital INESEM\",\"breadcrumb\":{\"@id\":\"https:\/\/www.inesem.es\/revistadigital\/informatica-y-tics\/autores\/sara-avila#breadcrumb\"},\"inLanguage\":\"es\",\"potentialAction\":[{\"@type\":\"ReadAction\",\"target\":[\"https:\/\/www.inesem.es\/revistadigital\/informatica-y-tics\/autores\/sara-avila\"]}]},{\"@type\":\"BreadcrumbList\",\"@id\":\"https:\/\/www.inesem.es\/revistadigital\/informatica-y-tics\/autores\/sara-avila#breadcrumb\",\"itemListElement\":[{\"@type\":\"ListItem\",\"position\":1,\"name\":\"Home\",\"item\":\"https:\/\/www.inesem.es\/revistadigital\/informatica-y-tics\/\"},{\"@type\":\"ListItem\",\"position\":2,\"name\":\"Archivos de Sara \u00c1vila Ram\u00edrez\"}]},{\"@type\":\"WebSite\",\"@id\":\"https:\/\/www.inesem.es\/revistadigital\/informatica-y-tics\/#website\",\"url\":\"https:\/\/www.inesem.es\/revistadigital\/informatica-y-tics\/\",\"name\":\"Canal Inform\u00e1tica y TICS\",\"description\":\"Canal de Noticias gestionado por el Departamento Docente de Inform\u00e1tica y TICS de INESEM\",\"publisher\":{\"@id\":\"https:\/\/www.inesem.es\/revistadigital\/informatica-y-tics\/#organization\"},\"potentialAction\":[{\"@type\":\"SearchAction\",\"target\":{\"@type\":\"EntryPoint\",\"urlTemplate\":\"https:\/\/www.inesem.es\/revistadigital\/informatica-y-tics\/?s={search_term_string}\"},\"query-input\":{\"@type\":\"PropertyValueSpecification\",\"valueRequired\":true,\"valueName\":\"search_term_string\"}}],\"inLanguage\":\"es\"},{\"@type\":\"Organization\",\"@id\":\"https:\/\/www.inesem.es\/revistadigital\/informatica-y-tics\/#organization\",\"name\":\"Canal Inform\u00e1tica y TICS\",\"url\":\"https:\/\/www.inesem.es\/revistadigital\/informatica-y-tics\/\",\"logo\":{\"@type\":\"ImageObject\",\"inLanguage\":\"es\",\"@id\":\"https:\/\/www.inesem.es\/revistadigital\/informatica-y-tics\/#\/schema\/logo\/image\/\",\"url\":\"\",\"contentUrl\":\"\",\"caption\":\"Canal Inform\u00e1tica y TICS\"},\"image\":{\"@id\":\"https:\/\/www.inesem.es\/revistadigital\/informatica-y-tics\/#\/schema\/logo\/image\/\"},\"sameAs\":[\"https:\/\/www.facebook.com\/InesemBusinessSchool\/\",\"https:\/\/x.com\/inesem\",\"http:\/\/www.linkedin.com\/company\/2370697\",\"https:\/\/www.youtube.com\/user\/inesembusinesschool\/\"]},{\"@type\":\"Person\",\"@id\":\"https:\/\/www.inesem.es\/revistadigital\/informatica-y-tics\/#\/schema\/person\/8b293b1d57c4214ed7026c59154faea9\",\"name\":\"Sara \u00c1vila Ram\u00edrez\",\"image\":{\"@type\":\"ImageObject\",\"inLanguage\":\"es\",\"@id\":\"https:\/\/www.inesem.es\/revistadigital\/informatica-y-tics\/#\/schema\/person\/image\/\",\"url\":\"https:\/\/www.inesem.es\/revistadigital\/juridico\/files\/2025\/01\/cropped-photo-sara-96x96.jpg\",\"contentUrl\":\"https:\/\/www.inesem.es\/revistadigital\/juridico\/files\/2025\/01\/cropped-photo-sara-96x96.jpg\",\"caption\":\"Sara \u00c1vila Ram\u00edrez\"},\"mainEntityOfPage\":{\"@id\":\"https:\/\/www.inesem.es\/revistadigital\/informatica-y-tics\/autores\/sara-avila\"}}]}<\/script>\n<!-- \/ Yoast SEO plugin. -->","yoast_head_json":{"title":"Art\u00edculos de Sara \u00c1vila Ram\u00edrez en el Canal Inform\u00e1tica y TICS","description":"Art\u00edculos del Canal Inform\u00e1tica y TICS escritos por Sara \u00c1vila Ram\u00edrez en Revisa Digital INESEM","robots":{"index":"noindex","follow":"follow"},"og_locale":"es_ES","og_type":"profile","og_title":"Art\u00edculos de Sara \u00c1vila Ram\u00edrez en el Canal Inform\u00e1tica y TICS","og_description":"Art\u00edculos del Canal Inform\u00e1tica y TICS escritos por Sara \u00c1vila Ram\u00edrez en Revisa Digital INESEM","og_url":"https:\/\/www.inesem.es\/revistadigital\/informatica-y-tics\/autores\/sara-avila","og_site_name":"Canal Inform\u00e1tica y TICS","og_image":[{"url":"https:\/\/www.inesem.es\/revistadigital\/juridico\/files\/2025\/01\/cropped-photo-sara.jpg"}],"twitter_card":"summary_large_image","twitter_site":"@inesem","schema":{"@context":"https:\/\/schema.org","@graph":[{"@type":"ProfilePage","@id":"https:\/\/www.inesem.es\/revistadigital\/informatica-y-tics\/autores\/sara-avila","url":"https:\/\/www.inesem.es\/revistadigital\/informatica-y-tics\/autores\/sara-avila","name":"Art\u00edculos de Sara \u00c1vila Ram\u00edrez en el Canal Inform\u00e1tica y TICS","isPartOf":{"@id":"https:\/\/www.inesem.es\/revistadigital\/informatica-y-tics\/#website"},"description":"Art\u00edculos del Canal Inform\u00e1tica y TICS escritos por Sara \u00c1vila Ram\u00edrez en Revisa Digital INESEM","breadcrumb":{"@id":"https:\/\/www.inesem.es\/revistadigital\/informatica-y-tics\/autores\/sara-avila#breadcrumb"},"inLanguage":"es","potentialAction":[{"@type":"ReadAction","target":["https:\/\/www.inesem.es\/revistadigital\/informatica-y-tics\/autores\/sara-avila"]}]},{"@type":"BreadcrumbList","@id":"https:\/\/www.inesem.es\/revistadigital\/informatica-y-tics\/autores\/sara-avila#breadcrumb","itemListElement":[{"@type":"ListItem","position":1,"name":"Home","item":"https:\/\/www.inesem.es\/revistadigital\/informatica-y-tics\/"},{"@type":"ListItem","position":2,"name":"Archivos de Sara \u00c1vila Ram\u00edrez"}]},{"@type":"WebSite","@id":"https:\/\/www.inesem.es\/revistadigital\/informatica-y-tics\/#website","url":"https:\/\/www.inesem.es\/revistadigital\/informatica-y-tics\/","name":"Canal Inform\u00e1tica y TICS","description":"Canal de Noticias gestionado por el Departamento Docente de Inform\u00e1tica y TICS de INESEM","publisher":{"@id":"https:\/\/www.inesem.es\/revistadigital\/informatica-y-tics\/#organization"},"potentialAction":[{"@type":"SearchAction","target":{"@type":"EntryPoint","urlTemplate":"https:\/\/www.inesem.es\/revistadigital\/informatica-y-tics\/?s={search_term_string}"},"query-input":{"@type":"PropertyValueSpecification","valueRequired":true,"valueName":"search_term_string"}}],"inLanguage":"es"},{"@type":"Organization","@id":"https:\/\/www.inesem.es\/revistadigital\/informatica-y-tics\/#organization","name":"Canal Inform\u00e1tica y TICS","url":"https:\/\/www.inesem.es\/revistadigital\/informatica-y-tics\/","logo":{"@type":"ImageObject","inLanguage":"es","@id":"https:\/\/www.inesem.es\/revistadigital\/informatica-y-tics\/#\/schema\/logo\/image\/","url":"","contentUrl":"","caption":"Canal Inform\u00e1tica y TICS"},"image":{"@id":"https:\/\/www.inesem.es\/revistadigital\/informatica-y-tics\/#\/schema\/logo\/image\/"},"sameAs":["https:\/\/www.facebook.com\/InesemBusinessSchool\/","https:\/\/x.com\/inesem","http:\/\/www.linkedin.com\/company\/2370697","https:\/\/www.youtube.com\/user\/inesembusinesschool\/"]},{"@type":"Person","@id":"https:\/\/www.inesem.es\/revistadigital\/informatica-y-tics\/#\/schema\/person\/8b293b1d57c4214ed7026c59154faea9","name":"Sara \u00c1vila Ram\u00edrez","image":{"@type":"ImageObject","inLanguage":"es","@id":"https:\/\/www.inesem.es\/revistadigital\/informatica-y-tics\/#\/schema\/person\/image\/","url":"https:\/\/www.inesem.es\/revistadigital\/juridico\/files\/2025\/01\/cropped-photo-sara-96x96.jpg","contentUrl":"https:\/\/www.inesem.es\/revistadigital\/juridico\/files\/2025\/01\/cropped-photo-sara-96x96.jpg","caption":"Sara \u00c1vila Ram\u00edrez"},"mainEntityOfPage":{"@id":"https:\/\/www.inesem.es\/revistadigital\/informatica-y-tics\/autores\/sara-avila"}}]}},"_links":{"self":[{"href":"https:\/\/www.inesem.es\/revistadigital\/informatica-y-tics\/wp-json\/wp\/v2\/users\/92014"}],"collection":[{"href":"https:\/\/www.inesem.es\/revistadigital\/informatica-y-tics\/wp-json\/wp\/v2\/users"}]}}