{"id":4763,"date":"2026-03-25T12:46:54","date_gmt":"2026-03-25T11:46:54","guid":{"rendered":"https:\/\/www.inesem.es\/revistadigital\/juridico\/?p=4763"},"modified":"2026-04-16T12:37:03","modified_gmt":"2026-04-16T10:37:03","slug":"declaracion-de-la-renta-novedades","status":"publish","type":"post","link":"https:\/\/www.inesem.es\/revistadigital\/juridico\/declaracion-de-la-renta-novedades","title":{"rendered":"Declaraci\u00f3n de la renta 2025: novedades que debes revisar antes de presentar el borrador"},"content":{"rendered":"<p>M\u00e1s de <strong>23 millones de contribuyentes en Espa\u00f1a <\/strong>tendr\u00e1n que presentar la declaraci\u00f3n de la renta correspondiente al <strong>ejercicio fiscal de 2025<\/strong>. La campa\u00f1a arranca el <strong>8 de abril de 2026 <\/strong>y se extender\u00e1 hasta el <strong>30 de junio<\/strong>, con varios cambios que pueden alterar el resultado final de tu declaraci\u00f3n.<\/p>\n<p>En este art\u00edculo te contamos<strong> todo lo que debes saber antes de realizar tu borrador<\/strong>. Un peque\u00f1o ajuste en una deducci\u00f3n o en la declaraci\u00f3n de una inversi\u00f3n puede marcar la diferencia entre <strong>pagar m\u00e1s impuestos o recibir una mayor devoluci\u00f3n.<\/strong><\/p>\n<div id=\"ez-toc-container\" class=\"ez-toc-v2_0_72 counter-hierarchy ez-toc-counter ez-toc-grey ez-toc-container-direction\">\n<div class=\"ez-toc-title-container\">\n<p class=\"ez-toc-title\" style=\"cursor:inherit\">Table of Contents<\/p>\n<span class=\"ez-toc-title-toggle\"><a href=\"#\" class=\"ez-toc-pull-right ez-toc-btn ez-toc-btn-xs ez-toc-btn-default ez-toc-toggle\" aria-label=\"Toggle Table of Content\"><span class=\"ez-toc-js-icon-con\"><span class=\"\"><span class=\"eztoc-hide\" style=\"display:none;\">Toggle<\/span><span class=\"ez-toc-icon-toggle-span\"><svg style=\"fill: #999;color:#999\" xmlns=\"http:\/\/www.w3.org\/2000\/svg\" class=\"list-377408\" width=\"20px\" height=\"20px\" viewBox=\"0 0 24 24\" fill=\"none\"><path d=\"M6 6H4v2h2V6zm14 0H8v2h12V6zM4 11h2v2H4v-2zm16 0H8v2h12v-2zM4 16h2v2H4v-2zm16 0H8v2h12v-2z\" fill=\"currentColor\"><\/path><\/svg><svg style=\"fill: #999;color:#999\" class=\"arrow-unsorted-368013\" xmlns=\"http:\/\/www.w3.org\/2000\/svg\" width=\"10px\" height=\"10px\" viewBox=\"0 0 24 24\" version=\"1.2\" baseProfile=\"tiny\"><path d=\"M18.2 9.3l-6.2-6.3-6.2 6.3c-.2.2-.3.4-.3.7s.1.5.3.7c.2.2.4.3.7.3h11c.3 0 .5-.1.7-.3.2-.2.3-.5.3-.7s-.1-.5-.3-.7zM5.8 14.7l6.2 6.3 6.2-6.3c.2-.2.3-.5.3-.7s-.1-.5-.3-.7c-.2-.2-.4-.3-.7-.3h-11c-.3 0-.5.1-.7.3-.2.2-.3.5-.3.7s.1.5.3.7z\"\/><\/svg><\/span><\/span><\/span><\/a><\/span><\/div>\n<nav><ul class='ez-toc-list ez-toc-list-level-1 ' ><li class='ez-toc-page-1 ez-toc-heading-level-2'><a class=\"ez-toc-link ez-toc-heading-1\" href=\"https:\/\/www.inesem.es\/revistadigital\/juridico\/declaracion-de-la-renta-novedades\/#Calendario_de_la_campana_de_la_renta_20252026\" title=\"Calendario de la campa\u00f1a de la renta 2025\/2026\">Calendario de la campa\u00f1a de la renta 2025\/2026<\/a><\/li><li class='ez-toc-page-1 ez-toc-heading-level-2'><a class=\"ez-toc-link ez-toc-heading-2\" href=\"https:\/\/www.inesem.es\/revistadigital\/juridico\/declaracion-de-la-renta-novedades\/#Que_novedades_incorpora_la_renta_20252026\" title=\"Qu\u00e9 novedades incorpora la renta 2025\/2026\">Qu\u00e9 novedades incorpora la renta 2025\/2026<\/a><ul class='ez-toc-list-level-3' ><li class='ez-toc-heading-level-3'><a class=\"ez-toc-link ez-toc-heading-3\" href=\"https:\/\/www.inesem.es\/revistadigital\/juridico\/declaracion-de-la-renta-novedades\/#Nueva_deduccion_para_trabajadores_con_ingresos_bajos\" title=\"Nueva deducci\u00f3n para trabajadores con ingresos bajos\">Nueva deducci\u00f3n para trabajadores con ingresos bajos<\/a><\/li><li class='ez-toc-page-1 ez-toc-heading-level-3'><a class=\"ez-toc-link ez-toc-heading-4\" href=\"https:\/\/www.inesem.es\/revistadigital\/juridico\/declaracion-de-la-renta-novedades\/#Cambios_en_la_tributacion_de_la_renta_del_ahorro\" title=\"Cambios en la tributaci\u00f3n de la renta del ahorro\">Cambios en la tributaci\u00f3n de la renta del ahorro<\/a><\/li><li class='ez-toc-page-1 ez-toc-heading-level-3'><a class=\"ez-toc-link ez-toc-heading-5\" href=\"https:\/\/www.inesem.es\/revistadigital\/juridico\/declaracion-de-la-renta-novedades\/#Parados_y_ayudas_por_catastrofes\" title=\"Parados y ayudas por cat\u00e1strofes\">Parados y ayudas por cat\u00e1strofes<\/a><\/li><li class='ez-toc-page-1 ez-toc-heading-level-3'><a class=\"ez-toc-link ez-toc-heading-6\" href=\"https:\/\/www.inesem.es\/revistadigital\/juridico\/declaracion-de-la-renta-novedades\/#Deducciones_por_eficiencia_energetica_prorrogada_en_2025\" title=\"Deducciones por eficiencia energ\u00e9tica: prorrogada en 2025\">Deducciones por eficiencia energ\u00e9tica: prorrogada en 2025<\/a><\/li><li class='ez-toc-page-1 ez-toc-heading-level-3'><a class=\"ez-toc-link ez-toc-heading-7\" href=\"https:\/\/www.inesem.es\/revistadigital\/juridico\/declaracion-de-la-renta-novedades\/#Pensionistas\" title=\"Pensionistas\">Pensionistas<\/a><\/li><\/ul><\/li><li class='ez-toc-page-1 ez-toc-heading-level-2'><a class=\"ez-toc-link ez-toc-heading-8\" href=\"https:\/\/www.inesem.es\/revistadigital\/juridico\/declaracion-de-la-renta-novedades\/#%C2%BFQuien_esta_obligado_a_presentar_la_declaracion_de_la_renta_20252026\" title=\"\u00bfQui\u00e9n est\u00e1 obligado a presentar la declaraci\u00f3n de la renta 2025\/2026?\">\u00bfQui\u00e9n est\u00e1 obligado a presentar la declaraci\u00f3n de la renta 2025\/2026?<\/a><\/li><li class='ez-toc-page-1 ez-toc-heading-level-2'><a class=\"ez-toc-link ez-toc-heading-9\" href=\"https:\/\/www.inesem.es\/revistadigital\/juridico\/declaracion-de-la-renta-novedades\/#%C2%BFComo_afecta_la_declaracion_de_la_retan_a_los_autonomos_y_PYMES\" title=\"\u00bfC\u00f3mo afecta la declaraci\u00f3n de la retan a los aut\u00f3nomos y PYMES?\">\u00bfC\u00f3mo afecta la declaraci\u00f3n de la retan a los aut\u00f3nomos y PYMES?<\/a><\/li><li class='ez-toc-page-1 ez-toc-heading-level-2'><a class=\"ez-toc-link ez-toc-heading-10\" href=\"https:\/\/www.inesem.es\/revistadigital\/juridico\/declaracion-de-la-renta-novedades\/#Simulador_renta_20252026\" title=\"Simulador renta 2025\/2026\">Simulador renta 2025\/2026<\/a><\/li><li class='ez-toc-page-1 ez-toc-heading-level-2'><a class=\"ez-toc-link ez-toc-heading-11\" href=\"https:\/\/www.inesem.es\/revistadigital\/juridico\/declaracion-de-la-renta-novedades\/#Consejos_para_no_pagar_mas_de_lo_que_debes\" title=\"Consejos para no pagar m\u00e1s de lo que debes\">Consejos para no pagar m\u00e1s de lo que debes<\/a><\/li><li class='ez-toc-page-1 ez-toc-heading-level-2'><a class=\"ez-toc-link ez-toc-heading-12\" href=\"https:\/\/www.inesem.es\/revistadigital\/juridico\/declaracion-de-la-renta-novedades\/#Especializate_en_fiscalidad_y_asesoria_tributaria_con_INESEM_Business_School\" title=\"Especial\u00edzate en fiscalidad y asesor\u00eda tributaria con INESEM Business School\">Especial\u00edzate en fiscalidad y asesor\u00eda tributaria con INESEM Business School<\/a><\/li><\/ul><\/nav><\/div>\n<h2><span class=\"ez-toc-section\" id=\"Calendario_de_la_campana_de_la_renta_20252026\"><\/span>Calendario de la campa\u00f1a de la renta 2025\/2026<span class=\"ez-toc-section-end\"><\/span><\/h2>\n<p>La <strong>Agencia Tributaria <\/strong>mantiene su calendario habitual para la presentaci\u00f3n del IRPF. Estas son las fechas clave que debes de tener en cuenta para presentar tu declaraci\u00f3n de la renta 2025:<\/p>\n<div id=\"renta-fechas\" style=\"margin-bottom: 60px\">\n<div style=\"flex-direction: column;border-left: 2px solid #54c9d6;padding-left: 0;margin: 20px 0\">\n<div style=\"grid-template-columns: 100px 1fr;position: relative\">\n<div style=\"position: absolute;left: -8px;top: 18px;width: 13px;height: 13px;background: #54c9d6;border: 2px solid #ffffff;border-radius: 50%\"><\/div>\n<div style=\"padding: 14px 10px 14px 18px;font-family: monospace;font-size: 11px;font-weight: bold;color: #54c9d6;letter-spacing: 0.05em;line-height: 1.4\">8 abril<\/div>\n<div style=\"padding: 14px 0 14px 14px;border-left: 1px solid #d6e8ec;font-size: 14px;line-height: 1.65;color: #333333\"><strong style=\"color: #192b5d;font-weight: bold\">Inicio de la campa\u00f1a.<\/strong> Se puede consultar el borrador y confirmar o modificar a trav\u00e9s de la <a href=\"https:\/\/sede.agenciatributaria.gob.es\/Sede\/ayuda\/consultas-informaticas\/renta-ayuda-tecnica\/renta-web-tramitacion-borrador-declaracion.html\">Renta Web<\/a>.<\/div>\n<\/div>\n<div style=\"grid-template-columns: 100px 1fr;position: relative\">\n<div style=\"position: absolute;left: -8px;top: 18px;width: 13px;height: 13px;background: #54c9d6;border: 2px solid #ffffff;border-radius: 50%\"><\/div>\n<div style=\"padding: 14px 10px 14px 18px;font-family: monospace;font-size: 11px;font-weight: bold;color: #54c9d6;letter-spacing: 0.05em;line-height: 1.4\">29 abril<\/div>\n<div style=\"padding: 14px 0 14px 14px;border-left: 1px solid #d6e8ec;font-size: 14px;line-height: 1.65;color: #333333\"><strong style=\"color: #192b5d;font-weight: bold\">Inicio solicitud de cita telef\u00f3nica.<\/strong> La AEAT comienza a atender solicitudes de cita telef\u00f3nica para la declaraci\u00f3n de la renta (hasta el 29 de junio).<\/div>\n<\/div>\n<div style=\"grid-template-columns: 100px 1fr;position: relative\">\n<div style=\"position: absolute;left: -8px;top: 18px;width: 13px;height: 13px;background: #54c9d6;border: 2px solid #ffffff;border-radius: 50%\"><\/div>\n<div style=\"padding: 14px 10px 14px 18px;font-family: monospace;font-size: 11px;font-weight: bold;color: #54c9d6;letter-spacing: 0.05em;line-height: 1.4\">6 mayo<\/div>\n<div style=\"padding: 14px 0 14px 14px;border-left: 1px solid #d6e8ec;font-size: 14px;line-height: 1.65;color: #333333\"><strong style=\"color: #192b5d;font-weight: bold\">Atenci\u00f3n telef\u00f3nica.<\/strong> La AEAT comienza a confeccionar declaraciones por tel\u00e9fono con cita previa.<\/div>\n<\/div>\n<div style=\"grid-template-columns: 100px 1fr;position: relative\">\n<div style=\"position: absolute;left: -8px;top: 18px;width: 13px;height: 13px;background: #fabb00;border: 2px solid #ffffff;border-radius: 50%\"><\/div>\n<div style=\"padding: 14px 10px 14px 18px;font-family: monospace;font-size: 11px;font-weight: bold;color: #fabb00;letter-spacing: 0.05em;line-height: 1.4\">25 junio<\/div>\n<div style=\"padding: 14px 0 14px 14px;border-left: 1px solid #d6e8ec;font-size: 14px;line-height: 1.65;color: #333333\"><strong style=\"color: #192b5d;font-weight: bold\">\u00daltimo d\u00eda para domiciliaci\u00f3n bancaria<\/strong> de declaraciones con resultado a ingresar. Si domicilias el pago, no puedes esperar al d\u00eda 30.<\/div>\n<\/div>\n<div style=\"grid-template-columns: 100px 1fr;position: relative\">\n<div style=\"position: absolute;left: -8px;top: 18px;width: 13px;height: 13px;background: #192b5d;border: 2px solid #ffffff;border-radius: 50%\"><\/div>\n<div style=\"padding: 14px 10px 14px 18px;font-family: monospace;font-size: 11px;font-weight: bold;color: #192b5d;letter-spacing: 0.05em;line-height: 1.4\">30 junio<\/div>\n<div style=\"padding: 14px 0 14px 14px;border-left: 1px solid #d6e8ec;font-size: 14px;line-height: 1.65;color: #333333\"><strong style=\"color: #192b5d;font-weight: bold\">Fin oficial de la campa\u00f1a.<\/strong> \u00daltimo d\u00eda para presentar la declaraci\u00f3n por internet, tel\u00e9fono y de forma presencial en las oficinas de la AEAT.<\/div>\n<\/div>\n<\/div>\n<\/div>\n<div style=\"background: #192b5d;border-left: 6px solid #fabb00;padding: 28px 28px 24px;position: relative;overflow: hidden;font-family: 'Lato',sans-serif\">\n<div style=\"position: absolute;top: 0;left: 0;right: 0;height: 3px;background: #54c9d6\"><\/div>\n<div style=\"align-items: center;gap: 20px;flex-wrap: wrap\">\n<div style=\"flex: 1;min-width: 220px\">\n<p style=\"font-size: 10px;font-weight: bold;letter-spacing: 0.2em;text-transform: uppercase;color: #54c9d6;margin: 0 0 8px 0\">INESEM Business School &#8211; Recurso gratuito<\/p>\n<p style=\"font-size: 1.15rem;font-weight: bold;color: #ffffff;line-height: 1.35;margin: 0 0 10px 0\">Gu\u00eda pr\u00e1ctica para hacer la declaraci\u00f3n de la renta 2025\/2026<\/p>\n<p style=\"font-size: 13px;margin: 0 0 20px 0;color: #ffffff;line-height: 1.6\">Todo lo que necesitas saber para revisar tu borrador, aplicar las deducciones correctas y evitar errores antes del 30 de junio.<\/p>\n<p><a style=\"align-items: center;gap: 10px;background: #fabb00;color: #192b5d;font-size: 14px;font-weight: bold;padding: 13px 24px;text-decoration: none;letter-spacing: 0.04em\" href=\"https:\/\/cdn.inesem.es\/guias-blog\/guia-practica-declaracion-renta-2025.pdf\" target=\"_blank\" rel=\"noopener\">Descargar gu\u00eda gratuita \u2192<br \/>\n<\/a><\/p>\n<\/div>\n<\/div>\n<\/div>\n<h2><span class=\"ez-toc-section\" id=\"Que_novedades_incorpora_la_renta_20252026\"><\/span>Qu\u00e9 novedades incorpora la renta 2025\/2026<span class=\"ez-toc-section-end\"><\/span><\/h2>\n<h3><span class=\"ez-toc-section\" id=\"Nueva_deduccion_para_trabajadores_con_ingresos_bajos\"><\/span>Nueva deducci\u00f3n para trabajadores con ingresos bajos<span class=\"ez-toc-section-end\"><\/span><\/h3>\n<p>Los trabajadores que perciban el <strong>salario m\u00ednimo interprofesional (SMI) <\/strong>podr\u00e1n beneficiarse de una reducci\u00f3n en el IRPF.<\/p>\n<p>En 2025, el SMI se sit\u00faa en <strong>1.184 euros brutos mensuales en 14 pagas<\/strong>, lo que equivale a <strong>16.576 euros al a\u00f1o<\/strong>. Con este nivel de ingresos, los contribuyentes podr\u00e1n aplicar una <strong>reducci\u00f3n de 340 euros en el IRPF<\/strong>. Esto significa que quienes ganen el salario m\u00ednimo <strong>no tendr\u00e1n que tributar por ese ingreso en la declaraci\u00f3n de la renta<\/strong>, ya que se sit\u00faan por debajo del l\u00edmite establecido.<\/p>\n<p>Adem\u00e1s, esta medida busca evitar el llamado<strong>\u201cerror de salto\u201d<\/strong>: una situaci\u00f3n en la que una peque\u00f1a subida salarial puede provocar que el trabajador pase a pagar m\u00e1s impuestos.<\/p>\n<div style=\"margin: 24px 0;border: 2px solid #192b5d\">\n<table style=\"width: 100%;border-collapse: collapse;font-size: 14px\">\n<thead>\n<tr style=\"background: #192b5d;color: #ffffff\">\n<th style=\"padding: 12px 16px;font-family: monospace;font-size: 10px;letter-spacing: 0.12em;text-transform: uppercase;font-weight: 500;text-align: center\">Rendimientos \u00edntegros del trabajo<\/th>\n<th style=\"padding: 12px 16px;font-family: monospace;font-size: 10px;letter-spacing: 0.12em;text-transform: uppercase;font-weight: 500;text-align: center\">Deducci\u00f3n<\/th>\n<\/tr>\n<\/thead>\n<tbody>\n<tr style=\"background: #f6f6f6\">\n<td style=\"padding: 12px 16px;border-bottom: 1px solid #d6e8ec;color: #333333;line-height: 1.5;vertical-align: top\">\u2264 16.576 \u20ac anuales (SMI 2025)<\/td>\n<td style=\"padding: 12px 16px;border-bottom: 1px solid #d6e8ec;color: #192b5d;font-weight: bold;vertical-align: top\">340 \u20ac \u00edntegros<\/td>\n<\/tr>\n<tr style=\"background: #ffffff\">\n<td style=\"padding: 12px 16px;border-bottom: 1px solid #d6e8ec;color: #333333;line-height: 1.5;vertical-align: top\">Entre 16.576 \u20ac y 18.276 \u20ac<\/td>\n<td style=\"padding: 12px 16px;border-bottom: 1px solid #d6e8ec;color: #192b5d;font-weight: bold;vertical-align: top\">Reducci\u00f3n progresiva (de 340 \u20ac a 0 \u20ac)<\/td>\n<\/tr>\n<tr style=\"background: #f6f6f6\">\n<td style=\"padding: 12px 16px;border-bottom: 1px solid #d6e8ec;color: #333333;line-height: 1.5;vertical-align: top\">&gt; 18.276 \u20ac<\/td>\n<td style=\"padding: 12px 16px;border-bottom: 1px solid #d6e8ec;color: #333333;vertical-align: top\">Sin deducci\u00f3n<\/td>\n<\/tr>\n<\/tbody>\n<\/table>\n<\/div>\n<h3><span class=\"ez-toc-section\" id=\"Cambios_en_la_tributacion_de_la_renta_del_ahorro\"><\/span>Cambios en la tributaci\u00f3n de la renta del ahorro<span class=\"ez-toc-section-end\"><\/span><\/h3>\n<p>Otra de las novedades que se incluyen en la declaraci\u00f3n de la renta de 2025 afecta a quienes obtienen ingresos a trav\u00e9s de <strong>inversiones financieras.<\/strong><\/p>\n<p>La <strong>renta del ahorro<\/strong> (dividendos, intereses o ganancias por la venta de activos) mantienen su <strong>escala progresiva de tributaci\u00f3n dentro del IRPF<\/strong>. En los \u00faltimos ejercicios se han introduccido <strong>ajustes en los tramos m\u00e1s altos<\/strong>, lo que implica que las rentas m\u00e1s elevadas tributan a tipos superiores.<\/p>\n<p>Las rentas del ahorro que superen los <strong style=\"color: #192b5d;font-weight: bold\">300.000 euros<\/strong> pasan a tributar al , frente al 28% del pasado ejercicio. Aunque afecta a un n\u00famero reducido de contribuyentes, supone un incremento de dos puntos en el tipo m\u00e1ximo del ahorro.<\/p>\n<table style=\"width: 100%;border-collapse: collapse;font-size: 14px;min-width: 360px\">\n<thead>\n<tr>\n<th style=\"padding: 11px 18px;font-family: Lato, sans-serif;font-size: 10px;letter-spacing: 0.14em;text-transform: uppercase;font-weight: bold;color: #ffffff;background: #192b5d;text-align: center\">Tramo de ganancias<\/th>\n<th style=\"padding: 11px 18px;font-family: Lato, sans-serif;font-size: 10px;letter-spacing: 0.14em;text-transform: uppercase;font-weight: bold;color: #ffffff;background: #192b5d;text-align: center\">Desde<\/th>\n<th style=\"padding: 11px 18px;font-family: Lato, sans-serif;font-size: 10px;letter-spacing: 0.14em;text-transform: uppercase;font-weight: bold;color: #ffffff;background: #192b5d;text-align: center\">Hasta<\/th>\n<th style=\"padding: 11px 18px;text-align: center;font-family: 'Lato',sans-serif;font-size: 10px;letter-spacing: 0.14em;text-transform: uppercase;font-weight: bold;color: #ffffff;background: #192b5d\">Tipo aplicable<\/th>\n<\/tr>\n<\/thead>\n<tbody>\n<tr>\n<td style=\"padding: 13px 18px;font-family: 'Lato',sans-serif;font-weight: bold;font-size: 14px;color: #192b5d;background: #f6f6f6;border-bottom: 1px solid #d6e8ec;border-right: 1px solid #d6e8ec\">Tramo 1<\/td>\n<td style=\"padding: 13px 18px;font-family: 'Lato',sans-serif;font-size: 14px;color: #333333;background: #f6f6f6;border-bottom: 1px solid #d6e8ec;border-right: 1px solid #d6e8ec\">0 \u20ac<\/td>\n<td style=\"padding: 13px 18px;font-family: 'Lato',sans-serif;font-size: 14px;color: #333333;background: #f6f6f6;border-bottom: 1px solid #d6e8ec;border-right: 1px solid #d6e8ec\">6.000 \u20ac<\/td>\n<td style=\"padding: 13px 18px;text-align: center;background: #f6f6f6;border-bottom: 1px solid #d6e8ec\"><strong style=\"font-family: 'Lato',sans-serif;font-size: 15px;font-weight: 900;color: #192b5d;background: #e8f6f8;padding: 4px 14px;border: 1.5px solid #54c9d6\">19%<\/strong><\/td>\n<\/tr>\n<tr>\n<td style=\"padding: 13px 18px;font-family: 'Lato',sans-serif;font-weight: bold;font-size: 14px;color: #192b5d;background: #ffffff;border-bottom: 1px solid #d6e8ec;border-right: 1px solid #d6e8ec\">Tramo 2<\/td>\n<td style=\"padding: 13px 18px;font-family: 'Lato',sans-serif;font-size: 14px;color: #333333;background: #ffffff;border-bottom: 1px solid #d6e8ec;border-right: 1px solid #d6e8ec\">6.000 \u20ac<\/td>\n<td style=\"padding: 13px 18px;font-family: 'Lato',sans-serif;font-size: 14px;color: #333333;background: #ffffff;border-bottom: 1px solid #d6e8ec;border-right: 1px solid #d6e8ec\">50.000 \u20ac<\/td>\n<td style=\"padding: 13px 18px;text-align: center;background: #ffffff;border-bottom: 1px solid #d6e8ec\"><strong style=\"font-family: 'Lato',sans-serif;font-size: 15px;font-weight: 900;color: #192b5d;background: #e8f6f8;padding: 4px 14px;border: 1.5px solid #54c9d6\">21%<\/strong><\/td>\n<\/tr>\n<tr>\n<td style=\"padding: 13px 18px;font-family: 'Lato',sans-serif;font-weight: bold;font-size: 14px;color: #192b5d;background: #f6f6f6;border-bottom: 1px solid #d6e8ec;border-right: 1px solid #d6e8ec\">Tramo 3<\/td>\n<td style=\"padding: 13px 18px;font-family: 'Lato',sans-serif;font-size: 14px;color: #333333;background: #f6f6f6;border-bottom: 1px solid #d6e8ec;border-right: 1px solid #d6e8ec\">50.000 \u20ac<\/td>\n<td style=\"padding: 13px 18px;font-family: 'Lato',sans-serif;font-size: 14px;color: #333333;background: #f6f6f6;border-bottom: 1px solid #d6e8ec;border-right: 1px solid #d6e8ec\">200.000 \u20ac<\/td>\n<td style=\"padding: 13px 18px;text-align: center;background: #f6f6f6;border-bottom: 1px solid #d6e8ec\"><strong style=\"font-family: 'Lato',sans-serif;font-size: 15px;font-weight: 900;color: #192b5d;background: #e8f6f8;padding: 4px 14px;border: 1.5px solid #54c9d6\">23%<\/strong><\/td>\n<\/tr>\n<tr>\n<td style=\"padding: 13px 18px;font-family: 'Lato',sans-serif;font-weight: bold;font-size: 14px;color: #192b5d;background: #ffffff;border-bottom: 1px solid #d6e8ec;border-right: 1px solid #d6e8ec\">Tramo 4<\/td>\n<td style=\"padding: 13px 18px;font-family: 'Lato',sans-serif;font-size: 14px;color: #333333;background: #ffffff;border-bottom: 1px solid #d6e8ec;border-right: 1px solid #d6e8ec\">200.000 \u20ac<\/td>\n<td style=\"padding: 13px 18px;font-family: 'Lato',sans-serif;font-size: 14px;color: #333333;background: #ffffff;border-bottom: 1px solid #d6e8ec;border-right: 1px solid #d6e8ec\">300.000 \u20ac<\/td>\n<td style=\"padding: 13px 18px;text-align: center;background: #ffffff;border-bottom: 1px solid #d6e8ec\"><strong style=\"font-family: 'Lato',sans-serif;font-size: 15px;font-weight: 900;color: #192b5d;background: #fff5d6;padding: 4px 14px;border: 1.5px solid #fabb00\">27%<\/strong><\/td>\n<\/tr>\n<tr>\n<td style=\"padding: 14px 18px;font-family: 'Lato',sans-serif;font-weight: bold;font-size: 14px;color: #ffffff;background: #192b5d\">Tramo 5<\/td>\n<td style=\"padding: 14px 18px;font-family: 'Lato',sans-serif;font-size: 14px;color: #ffffff;background: #192b5d\">300.000 \u20ac<\/td>\n<td style=\"padding: 14px 18px;font-family: 'Lato',sans-serif;font-size: 14px;color: #ffffff;background: #192b5d\">En adelante<\/td>\n<td style=\"padding: 14px 18px;text-align: center;background: #192b5d\"><strong style=\"font-family: 'Lato',sans-serif;font-size: 15px;font-weight: 900;color: #192b5d;background: #fabb00;padding: 4px 14px\">30% \u2191<\/strong><\/td>\n<\/tr>\n<\/tbody>\n<\/table>\n<h3><span class=\"ez-toc-section\" id=\"Parados_y_ayudas_por_catastrofes\"><\/span>Parados y ayudas por cat\u00e1strofes<span class=\"ez-toc-section-end\"><\/span><\/h3>\n<p>La prestaci\u00f3n por desempleo sigue teniendo la consideraci\u00f3n de rendimiento del trabajo y tributa en el IRPF como cualquier otro ingreso laboral. No existe una exenci\u00f3n general por cobrar el paro. La obligaci\u00f3n de presentar declaraci\u00f3n depender\u00e1 de los l\u00edmites generales establecidos para cualquier contribuyente y del n\u00famero de pagadores. En cambio, determinadas ayudas p\u00fablicas percibidas por da\u00f1os personales o materiales derivados de cat\u00e1strofes naturales pueden estar exentas, seg\u00fan su naturaleza y encaje legal.<\/p>\n<div style=\"border-left: 4px solid #fabb00;padding: 20px 24px;margin: 24px 0;font-size: 0.97rem;color: #333333;line-height: 1.7\">En la pr\u00e1ctica, muchos contribuyenes que han trabajado parte del a\u00f1o y despu\u00e9s han cobrado el paro pueden tener\u00a0<strong style=\"color: #192b5d\">dos o m\u00e1s pagadores<\/strong> (por ejemplo, una empresa y el SEPE). Cuando esto ocurre, el l\u00edmite para estar obligado a declarar se reduce, por lo que te aconsejamos que revises el borrador antes de confirmar la declaraci\u00f3n.<\/div>\n<h3><span class=\"ez-toc-section\" id=\"Deducciones_por_eficiencia_energetica_prorrogada_en_2025\"><\/span>Deducciones por eficiencia energ\u00e9tica: prorrogada en 2025<span class=\"ez-toc-section-end\"><\/span><\/h3>\n<p>Durante todo el ejercicio 2025 se mantienen los incentivos fiscales vinculados a la <strong>rehabilitaci\u00f3n energ\u00e9tica de viviendas<\/strong>. Si has realizado alguna de estas inversiones, recuerda conservar las facturas y los certificados energ\u00e9ticos ya que son necesarios para justificar la deducci\u00f3n:<\/p>\n<ul>\n<li><strong>Obras de mejora de la eficiencia energ\u00e9tica en vivienda<\/strong>: deducci\u00f3n de hasta el 20%, 40% o 60% del coste seg\u00fan el tipo de obra y la mejora del certificado energ\u00e9tico obtenida.<\/li>\n<li><strong>Adquisici\u00f3n de veh\u00edculo el\u00e9ctrico<\/strong>: deducci\u00f3n del 15% del precio de compra o de la cuota del leasing, sobre una base m\u00e1xima de 20.000 \u20ac.<\/li>\n<li><strong>Instalaci\u00f3n de punto de recarga para veh\u00edculo el\u00e9ctrico<\/strong>: deducci\u00f3n del 15% de las cantidades satisfechas, con una base m\u00e1xima de 4.000 \u20ac.<\/li>\n<\/ul>\n<h3><span class=\"ez-toc-section\" id=\"Pensionistas\"><\/span>Pensionistas<span class=\"ez-toc-section-end\"><\/span><\/h3>\n<p><strong>Hacienda ha confirmado que muchos pensionistas no estar\u00e1n obligados a presentar la declaraci\u00f3n del IRPF en la campa\u00f1a de la renta 2025\/2026<\/strong>, siempre que:<\/p>\n<ul>\n<li>Sus ingresos procedan exclusivamente de la pensi\u00f3n.<\/li>\n<li>No superen los l\u00edmites establecidos para la obligaci\u00f3n de declarar.<\/li>\n<\/ul>\n<p>Esto supone un alivio fiscal y administrativo importante, especialmente para quienes no tienen ingresos adicionales.<\/p>\n<p>No obstante, hay matices importantes:<\/p>\n<ul>\n<li>Si el pensionista tiene <strong>m\u00e1s de un pagador<\/strong> o ingresos adicionales (alquileres, inversiones, etc.), podr\u00eda seguir obligado a declarar.<\/li>\n<li>Aunque no exista obligaci\u00f3n, en algunos casos puede ser <strong>beneficioso presentar la declaraci\u00f3n<\/strong> si sale a devolver.<\/li>\n<\/ul>\n<h2><span class=\"ez-toc-section\" id=\"%C2%BFQuien_esta_obligado_a_presentar_la_declaracion_de_la_renta_20252026\"><\/span>\u00bfQui\u00e9n est\u00e1 obligado a presentar la declaraci\u00f3n de la renta 2025\/2026?<span class=\"ez-toc-section-end\"><\/span><\/h2>\n<p>No todos los contribuyentes deben presentar la declaraci\u00f3n de la renta. En general, estar\u00e1n obligadas aquellas personas que:<\/p>\n<div style=\"grid-template-columns: repeat(auto-fit,minmax(240px,1fr));gap: 12px;margin: 20px 0\">\n<div style=\"padding: 20px 18px;border: 2px solid #192b5d;background: #f6f6f6\">\n<div style=\"font-family: monospace;font-size: 10px;letter-spacing: 0.15em;text-transform: uppercase;color: #54c9d6;margin-bottom: 8px\">Tengan un solo pagador<\/div>\n<div style=\"font-size: 1.5rem;font-weight: 900;color: #192b5d;margin-bottom: 6px;font-family: Georgia,serif\">22.000 \u20ac<\/div>\n<div style=\"font-size: 13px;line-height: 1.6;color: #333333\">Obligatorio declarar si los rendimientos del trabajo superan este umbral bruto anual con un \u00fanico pagador.<\/div>\n<\/div>\n<div style=\"padding: 20px 18px;border: 2px solid #192b5d;background: #f6f6f6\">\n<div style=\"font-family: monospace;font-size: 10px;letter-spacing: 0.15em;text-transform: uppercase;color: #54c9d6;margin-bottom: 8px\">tengan Dos o m\u00e1s pagadores<\/div>\n<div style=\"font-size: 1.5rem;font-weight: 900;color: #192b5d;margin-bottom: 6px;font-family: Georgia,serif\">15.876 \u20ac<\/div>\n<div style=\"font-size: 13px;line-height: 1.6;color: #333333\">El l\u00edmite baja si los ingresos del segundo y resto de pagadores superan en conjunto <strong style=\"color: #192b5d\">1.500 \u20ac<\/strong>.<\/div>\n<\/div>\n<div style=\"padding: 20px 18px;border: 2px solid #192b5d;background: #f6f6f6\">\n<div style=\"font-family: monospace;font-size: 10px;letter-spacing: 0.15em;text-transform: uppercase;color: #54c9d6;margin-bottom: 8px\">no superen el SMI 2025<\/div>\n<div style=\"font-size: 1.5rem;font-weight: 900;color: #192b5d;margin-bottom: 6px;font-family: Georgia,serif\">16.576 \u20ac<\/div>\n<div style=\"font-size: 13px;line-height: 1.6;color: #333333\">Exentos de presentar declaraci\u00f3n los trabajadores cuyo salario sea igual o inferior al SMI 2025.<\/div>\n<\/div>\n<div style=\"padding: 20px 18px;border: 2px solid #54c9d6\">\n<div style=\"font-family: monospace;font-size: 10px;letter-spacing: 0.15em;text-transform: uppercase;color: #54c9d6;margin-bottom: 8px\">tengan Otros ingresos<\/div>\n<div style=\"font-size: 1.5rem;font-weight: 900;color: #192b5d;margin-bottom: 6px;font-family: Georgia,serif\">1.000 \u20ac<\/div>\n<div style=\"font-size: 13px;line-height: 1.6;color: #333333\">Rendimientos del capital mobiliario, ganancias patrimoniales o rendimientos del capital inmobiliario: obligatorio si superan 1.000 \u20ac brutos.<\/div>\n<\/div>\n<\/div>\n<h2><span class=\"ez-toc-section\" id=\"%C2%BFComo_afecta_la_declaracion_de_la_retan_a_los_autonomos_y_PYMES\"><\/span>\u00bfC\u00f3mo afecta la declaraci\u00f3n de la retan a los aut\u00f3nomos y PYMES?<span class=\"ez-toc-section-end\"><\/span><\/h2>\n<p>En el caso de los <strong>aut\u00f3nomos y de algunas PYMES<\/strong> <strong>que <a href=\"https:\/\/www.inesem.es\/revistadigital\/juridico\/que-es-el-irpf\" target=\"_blank\" rel=\"noopener\">tributan en IRPF<\/a><\/strong>, la declaraci\u00f3n de la renta funciona como una <strong>regularizaci\u00f3n anual de los impuestos adelantados durante el ejercicio<\/strong>.<\/p>\n<p>A lo largo del a\u00f1o, los aut\u00f3nomos realizan pagos fraccionados del IRPF mediante los <strong>modelos trimestrales (modelo 130 o 131)<\/strong>. En la declaraci\u00f3n de la renta se revisa si lo que se ha pagado durante esos trimestres coincide con lo que realmente corresponde tributar seg\u00fan los ingresos y gastos del negocio.<\/p>\n<p>Por este motivo, la declaraci\u00f3n debe reflejar correctamente:<\/p>\n<ul>\n<li>los ingresos reales de la actividad econ\u00f3mica.<\/li>\n<li>los gastos deducibles vinculados al negocio.<\/li>\n<li>las inversiones realizadas durante el a\u00f1o.<\/li>\n<li>los pagos fraccionados ya adelantados a Hacienda.<\/li>\n<\/ul>\n<p>Si los pagos trimestrales han sido superiores a lo que corresponde pagar, el resultado de la declaraci\u00f3n ser\u00e1 <strong>a devolver<\/strong>. En cambio, si lo adelantado ha sido insuficiente, el aut\u00f3nomo deber\u00e1 <strong>abonar la diferencia en la declaraci\u00f3n anual<\/strong>.<\/p>\n<p>En el caso de las <strong>PYMES constituidas como sociedad (por ejemplo, una SL o una SA),<\/strong> la empresa tributa de forma independiente a trav\u00e9s del <strong>Impuesto sobre Sociedades<\/strong>. Sin embargo, sus socios y administradores s\u00ed deben incluir en su declaraci\u00f3n de la renta los ingresos que perciban de la empresa, como:<\/p>\n<ul>\n<li>salarios o retribuciones como administradores.<\/li>\n<li>dividendos.<\/li>\n<li>dietas o compensaciones.<\/li>\n<li>pr\u00e9stamos o beneficios que Hacienda pueda considerar una retribuci\u00f3n encubierta.<\/li>\n<\/ul>\n<p>Por ello, incluso cuando la empresa tributa por el Impuesto sobre Sociedades, los ingresos personales derivados de la actividad empresarial tambi\u00e9n deben declararse en el IRPF.<\/p>\n<h2><span class=\"ez-toc-section\" id=\"Simulador_renta_20252026\"><\/span>Simulador renta 2025\/2026<span class=\"ez-toc-section-end\"><\/span><\/h2>\n<p>\u00bfQuieres hacerte una idea de cu\u00e1nto te saldr\u00e1 a pagar o a devolver este a\u00f1o? Ya puedes comprobarlo con el<a href=\"https:\/\/www2.agenciatributaria.gob.es\/wlpl\/PARE-RW25\/OPEN\/index.zul?TACCESO=COLAB&amp;EJER=2025\"> <strong>simulador de la renta web open<\/strong><\/a>. Una herramienta sencilla\u00a0 habilitada por la Agencia Tributaria en su web y que ya puedes usar para adelantarte al resultado, revisar tus ingresos, aplicar posibles deducciones y detectar errores antes de confirmar el borrador.<\/p>\n<div style=\"margin: 40px 0\">\n<div style=\"background: #192b5d;border-left: 6px solid #fabb00;padding: 28px 24px;position: relative\">\n<div style=\"position: absolute;top: 0;left: 0;right: 0;height: 3px;background: #54c9d6\"><\/div>\n<p style=\"font-family: 'Lato',sans-serif;font-size: 10px;font-weight: bold;letter-spacing: 0.2em;text-transform: uppercase;color: #54c9d6;margin: 0 0 10px 0;padding: 0\">Agencia Tributaria \u00b7 SIMULADOR RENTA 2025\/2026<\/p>\n<p style=\"font-family: 'Montserrat',sans-serif;font-size: 1.1rem;font-weight: 600;color: #ffffff;line-height: 1.35;margin: 0 0 8px 0;padding: 0\">\u00bfCu\u00e1nto pagar\u00e1s este a\u00f1o? compruebalo con el simulador de la renta<\/p>\n<p>&nbsp;<\/p>\n<p><a style=\"background: #fabb00;color: #192b5d;font-family: 'Lato',sans-serif;font-size: 14px;font-weight: bold;padding: 13px 28px;text-decoration: none;letter-spacing: 0.04em;line-height: 1\" href=\"https:\/\/www2.agenciatributaria.gob.es\/wlpl\/PARE-RW24\/OPEN\/index.zul?TACCESO=COLAB&amp;EJER=2024\" target=\"_blank\" rel=\"noopener noreferrer\">Simulador renta 2025 \u2192<br \/>\n<\/a><\/p>\n<\/div>\n<p>&nbsp;<\/p>\n<h2><span class=\"ez-toc-section\" id=\"Consejos_para_no_pagar_mas_de_lo_que_debes\"><\/span>Consejos para no pagar m\u00e1s de lo que debes<span class=\"ez-toc-section-end\"><\/span><\/h2>\n<div style=\"border: 1px solid #d6e8ec;border-left: 3px solid #54c9d6;overflow: hidden\">\n<div style=\"align-items: center;gap: 14px;padding: 15px 18px;background: #f6f6f6;cursor: pointer\"><span style=\"font-family: 'Lato',sans-serif;font-size: 11px;font-weight: bold;color: #54c9d6;flex-shrink: 0;min-width: 22px\">01.\u00a0 <\/span><strong style=\"font-family: 'Lato',sans-serif;color: #192b5d;font-size: 14px;line-height: 1.4;flex: 1;font-weight: bold\">Revisa el borrador antes de confirmarlo <\/strong><\/div>\n<div style=\"padding: 14px 18px 16px 55px;font-family: 'Lato',sans-serif;font-size: 14px;line-height: 1.7;color: #333333;border-top: 1px solid #d6e8ec;background: #ffffff\">Hacienda puede no haber incluido deducciones como las de eficiencia energ\u00e9tica, cuotas sindicales o donativos. Revisa cada apartado antes de confirmar: un error por omisi\u00f3n puede costarte varios cientos de euros.<\/div>\n<\/div>\n<div style=\"border: 1px solid #d6e8ec;border-left: 3px solid #54c9d6;overflow: hidden\">\n<div style=\"align-items: center;gap: 14px;padding: 15px 18px;background: #f6f6f6;cursor: pointer\"><span style=\"font-family: 'Lato',sans-serif;font-size: 11px;font-weight: bold;color: #54c9d6;flex-shrink: 0;min-width: 22px\">02. <\/span><strong style=\"font-family: 'Lato',sans-serif;color: #192b5d;font-size: 14px;line-height: 1.4;flex: 1;font-weight: bold\">Compara declaraci\u00f3n individual y conjunta <\/strong><\/div>\n<div style=\"padding: 14px 18px 16px 55px;font-family: 'Lato',sans-serif;font-size: 14px;line-height: 1.7;color: #333333;border-top: 1px solid #d6e8ec;background: #ffffff\">Si tienes pareja o hijos, puede ser m\u00e1s beneficioso declarar de forma conjunta. El simulador de la AEAT te permite hacer la comparaci\u00f3n antes de elegir. La diferencia puede ser significativa si uno de los c\u00f3nyuges tiene ingresos bajos o nulos.<\/div>\n<\/div>\n<div style=\"border: 1px solid #d6e8ec;border-left: 3px solid #54c9d6;overflow: hidden\">\n<div style=\"align-items: center;gap: 14px;padding: 15px 18px;background: #f6f6f6;cursor: pointer\"><span style=\"font-family: 'Lato',sans-serif;font-size: 11px;font-weight: bold;color: #54c9d6;flex-shrink: 0;min-width: 22px\">03. <\/span><strong style=\"font-family: 'Lato',sans-serif;color: #192b5d;font-size: 14px;line-height: 1.4;flex: 1;font-weight: bold\">No olvides la deducci\u00f3n por rentas bajas <\/strong><\/div>\n<div style=\"padding: 14px 18px 16px 55px;font-family: 'Lato',sans-serif;font-size: 14px;line-height: 1.7;color: #333333;border-top: 1px solid #d6e8ec;background: #ffffff\">Si cobras menos de <strong style=\"color: #192b5d;font-weight: bold\">18.276 \u20ac brutos<\/strong> y cumples los requisitos, aplica la nueva deducci\u00f3n de la Ley 5\/2025: hasta 340 \u20ac para trabajadores con ingresos iguales o inferiores al SMI (16.576 \u20ac), con reducci\u00f3n progresiva hasta los 18.276 \u20ac.<\/div>\n<\/div>\n<div style=\"border: 1px solid #d6e8ec;border-left: 3px solid #54c9d6;overflow: hidden\">\n<div style=\"align-items: center;gap: 14px;padding: 15px 18px;background: #f6f6f6;cursor: pointer\"><span style=\"font-family: 'Lato',sans-serif;font-size: 11px;font-weight: bold;color: #54c9d6;flex-shrink: 0;min-width: 22px\">04. <\/span><strong style=\"font-family: 'Lato',sans-serif;color: #192b5d;font-size: 14px;line-height: 1.4;flex: 1;font-weight: bold\">Presenta pronto si te sale a devolver <\/strong><\/div>\n<div style=\"padding: 14px 18px 16px 55px;font-family: 'Lato',sans-serif;font-size: 14px;line-height: 1.7;color: #333333;border-top: 1px solid #d6e8ec;background: #ffffff\">Cuanto antes presentes, antes recibir\u00e1s la devoluci\u00f3n. La AEAT empieza a procesar devoluciones desde el inicio de la campa\u00f1a el <strong style=\"color: #192b5d;font-weight: bold\">8 de abril de 2026<\/strong>. No hay ninguna ventaja en esperar si el resultado es a tu favor.<\/div>\n<\/div>\n<div style=\"border: 1px solid #d6e8ec;border-left: 3px solid #54c9d6;overflow: hidden\">\n<div style=\"align-items: center;gap: 14px;padding: 15px 18px;background: #f6f6f6;cursor: pointer\"><span style=\"font-family: 'Lato',sans-serif;font-size: 11px;font-weight: bold;color: #54c9d6;flex-shrink: 0;min-width: 22px\">05. <\/span><strong style=\"font-family: 'Lato',sans-serif;color: #192b5d;font-size: 14px;line-height: 1.4;flex: 1;font-weight: bold\">Si te sale a pagar, puedes fraccionar <\/strong><\/div>\n<div style=\"padding: 14px 18px 16px 55px;font-family: 'Lato',sans-serif;font-size: 14px;line-height: 1.7;color: #333333;border-top: 1px solid #d6e8ec;background: #ffffff\">Hacienda permite pagar en dos plazos: el <strong style=\"color: #192b5d;font-weight: bold\">60% en junio<\/strong> y el <strong style=\"color: #192b5d;font-weight: bold\">40% restante en noviembre<\/strong>, sin recargo ni intereses si marcas la opci\u00f3n de fraccionamiento al presentar. El \u00faltimo d\u00eda para domiciliar el primer plazo es el <strong style=\"color: #192b5d;font-weight: bold\">25 de junio<\/strong>.<\/div>\n<\/div>\n<\/div>\n<h2><span class=\"ez-toc-section\" id=\"Especializate_en_fiscalidad_y_asesoria_tributaria_con_INESEM_Business_School\"><\/span><strong>Especial\u00edzate en fiscalidad y asesor\u00eda tributaria con INESEM Business School<\/strong><span class=\"ez-toc-section-end\"><\/span><\/h2>\n<p>La declaraci\u00f3n de la renta es solo una parte del sistema tributario. Empresas y particulares necesitan cada vez m\u00e1s profesionales capaces de interpretar la normativa fiscal y aplicar correctamente las deducciones disponibles.<\/p>\n<p>En <strong>INESEM Business School<\/strong>, los programas formativos en fiscalidad y contabilidad est\u00e1n dise\u00f1ados para profesionales que desean especializarse en la gesti\u00f3n tributaria y aplicarla en el entorno empresarial. La metodolog\u00eda online permite estudiar con flexibilidad y adaptar el aprendizaje a las necesidades del mercado laboral actual.<\/p>\n<p>Si quieres desarrollar tu perfil en asesor\u00eda fiscal y comprender en profundidad el funcionamiento del sistema tributario te invitamos a que conozcas nuestro<a href=\"https:\/\/www.inesem.es\/Curso-Irpf-Procedimiento-Tributario\">\u00a0<strong>Curso experto en IRPF y Procedimiento Tributario.<\/strong><\/a><\/p>\n","protected":false},"excerpt":{"rendered":"<p>Descubre las novedades de la declaraci\u00f3n de la renta 2025 y qu\u00e9 debes revisar antes de confirmar el borrador.<\/p>\n","protected":false},"author":92027,"featured_media":4765,"comment_status":"open","ping_status":"open","sticky":false,"template":"","format":"standard","meta":{"footnotes":""},"categories":[782],"class_list":["post-4763","post","type-post","status-publish","format-standard","has-post-thumbnail","hentry","category-fiscal"],"yoast_head":"<!-- This site is optimized with the Yoast SEO plugin v23.5 - https:\/\/yoast.com\/wordpress\/plugins\/seo\/ -->\n<title>Declaraci\u00f3n de la renta 2025: novedades clave<\/title>\n<meta name=\"description\" content=\"Descubre las novedades de la declaraci\u00f3n de la renta 2025 y qu\u00e9 debes revisar antes de confirmar el borrador.\" \/>\n<meta name=\"robots\" content=\"index, follow, max-snippet:-1, max-image-preview:large, max-video-preview:-1\" \/>\n<link rel=\"canonical\" href=\"https:\/\/www.inesem.es\/revistadigital\/juridico\/declaracion-de-la-renta-novedades\" \/>\n<meta property=\"og:locale\" content=\"es_ES\" \/>\n<meta property=\"og:type\" content=\"article\" \/>\n<meta property=\"og:title\" content=\"Declaraci\u00f3n de la renta 2025: novedades clave\" \/>\n<meta property=\"og:description\" content=\"Descubre las novedades de la declaraci\u00f3n de la renta 2025 y qu\u00e9 debes revisar antes de confirmar el borrador.\" \/>\n<meta property=\"og:url\" content=\"https:\/\/www.inesem.es\/revistadigital\/juridico\/declaracion-de-la-renta-novedades\" \/>\n<meta property=\"og:site_name\" content=\"Canal Jur\u00eddico\" \/>\n<meta property=\"article:publisher\" content=\"https:\/\/www.facebook.com\/InesemBusinessSchool\/\" \/>\n<meta property=\"article:published_time\" content=\"2026-03-25T11:46:54+00:00\" \/>\n<meta property=\"article:modified_time\" content=\"2026-04-16T10:37:03+00:00\" \/>\n<meta property=\"og:image\" content=\"https:\/\/www.inesem.es\/revistadigital\/juridico\/files\/2026\/03\/declaracion-renta-2025.jpg\" \/>\n\t<meta property=\"og:image:width\" content=\"1301\" \/>\n\t<meta property=\"og:image:height\" content=\"703\" \/>\n\t<meta property=\"og:image:type\" content=\"image\/jpeg\" \/>\n<meta name=\"author\" content=\"eloisa.gonzalez\" \/>\n<meta name=\"twitter:card\" content=\"summary_large_image\" \/>\n<meta name=\"twitter:creator\" content=\"@inesem\" \/>\n<meta name=\"twitter:site\" content=\"@inesem\" \/>\n<meta name=\"twitter:label1\" content=\"Escrito por\" \/>\n\t<meta name=\"twitter:data1\" content=\"eloisa.gonzalez\" \/>\n\t<meta name=\"twitter:label2\" content=\"Tiempo de lectura\" \/>\n\t<meta name=\"twitter:data2\" content=\"9 minutos\" \/>\n<script type=\"application\/ld+json\" class=\"yoast-schema-graph\">{\"@context\":\"https:\/\/schema.org\",\"@graph\":[{\"@type\":\"Article\",\"@id\":\"https:\/\/www.inesem.es\/revistadigital\/juridico\/declaracion-de-la-renta-novedades#article\",\"isPartOf\":{\"@id\":\"https:\/\/www.inesem.es\/revistadigital\/juridico\/declaracion-de-la-renta-novedades\"},\"author\":{\"name\":\"eloisa.gonzalez\",\"@id\":\"https:\/\/www.inesem.es\/revistadigital\/juridico\/#\/schema\/person\/c2c9a36b0cb7c5a31abdeec97c02a799\"},\"headline\":\"Declaraci\u00f3n de la renta 2025: novedades que debes revisar antes de presentar el borrador\",\"datePublished\":\"2026-03-25T11:46:54+00:00\",\"dateModified\":\"2026-04-16T10:37:03+00:00\",\"mainEntityOfPage\":{\"@id\":\"https:\/\/www.inesem.es\/revistadigital\/juridico\/declaracion-de-la-renta-novedades\"},\"wordCount\":1844,\"commentCount\":0,\"publisher\":{\"@id\":\"https:\/\/www.inesem.es\/revistadigital\/juridico\/#organization\"},\"image\":{\"@id\":\"https:\/\/www.inesem.es\/revistadigital\/juridico\/declaracion-de-la-renta-novedades#primaryimage\"},\"thumbnailUrl\":\"https:\/\/www.inesem.es\/revistadigital\/juridico\/files\/2026\/03\/declaracion-renta-2025.jpg\",\"articleSection\":[\"Fiscalidad\"],\"inLanguage\":\"es\",\"potentialAction\":[{\"@type\":\"CommentAction\",\"name\":\"Comment\",\"target\":[\"https:\/\/www.inesem.es\/revistadigital\/juridico\/declaracion-de-la-renta-novedades#respond\"]}]},{\"@type\":\"WebPage\",\"@id\":\"https:\/\/www.inesem.es\/revistadigital\/juridico\/declaracion-de-la-renta-novedades\",\"url\":\"https:\/\/www.inesem.es\/revistadigital\/juridico\/declaracion-de-la-renta-novedades\",\"name\":\"Declaraci\u00f3n de la renta 2025: novedades clave\",\"isPartOf\":{\"@id\":\"https:\/\/www.inesem.es\/revistadigital\/juridico\/#website\"},\"primaryImageOfPage\":{\"@id\":\"https:\/\/www.inesem.es\/revistadigital\/juridico\/declaracion-de-la-renta-novedades#primaryimage\"},\"image\":{\"@id\":\"https:\/\/www.inesem.es\/revistadigital\/juridico\/declaracion-de-la-renta-novedades#primaryimage\"},\"thumbnailUrl\":\"https:\/\/www.inesem.es\/revistadigital\/juridico\/files\/2026\/03\/declaracion-renta-2025.jpg\",\"datePublished\":\"2026-03-25T11:46:54+00:00\",\"dateModified\":\"2026-04-16T10:37:03+00:00\",\"description\":\"Descubre las novedades de la declaraci\u00f3n de la renta 2025 y qu\u00e9 debes revisar antes de confirmar el borrador.\",\"breadcrumb\":{\"@id\":\"https:\/\/www.inesem.es\/revistadigital\/juridico\/declaracion-de-la-renta-novedades#breadcrumb\"},\"inLanguage\":\"es\",\"potentialAction\":[{\"@type\":\"ReadAction\",\"target\":[\"https:\/\/www.inesem.es\/revistadigital\/juridico\/declaracion-de-la-renta-novedades\"]}]},{\"@type\":\"ImageObject\",\"inLanguage\":\"es\",\"@id\":\"https:\/\/www.inesem.es\/revistadigital\/juridico\/declaracion-de-la-renta-novedades#primaryimage\",\"url\":\"https:\/\/www.inesem.es\/revistadigital\/juridico\/files\/2026\/03\/declaracion-renta-2025.jpg\",\"contentUrl\":\"https:\/\/www.inesem.es\/revistadigital\/juridico\/files\/2026\/03\/declaracion-renta-2025.jpg\",\"width\":1301,\"height\":703,\"caption\":\"Declaraci\u00f3n de la renta 2025\"},{\"@type\":\"BreadcrumbList\",\"@id\":\"https:\/\/www.inesem.es\/revistadigital\/juridico\/declaracion-de-la-renta-novedades#breadcrumb\",\"itemListElement\":[{\"@type\":\"ListItem\",\"position\":1,\"name\":\"Home\",\"item\":\"https:\/\/www.inesem.es\/revistadigital\/juridico\/\"},{\"@type\":\"ListItem\",\"position\":2,\"name\":\"Fiscalidad\",\"item\":\"https:\/\/www.inesem.es\/revistadigital\/juridico\/categorias\/fiscal\"},{\"@type\":\"ListItem\",\"position\":3,\"name\":\"Declaraci\u00f3n de la renta 2025: novedades que debes revisar antes de presentar el borrador\"}]},{\"@type\":\"WebSite\",\"@id\":\"https:\/\/www.inesem.es\/revistadigital\/juridico\/#website\",\"url\":\"https:\/\/www.inesem.es\/revistadigital\/juridico\/\",\"name\":\"Canal Jur\u00eddico\",\"description\":\"Canal de Noticias gestionado por el Departamento Docente Jur\u00eddico de INESEM\",\"publisher\":{\"@id\":\"https:\/\/www.inesem.es\/revistadigital\/juridico\/#organization\"},\"potentialAction\":[{\"@type\":\"SearchAction\",\"target\":{\"@type\":\"EntryPoint\",\"urlTemplate\":\"https:\/\/www.inesem.es\/revistadigital\/juridico\/?s={search_term_string}\"},\"query-input\":{\"@type\":\"PropertyValueSpecification\",\"valueRequired\":true,\"valueName\":\"search_term_string\"}}],\"inLanguage\":\"es\"},{\"@type\":\"Organization\",\"@id\":\"https:\/\/www.inesem.es\/revistadigital\/juridico\/#organization\",\"name\":\"Canal Jur\u00eddico\",\"url\":\"https:\/\/www.inesem.es\/revistadigital\/juridico\/\",\"logo\":{\"@type\":\"ImageObject\",\"inLanguage\":\"es\",\"@id\":\"https:\/\/www.inesem.es\/revistadigital\/juridico\/#\/schema\/logo\/image\/\",\"url\":\"\",\"contentUrl\":\"\",\"caption\":\"Canal Jur\u00eddico\"},\"image\":{\"@id\":\"https:\/\/www.inesem.es\/revistadigital\/juridico\/#\/schema\/logo\/image\/\"},\"sameAs\":[\"https:\/\/www.facebook.com\/InesemBusinessSchool\/\",\"https:\/\/x.com\/inesem\",\"http:\/\/www.linkedin.com\/company\/2370697\",\"https:\/\/www.youtube.com\/user\/inesembusinesschool\/\"]},{\"@type\":\"Person\",\"@id\":\"https:\/\/www.inesem.es\/revistadigital\/juridico\/#\/schema\/person\/c2c9a36b0cb7c5a31abdeec97c02a799\",\"name\":\"eloisa.gonzalez\",\"image\":{\"@type\":\"ImageObject\",\"inLanguage\":\"es\",\"@id\":\"https:\/\/www.inesem.es\/revistadigital\/juridico\/#\/schema\/person\/image\/\",\"url\":\"https:\/\/secure.gravatar.com\/avatar\/f4efa1ed05855ba7f099a524e1833d11?s=96&d=mm&r=g\",\"contentUrl\":\"https:\/\/secure.gravatar.com\/avatar\/f4efa1ed05855ba7f099a524e1833d11?s=96&d=mm&r=g\",\"caption\":\"eloisa.gonzalez\"},\"url\":\"https:\/\/www.inesem.es\/revistadigital\/juridico\/autores\/eloisa-gonzalez\"}]}<\/script>\n<!-- \/ Yoast SEO plugin. -->","yoast_head_json":{"title":"Declaraci\u00f3n de la renta 2025: novedades clave","description":"Descubre las novedades de la declaraci\u00f3n de la renta 2025 y qu\u00e9 debes revisar antes de confirmar el borrador.","robots":{"index":"index","follow":"follow","max-snippet":"max-snippet:-1","max-image-preview":"max-image-preview:large","max-video-preview":"max-video-preview:-1"},"canonical":"https:\/\/www.inesem.es\/revistadigital\/juridico\/declaracion-de-la-renta-novedades","og_locale":"es_ES","og_type":"article","og_title":"Declaraci\u00f3n de la renta 2025: novedades clave","og_description":"Descubre las novedades de la declaraci\u00f3n de la renta 2025 y qu\u00e9 debes revisar antes de confirmar el borrador.","og_url":"https:\/\/www.inesem.es\/revistadigital\/juridico\/declaracion-de-la-renta-novedades","og_site_name":"Canal Jur\u00eddico","article_publisher":"https:\/\/www.facebook.com\/InesemBusinessSchool\/","article_published_time":"2026-03-25T11:46:54+00:00","article_modified_time":"2026-04-16T10:37:03+00:00","og_image":[{"width":1301,"height":703,"url":"https:\/\/www.inesem.es\/revistadigital\/juridico\/files\/2026\/03\/declaracion-renta-2025.jpg","type":"image\/jpeg"}],"author":"eloisa.gonzalez","twitter_card":"summary_large_image","twitter_creator":"@inesem","twitter_site":"@inesem","twitter_misc":{"Escrito por":"eloisa.gonzalez","Tiempo de lectura":"9 minutos"},"schema":{"@context":"https:\/\/schema.org","@graph":[{"@type":"Article","@id":"https:\/\/www.inesem.es\/revistadigital\/juridico\/declaracion-de-la-renta-novedades#article","isPartOf":{"@id":"https:\/\/www.inesem.es\/revistadigital\/juridico\/declaracion-de-la-renta-novedades"},"author":{"name":"eloisa.gonzalez","@id":"https:\/\/www.inesem.es\/revistadigital\/juridico\/#\/schema\/person\/c2c9a36b0cb7c5a31abdeec97c02a799"},"headline":"Declaraci\u00f3n de la renta 2025: novedades que debes revisar antes de presentar el borrador","datePublished":"2026-03-25T11:46:54+00:00","dateModified":"2026-04-16T10:37:03+00:00","mainEntityOfPage":{"@id":"https:\/\/www.inesem.es\/revistadigital\/juridico\/declaracion-de-la-renta-novedades"},"wordCount":1844,"commentCount":0,"publisher":{"@id":"https:\/\/www.inesem.es\/revistadigital\/juridico\/#organization"},"image":{"@id":"https:\/\/www.inesem.es\/revistadigital\/juridico\/declaracion-de-la-renta-novedades#primaryimage"},"thumbnailUrl":"https:\/\/www.inesem.es\/revistadigital\/juridico\/files\/2026\/03\/declaracion-renta-2025.jpg","articleSection":["Fiscalidad"],"inLanguage":"es","potentialAction":[{"@type":"CommentAction","name":"Comment","target":["https:\/\/www.inesem.es\/revistadigital\/juridico\/declaracion-de-la-renta-novedades#respond"]}]},{"@type":"WebPage","@id":"https:\/\/www.inesem.es\/revistadigital\/juridico\/declaracion-de-la-renta-novedades","url":"https:\/\/www.inesem.es\/revistadigital\/juridico\/declaracion-de-la-renta-novedades","name":"Declaraci\u00f3n de la renta 2025: novedades clave","isPartOf":{"@id":"https:\/\/www.inesem.es\/revistadigital\/juridico\/#website"},"primaryImageOfPage":{"@id":"https:\/\/www.inesem.es\/revistadigital\/juridico\/declaracion-de-la-renta-novedades#primaryimage"},"image":{"@id":"https:\/\/www.inesem.es\/revistadigital\/juridico\/declaracion-de-la-renta-novedades#primaryimage"},"thumbnailUrl":"https:\/\/www.inesem.es\/revistadigital\/juridico\/files\/2026\/03\/declaracion-renta-2025.jpg","datePublished":"2026-03-25T11:46:54+00:00","dateModified":"2026-04-16T10:37:03+00:00","description":"Descubre las novedades de la declaraci\u00f3n de la renta 2025 y qu\u00e9 debes revisar antes de confirmar el borrador.","breadcrumb":{"@id":"https:\/\/www.inesem.es\/revistadigital\/juridico\/declaracion-de-la-renta-novedades#breadcrumb"},"inLanguage":"es","potentialAction":[{"@type":"ReadAction","target":["https:\/\/www.inesem.es\/revistadigital\/juridico\/declaracion-de-la-renta-novedades"]}]},{"@type":"ImageObject","inLanguage":"es","@id":"https:\/\/www.inesem.es\/revistadigital\/juridico\/declaracion-de-la-renta-novedades#primaryimage","url":"https:\/\/www.inesem.es\/revistadigital\/juridico\/files\/2026\/03\/declaracion-renta-2025.jpg","contentUrl":"https:\/\/www.inesem.es\/revistadigital\/juridico\/files\/2026\/03\/declaracion-renta-2025.jpg","width":1301,"height":703,"caption":"Declaraci\u00f3n de la renta 2025"},{"@type":"BreadcrumbList","@id":"https:\/\/www.inesem.es\/revistadigital\/juridico\/declaracion-de-la-renta-novedades#breadcrumb","itemListElement":[{"@type":"ListItem","position":1,"name":"Home","item":"https:\/\/www.inesem.es\/revistadigital\/juridico\/"},{"@type":"ListItem","position":2,"name":"Fiscalidad","item":"https:\/\/www.inesem.es\/revistadigital\/juridico\/categorias\/fiscal"},{"@type":"ListItem","position":3,"name":"Declaraci\u00f3n de la renta 2025: novedades que debes revisar antes de presentar el borrador"}]},{"@type":"WebSite","@id":"https:\/\/www.inesem.es\/revistadigital\/juridico\/#website","url":"https:\/\/www.inesem.es\/revistadigital\/juridico\/","name":"Canal Jur\u00eddico","description":"Canal de Noticias gestionado por el Departamento Docente Jur\u00eddico de INESEM","publisher":{"@id":"https:\/\/www.inesem.es\/revistadigital\/juridico\/#organization"},"potentialAction":[{"@type":"SearchAction","target":{"@type":"EntryPoint","urlTemplate":"https:\/\/www.inesem.es\/revistadigital\/juridico\/?s={search_term_string}"},"query-input":{"@type":"PropertyValueSpecification","valueRequired":true,"valueName":"search_term_string"}}],"inLanguage":"es"},{"@type":"Organization","@id":"https:\/\/www.inesem.es\/revistadigital\/juridico\/#organization","name":"Canal Jur\u00eddico","url":"https:\/\/www.inesem.es\/revistadigital\/juridico\/","logo":{"@type":"ImageObject","inLanguage":"es","@id":"https:\/\/www.inesem.es\/revistadigital\/juridico\/#\/schema\/logo\/image\/","url":"","contentUrl":"","caption":"Canal Jur\u00eddico"},"image":{"@id":"https:\/\/www.inesem.es\/revistadigital\/juridico\/#\/schema\/logo\/image\/"},"sameAs":["https:\/\/www.facebook.com\/InesemBusinessSchool\/","https:\/\/x.com\/inesem","http:\/\/www.linkedin.com\/company\/2370697","https:\/\/www.youtube.com\/user\/inesembusinesschool\/"]},{"@type":"Person","@id":"https:\/\/www.inesem.es\/revistadigital\/juridico\/#\/schema\/person\/c2c9a36b0cb7c5a31abdeec97c02a799","name":"eloisa.gonzalez","image":{"@type":"ImageObject","inLanguage":"es","@id":"https:\/\/www.inesem.es\/revistadigital\/juridico\/#\/schema\/person\/image\/","url":"https:\/\/secure.gravatar.com\/avatar\/f4efa1ed05855ba7f099a524e1833d11?s=96&d=mm&r=g","contentUrl":"https:\/\/secure.gravatar.com\/avatar\/f4efa1ed05855ba7f099a524e1833d11?s=96&d=mm&r=g","caption":"eloisa.gonzalez"},"url":"https:\/\/www.inesem.es\/revistadigital\/juridico\/autores\/eloisa-gonzalez"}]}},"autor_name":{"name":"eloisa.gonzalez"},"featured_image":{"attachment_meta":{"width":1301,"height":703,"file":"2026\/03\/declaracion-renta-2025.jpg","filesize":328400,"sizes":{"medium":{"file":"declaracion-renta-2025-175x175.jpg","width":175,"height":175,"filesize":6749,"mime_type":"image\/jpeg","url":"https:\/\/www.inesem.es\/revistadigital\/juridico\/files\/2026\/03\/declaracion-renta-2025-175x175.jpg"},"large":{"file":"declaracion-renta-2025-1020x551.jpg","width":1020,"height":551,"filesize":56185,"mime_type":"image\/jpeg","url":"https:\/\/www.inesem.es\/revistadigital\/juridico\/files\/2026\/03\/declaracion-renta-2025-1020x551.jpg"},"thumbnail":{"file":"declaracion-renta-2025-345x180.jpg","width":345,"height":180,"filesize":12858,"mime_type":"image\/jpeg","url":"https:\/\/www.inesem.es\/revistadigital\/juridico\/files\/2026\/03\/declaracion-renta-2025-345x180.jpg"},"medium_large":{"file":"declaracion-renta-2025-768x415.jpg","width":768,"height":415,"filesize":38010,"mime_type":"image\/jpeg","url":"https:\/\/www.inesem.es\/revistadigital\/juridico\/files\/2026\/03\/declaracion-renta-2025-768x415.jpg"},"thumb-small":{"file":"declaracion-renta-2025-80x80.jpg","width":80,"height":80,"filesize":2384,"mime_type":"image\/jpeg","url":"https:\/\/www.inesem.es\/revistadigital\/juridico\/files\/2026\/03\/declaracion-renta-2025-80x80.jpg"},"thumb-standard":{"file":"declaracion-renta-2025-320x320.jpg","width":320,"height":320,"filesize":15476,"mime_type":"image\/jpeg","url":"https:\/\/www.inesem.es\/revistadigital\/juridico\/files\/2026\/03\/declaracion-renta-2025-320x320.jpg"},"thumb-medium":{"file":"declaracion-renta-2025-520x245.jpg","width":520,"height":245,"filesize":21583,"mime_type":"image\/jpeg","url":"https:\/\/www.inesem.es\/revistadigital\/juridico\/files\/2026\/03\/declaracion-renta-2025-520x245.jpg"},"thumb-large":{"file":"declaracion-renta-2025-720x340.jpg","width":720,"height":340,"filesize":33072,"mime_type":"image\/jpeg","url":"https:\/\/www.inesem.es\/revistadigital\/juridico\/files\/2026\/03\/declaracion-renta-2025-720x340.jpg"},"thumb-anteriores":{"file":"declaracion-renta-2025-230x163.jpg","width":230,"height":163,"filesize":8779,"mime_type":"image\/jpeg","url":"https:\/\/www.inesem.es\/revistadigital\/juridico\/files\/2026\/03\/declaracion-renta-2025-230x163.jpg"},"thumb-inverso":{"file":"declaracion-renta-2025-369x261.jpg","width":369,"height":261,"filesize":16847,"mime_type":"image\/jpeg","url":"https:\/\/www.inesem.es\/revistadigital\/juridico\/files\/2026\/03\/declaracion-renta-2025-369x261.jpg"},"thumb-cercano":{"file":"declaracion-renta-2025-650x200.jpg","width":650,"height":200,"filesize":20686,"mime_type":"image\/jpeg","url":"https:\/\/www.inesem.es\/revistadigital\/juridico\/files\/2026\/03\/declaracion-renta-2025-650x200.jpg"},"thumb-slider":{"file":"declaracion-renta-2025-574x430.jpg","width":574,"height":430,"filesize":30751,"mime_type":"image\/jpeg","url":"https:\/\/www.inesem.es\/revistadigital\/juridico\/files\/2026\/03\/declaracion-renta-2025-574x430.jpg"},"thumb-busqueda":{"file":"declaracion-renta-2025-580x375.jpg","width":580,"height":375,"filesize":29999,"mime_type":"image\/jpeg","url":"https:\/\/www.inesem.es\/revistadigital\/juridico\/files\/2026\/03\/declaracion-renta-2025-580x375.jpg"},"thumb-formacion-continua":{"file":"declaracion-renta-2025-440x336.jpg","width":440,"height":336,"filesize":21774,"mime_type":"image\/jpeg","url":"https:\/\/www.inesem.es\/revistadigital\/juridico\/files\/2026\/03\/declaracion-renta-2025-440x336.jpg"},"thumb-xlarge":{"file":"declaracion-renta-2025-980x450.jpg","width":980,"height":450,"filesize":49085,"mime_type":"image\/jpeg","url":"https:\/\/www.inesem.es\/revistadigital\/juridico\/files\/2026\/03\/declaracion-renta-2025-980x450.jpg"},"thumb-xxlarge":{"file":"declaracion-renta-2025-1301x500.jpg","width":1301,"height":500,"filesize":66704,"mime_type":"image\/jpeg","url":"https:\/\/www.inesem.es\/revistadigital\/juridico\/files\/2026\/03\/declaracion-renta-2025-1301x500.jpg"}},"image_meta":{"aperture":"0","credit":"","camera":"","caption":"","created_timestamp":"0","copyright":"","focal_length":"0","iso":"0","shutter_speed":"0","title":"","orientation":"1","keywords":[]}}},"_links":{"self":[{"href":"https:\/\/www.inesem.es\/revistadigital\/juridico\/wp-json\/wp\/v2\/posts\/4763"}],"collection":[{"href":"https:\/\/www.inesem.es\/revistadigital\/juridico\/wp-json\/wp\/v2\/posts"}],"about":[{"href":"https:\/\/www.inesem.es\/revistadigital\/juridico\/wp-json\/wp\/v2\/types\/post"}],"author":[{"embeddable":true,"href":"https:\/\/www.inesem.es\/revistadigital\/juridico\/wp-json\/wp\/v2\/users\/92027"}],"replies":[{"embeddable":true,"href":"https:\/\/www.inesem.es\/revistadigital\/juridico\/wp-json\/wp\/v2\/comments?post=4763"}],"version-history":[{"count":0,"href":"https:\/\/www.inesem.es\/revistadigital\/juridico\/wp-json\/wp\/v2\/posts\/4763\/revisions"}],"wp:featuredmedia":[{"embeddable":true,"href":"https:\/\/www.inesem.es\/revistadigital\/juridico\/wp-json\/wp\/v2\/media\/4765"}],"wp:attachment":[{"href":"https:\/\/www.inesem.es\/revistadigital\/juridico\/wp-json\/wp\/v2\/media?parent=4763"}],"wp:term":[{"taxonomy":"category","embeddable":true,"href":"https:\/\/www.inesem.es\/revistadigital\/juridico\/wp-json\/wp\/v2\/categories?post=4763"}],"curies":[{"name":"wp","href":"https:\/\/api.w.org\/{rel}","templated":true}]}}