{"id":2204,"date":"2021-07-04T14:28:00","date_gmt":"2021-07-04T12:28:00","guid":{"rendered":"https:\/\/www.inesem.es\/revistadigital\/orientacion-laboral\/?p=2204"},"modified":"2024-08-07T11:59:40","modified_gmt":"2024-08-07T09:59:40","slug":"mercado-laboral","status":"publish","type":"post","link":"https:\/\/www.inesem.es\/revistadigital\/orientacion-laboral\/mercado-laboral","title":{"rendered":"\u00bfQu\u00e9 es el mercado laboral y qu\u00e9 perfiles demanda?"},"content":{"rendered":"\n<p style=\"text-align: justify\">No s\u00e9 si has visto esta saga. B\u00e1sicamente, se desarrolla en una sociedad dividida en 12 distritos, en 12 niveles en los que va increment\u00e1ndose el nivel de pobreza. Sin embargo, cada a\u00f1o, dos j\u00f3venes de cada distrito acuden a Los Juegos del Hambre (d\u00f3nde solo puede vivir uno) para alcanzar la vida plena en el capitolio.\u00a0\u00a0<\/p>\n<p style=\"text-align: justify\">Muchas personas ven en el mercado laboral cierta similitud, y es que, para ocupar un puesto, <strong>los candidatos tienen que competir y solo puede quedar uno<\/strong>. Tiene esta connotaci\u00f3n negativa, como si de una jungla se tratase. Sin embargo, conociendo bien la demanda, podemos adecuar la oferta para conseguir lo que queremos.\u00a0<\/p>\n<div id=\"ez-toc-container\" class=\"ez-toc-v2_0_72 counter-hierarchy ez-toc-counter ez-toc-grey ez-toc-container-direction\">\n<div class=\"ez-toc-title-container\">\n<p class=\"ez-toc-title\" style=\"cursor:inherit\">Table of Contents<\/p>\n<span class=\"ez-toc-title-toggle\"><a href=\"#\" class=\"ez-toc-pull-right ez-toc-btn ez-toc-btn-xs ez-toc-btn-default ez-toc-toggle\" aria-label=\"Toggle Table of Content\"><span class=\"ez-toc-js-icon-con\"><span class=\"\"><span class=\"eztoc-hide\" style=\"display:none;\">Toggle<\/span><span class=\"ez-toc-icon-toggle-span\"><svg style=\"fill: #999;color:#999\" xmlns=\"http:\/\/www.w3.org\/2000\/svg\" class=\"list-377408\" width=\"20px\" height=\"20px\" viewBox=\"0 0 24 24\" fill=\"none\"><path d=\"M6 6H4v2h2V6zm14 0H8v2h12V6zM4 11h2v2H4v-2zm16 0H8v2h12v-2zM4 16h2v2H4v-2zm16 0H8v2h12v-2z\" fill=\"currentColor\"><\/path><\/svg><svg style=\"fill: #999;color:#999\" class=\"arrow-unsorted-368013\" xmlns=\"http:\/\/www.w3.org\/2000\/svg\" width=\"10px\" height=\"10px\" viewBox=\"0 0 24 24\" version=\"1.2\" baseProfile=\"tiny\"><path d=\"M18.2 9.3l-6.2-6.3-6.2 6.3c-.2.2-.3.4-.3.7s.1.5.3.7c.2.2.4.3.7.3h11c.3 0 .5-.1.7-.3.2-.2.3-.5.3-.7s-.1-.5-.3-.7zM5.8 14.7l6.2 6.3 6.2-6.3c.2-.2.3-.5.3-.7s-.1-.5-.3-.7c-.2-.2-.4-.3-.7-.3h-11c-.3 0-.5.1-.7.3-.2.2-.3.5-.3.7s.1.5.3.7z\"\/><\/svg><\/span><\/span><\/span><\/a><\/span><\/div>\n<nav><ul class='ez-toc-list ez-toc-list-level-1 ' ><li class='ez-toc-page-1 ez-toc-heading-level-2'><a class=\"ez-toc-link ez-toc-heading-1\" href=\"https:\/\/www.inesem.es\/revistadigital\/orientacion-laboral\/mercado-laboral\/#%C2%BFQue_es_el_mercado_laboral\" title=\"\u00bfQu\u00e9 es el mercado laboral?\u00a0\">\u00bfQu\u00e9 es el mercado laboral?\u00a0<\/a><\/li><li class='ez-toc-page-1 ez-toc-heading-level-2'><a class=\"ez-toc-link ez-toc-heading-2\" href=\"https:\/\/www.inesem.es\/revistadigital\/orientacion-laboral\/mercado-laboral\/#Actores_que_entran_en_juego_en_el_mercado_laboral\" title=\"Actores que entran en juego en el mercado laboral\u00a0\">Actores que entran en juego en el mercado laboral\u00a0<\/a><\/li><li class='ez-toc-page-1 ez-toc-heading-level-2'><a class=\"ez-toc-link ez-toc-heading-3\" href=\"https:\/\/www.inesem.es\/revistadigital\/orientacion-laboral\/mercado-laboral\/#Tienes_que_saber_esto_sobre_el_mercado_laboral\" title=\"Tienes que saber esto sobre el mercado laboral\u00a0\">Tienes que saber esto sobre el mercado laboral\u00a0<\/a><\/li><li class='ez-toc-page-1 ez-toc-heading-level-2'><a class=\"ez-toc-link ez-toc-heading-4\" href=\"https:\/\/www.inesem.es\/revistadigital\/orientacion-laboral\/mercado-laboral\/#%C2%BFQue_perfil_se_demanda_en_el_mercado_laboral\" title=\"\u00bfQu\u00e9 perfil se demanda en el mercado laboral?\u00a0\">\u00bfQu\u00e9 perfil se demanda en el mercado laboral?\u00a0<\/a><\/li><li class='ez-toc-page-1 ez-toc-heading-level-2'><a class=\"ez-toc-link ez-toc-heading-5\" href=\"https:\/\/www.inesem.es\/revistadigital\/orientacion-laboral\/mercado-laboral\/#Poblacion_activa_y_Seguridad_Social_dos_conceptos_importantes\" title=\"Poblaci\u00f3n activa y Seguridad Social: dos conceptos importantes\u00a0\">Poblaci\u00f3n activa y Seguridad Social: dos conceptos importantes\u00a0<\/a><\/li><li class='ez-toc-page-1 ez-toc-heading-level-2'><a class=\"ez-toc-link ez-toc-heading-6\" href=\"https:\/\/www.inesem.es\/revistadigital\/orientacion-laboral\/mercado-laboral\/#El_mercado_laboral_en_Espana\" title=\"El mercado laboral en Espa\u00f1a\u00a0\">El mercado laboral en Espa\u00f1a\u00a0<\/a><\/li><\/ul><\/nav><\/div>\n<h2 style=\"text-align: justify\"><span class=\"ez-toc-section\" id=\"%C2%BFQue_es_el_mercado_laboral\"><\/span>\u00bfQu\u00e9 es el mercado laboral?\u00a0<span class=\"ez-toc-section-end\"><\/span><\/h2>\n<p style=\"text-align: justify\">Para empezar, debes saber qu\u00e9 es el mercado laboral. B\u00e1sicamente, funciona de la misma manera que otros mercados. <strong>Existe una demanda de empleo y, por otro lado, una oferta<\/strong>. La demanda la formular\u00edan las empresas y la oferta toda la poblaci\u00f3n que busca un empleo. Al igual que en otros mercados, en el laboral debe haber un equilibro. Y es que, si no, se pueden disparar los niveles de paro, tal y como hemos visto en nuestra historia reciente.<\/p>\n<p style=\"text-align: justify\">\u00bfY qu\u00e9 pasa con el paro? Que <strong>afecta al crecimiento de un pa\u00eds<\/strong> tanto econ\u00f3micamente, por razones obvias, como socialmente, ya que dejar\u00e1 de existir la cohesi\u00f3n social. Por estos motivos, el mercado laboral es un tema recurrente en los medios de comunicaci\u00f3n y en el Congreso de los Diputados. Y es que se traduce como uno de los <strong>baremos que indican la salud de un pa\u00eds<\/strong>. Ser\u00eda c\u00f3mo conocer la temperatura de una persona cuando se siente mal. Si tiene fiebre, las alarmas se disparan.<\/p>\n<p style=\"text-align: justify\">Siguiendo con el <strong>paralelismo con la saga de Los Juegos del Hambre<\/strong>, el mercado laboral se podr\u00eda ver representando en esas escenas en las que se eligen a los tributos de cada distrito. La demanda ser\u00edan esas dos plazas para Los Juegos del Hambre y la oferta ser\u00edan todos esos nombres que est\u00e1n en la urna. Aunque obviamente, en esta ocasi\u00f3n nadie quer\u00eda llevarse ese puesto.<\/p>\n<h2 style=\"text-align: justify\"><span class=\"ez-toc-section\" id=\"Actores_que_entran_en_juego_en_el_mercado_laboral\"><\/span>Actores que entran en juego en el mercado laboral\u00a0<span class=\"ez-toc-section-end\"><\/span><\/h2>\n<p style=\"text-align: justify\">Como en otros mercados, aunque reine la ley de la oferta y la demanda, tambi\u00e9n existen otros actores que interponen ciertas condiciones a este mercado. Y es que en las sociedades actuales se establecen una serie de pautas para que impere el equilibrio dentro del pa\u00eds. De esta manera, el Gobierno o instituciones sociales como los sindicatos ejercen su poder con el fin de conseguir lo mejor para la ciudadan\u00eda, seg\u00fan el momento que se atraviese.\u00a0<\/p>\n<p style=\"text-align: justify\">Y es que, estos actores negocian en cierto modo el salario m\u00ednimo y las condiciones de trabajo. \u00bfC\u00f3mo lo hacen? Se sientan tanto empresarios como Gobierno y sindicatos para establecer una serie de normas al mercado. No existe una libertad competitiva dentro del mercado laboral, sino que se fijan a trav\u00e9s de leyes las caracter\u00edsticas de los contratos laborales, las indemnizaciones por despido o la fijaci\u00f3n de un salario m\u00ednimo, entre otras cosas\u00a0<\/p>\n<p style=\"text-align: justify\">As\u00ed que ten en cuenta que s\u00ed, es un mercado de oferta y demanda con intervencionismo por parte del gobierno y sindicatos. Como el poder que ten\u00eda Jon Snow en los juegos.\u00a0<\/p>\n<h2 style=\"text-align: justify\"><span class=\"ez-toc-section\" id=\"Tienes_que_saber_esto_sobre_el_mercado_laboral\"><\/span>Tienes que saber esto sobre el mercado laboral\u00a0<span class=\"ez-toc-section-end\"><\/span><\/h2>\n<p style=\"text-align: justify\">Como en cualquier \u00e1rea o disciplina, el mercado laboral tiene una serie de caracter\u00edsticas que lo hacen singular. \u00bfPor qu\u00e9 es importante conocer las caracter\u00edsticas del mercado laboral? Porque de esta manera, te ser\u00e1 m\u00e1s f\u00e1cil <strong>entender el mecanismo del mismo<\/strong> y adaptarte a cualquier circunstancia. Cuando te codees con algunas empresas, vas a poder tomar un mayor protagonismo al dominar las leyes no escritas que rigen la contrataci\u00f3n de personal.\u00a0<\/p>\n<p style=\"text-align: justify\">Entre las <strong>caracter\u00edsticas m\u00e1s universales del mercado laboral <\/strong>se encuentran:<\/p>\n<ul style=\"text-align: justify\" role=\"list\">\n<li role=\"listitem\" data-aria-level=\"1\" data-aria-posinset=\"1\" data-font=\"Courier New\" data-leveltext=\"o\" data-list-defn-props=\"{&quot;335552541&quot;:1,&quot;335559684&quot;:-2,&quot;335559685&quot;:720,&quot;335559991&quot;:360,&quot;469769226&quot;:&quot;Courier New&quot;,&quot;469769242&quot;:[9675],&quot;469777803&quot;:&quot;left&quot;,&quot;469777804&quot;:&quot;o&quot;,&quot;469777815&quot;:&quot;hybridMultilevel&quot;}\" data-listid=\"1\">\n<p>Existe una regulaci\u00f3n donde se impone un <strong>salario m\u00ednimo legal.\u00a0<\/strong><\/p>\n<\/li>\n<li role=\"listitem\" data-aria-level=\"1\" data-aria-posinset=\"1\" data-font=\"Courier New\" data-leveltext=\"o\" data-list-defn-props=\"{&quot;335552541&quot;:1,&quot;335559684&quot;:-2,&quot;335559685&quot;:720,&quot;335559991&quot;:360,&quot;469769226&quot;:&quot;Courier New&quot;,&quot;469769242&quot;:[9675],&quot;469777803&quot;:&quot;left&quot;,&quot;469777804&quot;:&quot;o&quot;,&quot;469777815&quot;:&quot;hybridMultilevel&quot;}\" data-listid=\"1\">\n<p>Se tiene cierta rigidez, ya que los contratos de trabajo tienen normalmente <strong>un periodo de duraci\u00f3n concreto.<\/strong>\u00a0<\/p>\n<\/li>\n<li role=\"listitem\" data-aria-level=\"1\" data-aria-posinset=\"1\" data-font=\"Courier New\" data-leveltext=\"o\" data-list-defn-props=\"{&quot;335552541&quot;:1,&quot;335559684&quot;:-2,&quot;335559685&quot;:720,&quot;335559991&quot;:360,&quot;469769226&quot;:&quot;Courier New&quot;,&quot;469769242&quot;:[9675],&quot;469777803&quot;:&quot;left&quot;,&quot;469777804&quot;:&quot;o&quot;,&quot;469777815&quot;:&quot;hybridMultilevel&quot;}\" data-listid=\"1\">\n<p>El mercado laboral est\u00e1 sujeto a las continuas <strong>innovaciones tecnol\u00f3gicas<\/strong> que se producen. Y es que cada vez existen menos tareas manuales.\u00a0<\/p>\n<\/li>\n<li role=\"listitem\" data-aria-level=\"1\" data-aria-posinset=\"1\" data-font=\"Courier New\" data-leveltext=\"o\" data-list-defn-props=\"{&quot;335552541&quot;:1,&quot;335559684&quot;:-2,&quot;335559685&quot;:720,&quot;335559991&quot;:360,&quot;469769226&quot;:&quot;Courier New&quot;,&quot;469769242&quot;:[9675],&quot;469777803&quot;:&quot;left&quot;,&quot;469777804&quot;:&quot;o&quot;,&quot;469777815&quot;:&quot;hybridMultilevel&quot;}\" data-listid=\"1\">\n<p>Hay una <strong>disonancia entre el mercado laboral y las instituciones educativas<\/strong>, ya que en muchas ocasiones no van a la par. Desde la Educaci\u00f3n no se forma a las personas para las tareas que tienen que desempe\u00f1ar en su trabajo.\u00a0<\/p>\n<\/li>\n<li role=\"listitem\" data-aria-level=\"1\" data-aria-posinset=\"1\" data-font=\"Courier New\" data-leveltext=\"o\" data-list-defn-props=\"{&quot;335552541&quot;:1,&quot;335559684&quot;:-2,&quot;335559685&quot;:720,&quot;335559991&quot;:360,&quot;469769226&quot;:&quot;Courier New&quot;,&quot;469769242&quot;:[9675],&quot;469777803&quot;:&quot;left&quot;,&quot;469777804&quot;:&quot;o&quot;,&quot;469777815&quot;:&quot;hybridMultilevel&quot;}\" data-listid=\"1\">\n<p>\u00bfPor qu\u00e9 no existe el pleno empleo? Por el <strong>desempleo friccional<\/strong>, que es ese desempleo que se produce cuando una persona deja su puesto de trabajo con el objetivo de buscar otro empleo o para estudiar.\u00a0<\/p>\n<\/li>\n<\/ul>\n<p style=\"text-align: justify\">Algunas de estas caracter\u00edsticas tienen unas consecuencias neutrales que van a condicionar tanto al demandante como al ofertante. Por ejemplo, habr\u00e1 gente dispuesta a trabajar por debajo del salario m\u00ednimo que no podr\u00e1 hacerlo por la ley vigente. Por otro lado, una empresa puede tener dificultades al despedir a un mal empleado por la duraci\u00f3n de su contrato. Son <strong>consecuencias que estos actores deben tener en cuenta<\/strong> y con los que tener especial cuidado.<\/p>\n<p style=\"text-align: justify\">Aun as\u00ed, la llegada de las tecnolog\u00edas propicia los <strong>trabajos m\u00e1s creativos y din\u00e1micos<\/strong>. Ya no se necesita ese perfil industrial que hace la misma tarea durante las ocho horas y un d\u00eda tras otro. Ahora ese trabajo lo pueden hacer los ordenadores o las inteligencias artificiales.<\/p>\n<h2 style=\"text-align: justify\"><span class=\"ez-toc-section\" id=\"%C2%BFQue_perfil_se_demanda_en_el_mercado_laboral\"><\/span>\u00bfQu\u00e9 perfil se demanda en el mercado laboral?\u00a0<span class=\"ez-toc-section-end\"><\/span><\/h2>\n<p style=\"text-align: justify\">Como llevamos diciendo a lo largo del art\u00edculo, las empresas han experimentado grandes cambios tanto a nivel productivo como humano. Ya no se buscan esas personas fieles que trabajen de por vida en la misma empresa, haciendo la misma tarea d\u00eda tras d\u00eda. Ahora se busca un <strong>perfil acostumbrado al ambiente digital<\/strong>, creativo y tecnol\u00f3gico. Es por ello que se demanda <a href=\"https:\/\/www.inesem.es\/revistadigital\/orientacion-laboral\/mercado-oculto-de-trabajo\/\">un perfil con las siguientes caracter\u00edsticas<\/a>:<\/p>\n<ul style=\"text-align: justify\" role=\"list\">\n<li role=\"listitem\" data-aria-level=\"1\" data-aria-posinset=\"1\" data-font=\"Courier New\" data-leveltext=\"o\" data-list-defn-props=\"{&quot;335552541&quot;:1,&quot;335559684&quot;:-2,&quot;335559685&quot;:720,&quot;335559991&quot;:360,&quot;469769226&quot;:&quot;Courier New&quot;,&quot;469769242&quot;:[9675],&quot;469777803&quot;:&quot;left&quot;,&quot;469777804&quot;:&quot;o&quot;,&quot;469777815&quot;:&quot;hybridMultilevel&quot;}\" data-listid=\"2\">\n<p><strong>Experiencia<\/strong>: las empresas demandan perfiles a los que no tengan que ense\u00f1ar desde cero.\u00a0<\/p>\n<\/li>\n<li role=\"listitem\" data-aria-level=\"1\" data-aria-posinset=\"1\" data-font=\"Courier New\" data-leveltext=\"o\" data-list-defn-props=\"{&quot;335552541&quot;:1,&quot;335559684&quot;:-2,&quot;335559685&quot;:720,&quot;335559991&quot;:360,&quot;469769226&quot;:&quot;Courier New&quot;,&quot;469769242&quot;:[9675],&quot;469777803&quot;:&quot;left&quot;,&quot;469777804&quot;:&quot;o&quot;,&quot;469777815&quot;:&quot;hybridMultilevel&quot;}\" data-listid=\"2\">\n<p>Manejo de las distintas <strong>tecnolog\u00edas<\/strong>.\u00a0<\/p>\n<\/li>\n<li role=\"listitem\" data-aria-level=\"1\" data-aria-posinset=\"1\" data-font=\"Courier New\" data-leveltext=\"o\" data-list-defn-props=\"{&quot;335552541&quot;:1,&quot;335559684&quot;:-2,&quot;335559685&quot;:720,&quot;335559991&quot;:360,&quot;469769226&quot;:&quot;Courier New&quot;,&quot;469769242&quot;:[9675],&quot;469777803&quot;:&quot;left&quot;,&quot;469777804&quot;:&quot;o&quot;,&quot;469777815&quot;:&quot;hybridMultilevel&quot;}\" data-listid=\"2\">\n<p><strong>Conocimientos en ventas<\/strong>: si no sabes vender, te quedas anclado.\u00a0<\/p>\n<\/li>\n<li role=\"listitem\" data-aria-level=\"1\" data-aria-posinset=\"1\" data-font=\"Courier New\" data-leveltext=\"o\" data-list-defn-props=\"{&quot;335552541&quot;:1,&quot;335559684&quot;:-2,&quot;335559685&quot;:720,&quot;335559991&quot;:360,&quot;469769226&quot;:&quot;Courier New&quot;,&quot;469769242&quot;:[9675],&quot;469777803&quot;:&quot;left&quot;,&quot;469777804&quot;:&quot;o&quot;,&quot;469777815&quot;:&quot;hybridMultilevel&quot;}\" data-listid=\"2\">\n<p><strong>Creativo<\/strong>.\u00a0<\/p>\n<\/li>\n<li role=\"listitem\" data-aria-level=\"1\" data-aria-posinset=\"1\" data-font=\"Courier New\" data-leveltext=\"o\" data-list-defn-props=\"{&quot;335552541&quot;:1,&quot;335559684&quot;:-2,&quot;335559685&quot;:720,&quot;335559991&quot;:360,&quot;469769226&quot;:&quot;Courier New&quot;,&quot;469769242&quot;:[9675],&quot;469777803&quot;:&quot;left&quot;,&quot;469777804&quot;:&quot;o&quot;,&quot;469777815&quot;:&quot;hybridMultilevel&quot;}\" data-listid=\"2\">\n<p><strong>Resiliente<\/strong>, que se adapta a cualquier circunstancia.\u00a0<\/p>\n<\/li>\n<li role=\"listitem\" data-aria-level=\"1\" data-aria-posinset=\"1\" data-font=\"Courier New\" data-leveltext=\"o\" data-list-defn-props=\"{&quot;335552541&quot;:1,&quot;335559684&quot;:-2,&quot;335559685&quot;:720,&quot;335559991&quot;:360,&quot;469769226&quot;:&quot;Courier New&quot;,&quot;469769242&quot;:[9675],&quot;469777803&quot;:&quot;left&quot;,&quot;469777804&quot;:&quot;o&quot;,&quot;469777815&quot;:&quot;hybridMultilevel&quot;}\" data-listid=\"2\">\n<p><strong>L\u00edder y buen compa\u00f1ero.\u00a0<\/strong><\/p>\n<\/li>\n<li role=\"listitem\" data-aria-level=\"1\" data-aria-posinset=\"1\" data-font=\"Courier New\" data-leveltext=\"o\" data-list-defn-props=\"{&quot;335552541&quot;:1,&quot;335559684&quot;:-2,&quot;335559685&quot;:720,&quot;335559991&quot;:360,&quot;469769226&quot;:&quot;Courier New&quot;,&quot;469769242&quot;:[9675],&quot;469777803&quot;:&quot;left&quot;,&quot;469777804&quot;:&quot;o&quot;,&quot;469777815&quot;:&quot;hybridMultilevel&quot;}\" data-listid=\"2\">\n<p>Que apuesta por una <strong>formaci\u00f3n y reciclaje continuo.\u00a0<\/strong><\/p>\n<\/li>\n<li role=\"listitem\" data-aria-level=\"1\" data-aria-posinset=\"1\" data-font=\"Courier New\" data-leveltext=\"o\" data-list-defn-props=\"{&quot;335552541&quot;:1,&quot;335559684&quot;:-2,&quot;335559685&quot;:720,&quot;335559991&quot;:360,&quot;469769226&quot;:&quot;Courier New&quot;,&quot;469769242&quot;:[9675],&quot;469777803&quot;:&quot;left&quot;,&quot;469777804&quot;:&quot;o&quot;,&quot;469777815&quot;:&quot;hybridMultilevel&quot;}\" data-listid=\"2\">\n<p>Que sea una persona con <strong>empat\u00eda, inteligencia emocional y asertivo.\u00a0<\/strong><\/p>\n<\/li>\n<\/ul>\n<h2 style=\"text-align: justify\"><span class=\"ez-toc-section\" id=\"Poblacion_activa_y_Seguridad_Social_dos_conceptos_importantes\"><\/span>Poblaci\u00f3n activa y Seguridad Social: dos conceptos importantes\u00a0<span class=\"ez-toc-section-end\"><\/span><\/h2>\n<p style=\"text-align: justify\">Al igual que de Los Juegos del Hambre se desprenden conceptos como el capitolio o la arena, del mercado laboral se derivan otros conceptos que son relevantes. Ya que son aspectos que guardan una estrecha relaci\u00f3n. Por ejemplo, la <strong>poblaci\u00f3n activa<\/strong> se puede definir como el n\u00famero de personas en edad de trabajar, excluyendo a personas que ya desarrollan alg\u00fan tipo de actividad sin obtener un salario por ello. Un ejemplo pueden ser los estudiantes.\u00a0<\/p>\n<p style=\"text-align: justify\">Por otro lado, <strong>la Seguridad Social<\/strong> es el sistema que se ocupa de garantizar el Estado del Bienestar en una sociedad. \u00bfY c\u00f3mo se sustenta? A trav\u00e9s de las aportaciones que hacen los contribuyentes mediante las n\u00f3minas, por ejemplo. \u00bfY para qu\u00e9 sirve? Explic\u00e1ndolo en un lenguaje com\u00fan, se podr\u00eda decir que es como un seguro que nos cubre ante cualquier riesgo.\u00a0<\/p>\n<p style=\"text-align: justify\">Entre las acciones que lleva a cabo la <strong>Seguridad Social<\/strong> est\u00e1 la aportaci\u00f3n de prestaciones de desempleo, jubilaci\u00f3n o pensiones, la consecuci\u00f3n de una Sanidad P\u00fablica, una educaci\u00f3n p\u00fablica y gratuita o la supervisi\u00f3n de alimentos o viviendas. De igual manera, gracias a la Seguridad Social tenemos una prestaci\u00f3n cuando nos damos de baja por maternidad o paternidad, accidente o cualquier otra causa.\u00a0<\/p>\n<h2 style=\"text-align: justify\"><span class=\"ez-toc-section\" id=\"El_mercado_laboral_en_Espana\"><\/span>El mercado laboral en Espa\u00f1a\u00a0<span class=\"ez-toc-section-end\"><\/span><\/h2>\n<p style=\"text-align: justify\"><a href=\"https:\/\/www.bbva.com\/es\/el-mercado-laboral-en-espana-en-niveles-de-ocupacion-anteriores-a-la-crisis-del-covid\/\">\u00bfPor qu\u00e9 se caracteriza el mercado laboral en Espa\u00f1a?<\/a> Lo primero que cabe destacar es que <strong>los niveles de empleo han ido normaliz\u00e1ndose<\/strong> despu\u00e9s de la pandemia que hemos sufrido por la COVID. Aun as\u00ed, aunque el empleo ha subido hasta llegar a los niveles de 2019, la producci\u00f3n ha bajado respecto a este a\u00f1o. \u00bfC\u00f3mo es esto posible? Porque gran parte del empleo que se ha creado ha sido para las instituciones p\u00fablicas.<\/p>\n<p style=\"text-align: justify\">\u00bfY qu\u00e9 normas existen en el mercado laboral? La primera es que <strong>el salario m\u00ednimo para el a\u00f1o 2022 es de 1.000 euros mensuales<\/strong> o 14.000 euros anuales en 12 mensualidades y dos pagas extras. Por otro lado, las empresas tienen que contar con un <strong>programa de prevenci\u00f3n de riesgos laborales<\/strong> por obligaci\u00f3n, ya que se busca garantizar la salud de los trabajadores. Para las empresas tambi\u00e9n existen <strong>ayudas en forma de bonificaciones<\/strong> en las cuotas de la Seguridad Social, lo que supone un ahorro de costes.<\/p>\n<p style=\"text-align: justify\">En definitiva, conocer a la perfecci\u00f3n el mercado laboral te puede abrir las puertas que deseas. Al igual que entrenar duro te pod\u00eda permitir sobrevivir en Los Juegos del Hambre. Incluso puedes desempe\u00f1ar tus labores en este sector, el laboral. Y es que, por ejemplo, este <a href=\"https:\/\/www.inesem.es\/Master-En-Asesoria-Juridico-Laboral\">M\u00e1ster en Asesor\u00eda Jur\u00eddico Laboral<\/a> te aportar\u00e1 los conocimientos necesarios para <strong>trabajar como Director o Gerente de cualquier empresa,<\/strong> ya que dominar\u00e1s los conceptos m\u00e1s importantes.\u00a0<\/p>\n<p style=\"text-align: justify\"><strong>\u00a1No lo dudes\u00a1 \u00a1Conf\u00eda en INESEM!\u00a0<\/strong><\/p>\n","protected":false},"excerpt":{"rendered":"<p>Seguramente te lo hayan pintado como si de Los Juegos del Hambre se tratase, pero la realidad es que no y con este art\u00edculo queremos orientarte.<\/p>\n","protected":false},"author":91904,"featured_media":2205,"comment_status":"open","ping_status":"open","sticky":false,"template":"","format":"standard","meta":{"footnotes":""},"categories":[9],"class_list":["post-2204","post","type-post","status-publish","format-standard","has-post-thumbnail","hentry","category-empleabilidad"],"yoast_head":"<!-- This site is optimized with the Yoast SEO plugin v23.5 - https:\/\/yoast.com\/wordpress\/plugins\/seo\/ -->\n<title>\u00bfQu\u00e9 es el mercado laboral y qu\u00e9 perfiles demanda?<\/title>\n<meta name=\"description\" content=\"Seguramente te lo hayan pintado como si de Los Juegos del Hambre se tratase, pero la realidad es que no y con este art\u00edculo queremos orientarte.\" \/>\n<meta name=\"robots\" content=\"index, follow, max-snippet:-1, max-image-preview:large, max-video-preview:-1\" \/>\n<link rel=\"canonical\" href=\"https:\/\/www.inesem.es\/revistadigital\/orientacion-laboral\/mercado-laboral\" \/>\n<meta property=\"og:locale\" content=\"es_ES\" \/>\n<meta property=\"og:type\" content=\"article\" \/>\n<meta property=\"og:title\" content=\"\u00bfQu\u00e9 es el mercado laboral y qu\u00e9 perfiles demanda?\" \/>\n<meta property=\"og:description\" content=\"Seguramente te lo hayan pintado como si de Los Juegos del Hambre se tratase, pero la realidad es que no y con este art\u00edculo queremos orientarte.\" \/>\n<meta property=\"og:url\" content=\"https:\/\/www.inesem.es\/revistadigital\/orientacion-laboral\/mercado-laboral\" \/>\n<meta property=\"og:site_name\" content=\"Canal Orientaci\u00f3n Laboral\" \/>\n<meta property=\"article:publisher\" content=\"https:\/\/www.facebook.com\/InesemBusinessSchool\/\" \/>\n<meta property=\"article:published_time\" content=\"2021-07-04T12:28:00+00:00\" \/>\n<meta property=\"article:modified_time\" content=\"2024-08-07T09:59:40+00:00\" \/>\n<meta property=\"og:image\" content=\"https:\/\/www.inesem.es\/revistadigital\/orientacion-laboral\/files\/2023\/07\/Diseno-sin-titulo-2023-07-04T163230.459.jpg\" \/>\n\t<meta property=\"og:image:width\" content=\"1620\" \/>\n\t<meta property=\"og:image:height\" content=\"1080\" \/>\n\t<meta property=\"og:image:type\" content=\"image\/jpeg\" \/>\n<meta name=\"author\" content=\"Antonio Guti\u00e9rrez\" \/>\n<meta name=\"twitter:card\" content=\"summary_large_image\" \/>\n<meta name=\"twitter:creator\" content=\"@inesem\" \/>\n<meta name=\"twitter:site\" content=\"@inesem\" \/>\n<meta name=\"twitter:label1\" content=\"Escrito por\" \/>\n\t<meta name=\"twitter:data1\" content=\"Antonio Guti\u00e9rrez\" \/>\n\t<meta name=\"twitter:label2\" content=\"Tiempo de lectura\" \/>\n\t<meta name=\"twitter:data2\" content=\"7 minutos\" \/>\n<script type=\"application\/ld+json\" class=\"yoast-schema-graph\">{\"@context\":\"https:\/\/schema.org\",\"@graph\":[{\"@type\":\"Article\",\"@id\":\"https:\/\/www.inesem.es\/revistadigital\/orientacion-laboral\/mercado-laboral#article\",\"isPartOf\":{\"@id\":\"https:\/\/www.inesem.es\/revistadigital\/orientacion-laboral\/mercado-laboral\"},\"author\":{\"name\":\"Antonio Guti\u00e9rrez\",\"@id\":\"https:\/\/www.inesem.es\/revistadigital\/orientacion-laboral\/#\/schema\/person\/15e0f78aeca201ea816d1b2047735db0\"},\"headline\":\"\u00bfQu\u00e9 es el mercado laboral y qu\u00e9 perfiles demanda?\",\"datePublished\":\"2021-07-04T12:28:00+00:00\",\"dateModified\":\"2024-08-07T09:59:40+00:00\",\"mainEntityOfPage\":{\"@id\":\"https:\/\/www.inesem.es\/revistadigital\/orientacion-laboral\/mercado-laboral\"},\"wordCount\":1563,\"commentCount\":0,\"publisher\":{\"@id\":\"https:\/\/www.inesem.es\/revistadigital\/orientacion-laboral\/#organization\"},\"image\":{\"@id\":\"https:\/\/www.inesem.es\/revistadigital\/orientacion-laboral\/mercado-laboral#primaryimage\"},\"thumbnailUrl\":\"https:\/\/www.inesem.es\/revistadigital\/orientacion-laboral\/files\/2023\/07\/Diseno-sin-titulo-2023-07-04T163230.459.jpg\",\"articleSection\":[\"Empleabilidad\"],\"inLanguage\":\"es\",\"potentialAction\":[{\"@type\":\"CommentAction\",\"name\":\"Comment\",\"target\":[\"https:\/\/www.inesem.es\/revistadigital\/orientacion-laboral\/mercado-laboral#respond\"]}]},{\"@type\":\"WebPage\",\"@id\":\"https:\/\/www.inesem.es\/revistadigital\/orientacion-laboral\/mercado-laboral\",\"url\":\"https:\/\/www.inesem.es\/revistadigital\/orientacion-laboral\/mercado-laboral\",\"name\":\"\u00bfQu\u00e9 es el mercado laboral y qu\u00e9 perfiles demanda?\",\"isPartOf\":{\"@id\":\"https:\/\/www.inesem.es\/revistadigital\/orientacion-laboral\/#website\"},\"primaryImageOfPage\":{\"@id\":\"https:\/\/www.inesem.es\/revistadigital\/orientacion-laboral\/mercado-laboral#primaryimage\"},\"image\":{\"@id\":\"https:\/\/www.inesem.es\/revistadigital\/orientacion-laboral\/mercado-laboral#primaryimage\"},\"thumbnailUrl\":\"https:\/\/www.inesem.es\/revistadigital\/orientacion-laboral\/files\/2023\/07\/Diseno-sin-titulo-2023-07-04T163230.459.jpg\",\"datePublished\":\"2021-07-04T12:28:00+00:00\",\"dateModified\":\"2024-08-07T09:59:40+00:00\",\"description\":\"Seguramente te lo hayan pintado como si de Los Juegos del Hambre se tratase, pero la realidad es que no y con este art\u00edculo queremos orientarte.\",\"breadcrumb\":{\"@id\":\"https:\/\/www.inesem.es\/revistadigital\/orientacion-laboral\/mercado-laboral#breadcrumb\"},\"inLanguage\":\"es\",\"potentialAction\":[{\"@type\":\"ReadAction\",\"target\":[\"https:\/\/www.inesem.es\/revistadigital\/orientacion-laboral\/mercado-laboral\"]}]},{\"@type\":\"ImageObject\",\"inLanguage\":\"es\",\"@id\":\"https:\/\/www.inesem.es\/revistadigital\/orientacion-laboral\/mercado-laboral#primaryimage\",\"url\":\"https:\/\/www.inesem.es\/revistadigital\/orientacion-laboral\/files\/2023\/07\/Diseno-sin-titulo-2023-07-04T163230.459.jpg\",\"contentUrl\":\"https:\/\/www.inesem.es\/revistadigital\/orientacion-laboral\/files\/2023\/07\/Diseno-sin-titulo-2023-07-04T163230.459.jpg\",\"width\":1620,\"height\":1080,\"caption\":\"mercado laboral\"},{\"@type\":\"BreadcrumbList\",\"@id\":\"https:\/\/www.inesem.es\/revistadigital\/orientacion-laboral\/mercado-laboral#breadcrumb\",\"itemListElement\":[{\"@type\":\"ListItem\",\"position\":1,\"name\":\"Home\",\"item\":\"https:\/\/www.inesem.es\/revistadigital\/orientacion-laboral\/\"},{\"@type\":\"ListItem\",\"position\":2,\"name\":\"Empleabilidad\",\"item\":\"https:\/\/www.inesem.es\/revistadigital\/orientacion-laboral\/categorias\/empleabilidad\"},{\"@type\":\"ListItem\",\"position\":3,\"name\":\"\u00bfQu\u00e9 es el mercado laboral y qu\u00e9 perfiles demanda?\"}]},{\"@type\":\"WebSite\",\"@id\":\"https:\/\/www.inesem.es\/revistadigital\/orientacion-laboral\/#website\",\"url\":\"https:\/\/www.inesem.es\/revistadigital\/orientacion-laboral\/\",\"name\":\"Canal Orientaci\u00f3n Laboral\",\"description\":\"Canal de Noticias gestionado por el Departamento Docente de Orientaci\u00f3n Laboral de INESEM\",\"publisher\":{\"@id\":\"https:\/\/www.inesem.es\/revistadigital\/orientacion-laboral\/#organization\"},\"potentialAction\":[{\"@type\":\"SearchAction\",\"target\":{\"@type\":\"EntryPoint\",\"urlTemplate\":\"https:\/\/www.inesem.es\/revistadigital\/orientacion-laboral\/?s={search_term_string}\"},\"query-input\":{\"@type\":\"PropertyValueSpecification\",\"valueRequired\":true,\"valueName\":\"search_term_string\"}}],\"inLanguage\":\"es\"},{\"@type\":\"Organization\",\"@id\":\"https:\/\/www.inesem.es\/revistadigital\/orientacion-laboral\/#organization\",\"name\":\"Canal Orientaci\u00f3n Laboral\",\"url\":\"https:\/\/www.inesem.es\/revistadigital\/orientacion-laboral\/\",\"logo\":{\"@type\":\"ImageObject\",\"inLanguage\":\"es\",\"@id\":\"https:\/\/www.inesem.es\/revistadigital\/orientacion-laboral\/#\/schema\/logo\/image\/\",\"url\":\"\",\"contentUrl\":\"\",\"caption\":\"Canal Orientaci\u00f3n Laboral\"},\"image\":{\"@id\":\"https:\/\/www.inesem.es\/revistadigital\/orientacion-laboral\/#\/schema\/logo\/image\/\"},\"sameAs\":[\"https:\/\/www.facebook.com\/InesemBusinessSchool\/\",\"https:\/\/x.com\/inesem\",\"http:\/\/www.linkedin.com\/company\/2370697\",\"https:\/\/www.youtube.com\/user\/inesembusinesschool\/\"]},{\"@type\":\"Person\",\"@id\":\"https:\/\/www.inesem.es\/revistadigital\/orientacion-laboral\/#\/schema\/person\/15e0f78aeca201ea816d1b2047735db0\",\"name\":\"Antonio Guti\u00e9rrez\",\"image\":{\"@type\":\"ImageObject\",\"inLanguage\":\"es\",\"@id\":\"https:\/\/www.inesem.es\/revistadigital\/orientacion-laboral\/#\/schema\/person\/image\/\",\"url\":\"https:\/\/www.inesem.es\/revistadigital\/gestion-integrada\/files\/2023\/01\/cropped-Diseno-sin-titulo-2-96x96.png\",\"contentUrl\":\"https:\/\/www.inesem.es\/revistadigital\/gestion-integrada\/files\/2023\/01\/cropped-Diseno-sin-titulo-2-96x96.png\",\"caption\":\"Antonio Guti\u00e9rrez\"},\"url\":\"https:\/\/www.inesem.es\/revistadigital\/orientacion-laboral\/autores\/antonio-gutierrez\"}]}<\/script>\n<!-- \/ Yoast SEO plugin. -->","yoast_head_json":{"title":"\u00bfQu\u00e9 es el mercado laboral y qu\u00e9 perfiles demanda?","description":"Seguramente te lo hayan pintado como si de Los Juegos del Hambre se tratase, pero la realidad es que no y con este art\u00edculo queremos orientarte.","robots":{"index":"index","follow":"follow","max-snippet":"max-snippet:-1","max-image-preview":"max-image-preview:large","max-video-preview":"max-video-preview:-1"},"canonical":"https:\/\/www.inesem.es\/revistadigital\/orientacion-laboral\/mercado-laboral","og_locale":"es_ES","og_type":"article","og_title":"\u00bfQu\u00e9 es el mercado laboral y qu\u00e9 perfiles demanda?","og_description":"Seguramente te lo hayan pintado como si de Los Juegos del Hambre se tratase, pero la realidad es que no y con este art\u00edculo queremos orientarte.","og_url":"https:\/\/www.inesem.es\/revistadigital\/orientacion-laboral\/mercado-laboral","og_site_name":"Canal Orientaci\u00f3n Laboral","article_publisher":"https:\/\/www.facebook.com\/InesemBusinessSchool\/","article_published_time":"2021-07-04T12:28:00+00:00","article_modified_time":"2024-08-07T09:59:40+00:00","og_image":[{"width":1620,"height":1080,"url":"https:\/\/www.inesem.es\/revistadigital\/orientacion-laboral\/files\/2023\/07\/Diseno-sin-titulo-2023-07-04T163230.459.jpg","type":"image\/jpeg"}],"author":"Antonio Guti\u00e9rrez","twitter_card":"summary_large_image","twitter_creator":"@inesem","twitter_site":"@inesem","twitter_misc":{"Escrito por":"Antonio Guti\u00e9rrez","Tiempo de lectura":"7 minutos"},"schema":{"@context":"https:\/\/schema.org","@graph":[{"@type":"Article","@id":"https:\/\/www.inesem.es\/revistadigital\/orientacion-laboral\/mercado-laboral#article","isPartOf":{"@id":"https:\/\/www.inesem.es\/revistadigital\/orientacion-laboral\/mercado-laboral"},"author":{"name":"Antonio Guti\u00e9rrez","@id":"https:\/\/www.inesem.es\/revistadigital\/orientacion-laboral\/#\/schema\/person\/15e0f78aeca201ea816d1b2047735db0"},"headline":"\u00bfQu\u00e9 es el mercado laboral y qu\u00e9 perfiles demanda?","datePublished":"2021-07-04T12:28:00+00:00","dateModified":"2024-08-07T09:59:40+00:00","mainEntityOfPage":{"@id":"https:\/\/www.inesem.es\/revistadigital\/orientacion-laboral\/mercado-laboral"},"wordCount":1563,"commentCount":0,"publisher":{"@id":"https:\/\/www.inesem.es\/revistadigital\/orientacion-laboral\/#organization"},"image":{"@id":"https:\/\/www.inesem.es\/revistadigital\/orientacion-laboral\/mercado-laboral#primaryimage"},"thumbnailUrl":"https:\/\/www.inesem.es\/revistadigital\/orientacion-laboral\/files\/2023\/07\/Diseno-sin-titulo-2023-07-04T163230.459.jpg","articleSection":["Empleabilidad"],"inLanguage":"es","potentialAction":[{"@type":"CommentAction","name":"Comment","target":["https:\/\/www.inesem.es\/revistadigital\/orientacion-laboral\/mercado-laboral#respond"]}]},{"@type":"WebPage","@id":"https:\/\/www.inesem.es\/revistadigital\/orientacion-laboral\/mercado-laboral","url":"https:\/\/www.inesem.es\/revistadigital\/orientacion-laboral\/mercado-laboral","name":"\u00bfQu\u00e9 es el mercado laboral y qu\u00e9 perfiles demanda?","isPartOf":{"@id":"https:\/\/www.inesem.es\/revistadigital\/orientacion-laboral\/#website"},"primaryImageOfPage":{"@id":"https:\/\/www.inesem.es\/revistadigital\/orientacion-laboral\/mercado-laboral#primaryimage"},"image":{"@id":"https:\/\/www.inesem.es\/revistadigital\/orientacion-laboral\/mercado-laboral#primaryimage"},"thumbnailUrl":"https:\/\/www.inesem.es\/revistadigital\/orientacion-laboral\/files\/2023\/07\/Diseno-sin-titulo-2023-07-04T163230.459.jpg","datePublished":"2021-07-04T12:28:00+00:00","dateModified":"2024-08-07T09:59:40+00:00","description":"Seguramente te lo hayan pintado como si de Los Juegos del Hambre se tratase, pero la realidad es que no y con este art\u00edculo queremos orientarte.","breadcrumb":{"@id":"https:\/\/www.inesem.es\/revistadigital\/orientacion-laboral\/mercado-laboral#breadcrumb"},"inLanguage":"es","potentialAction":[{"@type":"ReadAction","target":["https:\/\/www.inesem.es\/revistadigital\/orientacion-laboral\/mercado-laboral"]}]},{"@type":"ImageObject","inLanguage":"es","@id":"https:\/\/www.inesem.es\/revistadigital\/orientacion-laboral\/mercado-laboral#primaryimage","url":"https:\/\/www.inesem.es\/revistadigital\/orientacion-laboral\/files\/2023\/07\/Diseno-sin-titulo-2023-07-04T163230.459.jpg","contentUrl":"https:\/\/www.inesem.es\/revistadigital\/orientacion-laboral\/files\/2023\/07\/Diseno-sin-titulo-2023-07-04T163230.459.jpg","width":1620,"height":1080,"caption":"mercado laboral"},{"@type":"BreadcrumbList","@id":"https:\/\/www.inesem.es\/revistadigital\/orientacion-laboral\/mercado-laboral#breadcrumb","itemListElement":[{"@type":"ListItem","position":1,"name":"Home","item":"https:\/\/www.inesem.es\/revistadigital\/orientacion-laboral\/"},{"@type":"ListItem","position":2,"name":"Empleabilidad","item":"https:\/\/www.inesem.es\/revistadigital\/orientacion-laboral\/categorias\/empleabilidad"},{"@type":"ListItem","position":3,"name":"\u00bfQu\u00e9 es el mercado laboral y qu\u00e9 perfiles demanda?"}]},{"@type":"WebSite","@id":"https:\/\/www.inesem.es\/revistadigital\/orientacion-laboral\/#website","url":"https:\/\/www.inesem.es\/revistadigital\/orientacion-laboral\/","name":"Canal Orientaci\u00f3n Laboral","description":"Canal de Noticias gestionado por el Departamento Docente de Orientaci\u00f3n Laboral de INESEM","publisher":{"@id":"https:\/\/www.inesem.es\/revistadigital\/orientacion-laboral\/#organization"},"potentialAction":[{"@type":"SearchAction","target":{"@type":"EntryPoint","urlTemplate":"https:\/\/www.inesem.es\/revistadigital\/orientacion-laboral\/?s={search_term_string}"},"query-input":{"@type":"PropertyValueSpecification","valueRequired":true,"valueName":"search_term_string"}}],"inLanguage":"es"},{"@type":"Organization","@id":"https:\/\/www.inesem.es\/revistadigital\/orientacion-laboral\/#organization","name":"Canal Orientaci\u00f3n Laboral","url":"https:\/\/www.inesem.es\/revistadigital\/orientacion-laboral\/","logo":{"@type":"ImageObject","inLanguage":"es","@id":"https:\/\/www.inesem.es\/revistadigital\/orientacion-laboral\/#\/schema\/logo\/image\/","url":"","contentUrl":"","caption":"Canal Orientaci\u00f3n Laboral"},"image":{"@id":"https:\/\/www.inesem.es\/revistadigital\/orientacion-laboral\/#\/schema\/logo\/image\/"},"sameAs":["https:\/\/www.facebook.com\/InesemBusinessSchool\/","https:\/\/x.com\/inesem","http:\/\/www.linkedin.com\/company\/2370697","https:\/\/www.youtube.com\/user\/inesembusinesschool\/"]},{"@type":"Person","@id":"https:\/\/www.inesem.es\/revistadigital\/orientacion-laboral\/#\/schema\/person\/15e0f78aeca201ea816d1b2047735db0","name":"Antonio Guti\u00e9rrez","image":{"@type":"ImageObject","inLanguage":"es","@id":"https:\/\/www.inesem.es\/revistadigital\/orientacion-laboral\/#\/schema\/person\/image\/","url":"https:\/\/www.inesem.es\/revistadigital\/gestion-integrada\/files\/2023\/01\/cropped-Diseno-sin-titulo-2-96x96.png","contentUrl":"https:\/\/www.inesem.es\/revistadigital\/gestion-integrada\/files\/2023\/01\/cropped-Diseno-sin-titulo-2-96x96.png","caption":"Antonio Guti\u00e9rrez"},"url":"https:\/\/www.inesem.es\/revistadigital\/orientacion-laboral\/autores\/antonio-gutierrez"}]}},"autor_name":{"name":"Antonio Guti\u00e9rrez"},"featured_image":{"attachment_meta":{"width":1620,"height":1080,"file":"2023\/07\/Diseno-sin-titulo-2023-07-04T163230.459.jpg","sizes":{"medium":{"file":"Diseno-sin-titulo-2023-07-04T163230.459-300x200.jpg","width":300,"height":200,"mime_type":"image\/jpeg","url":"https:\/\/www.inesem.es\/revistadigital\/orientacion-laboral\/files\/2023\/07\/Diseno-sin-titulo-2023-07-04T163230.459-300x200.jpg"},"large":{"file":"Diseno-sin-titulo-2023-07-04T163230.459-1020x680.jpg","width":1020,"height":680,"mime_type":"image\/jpeg","url":"https:\/\/www.inesem.es\/revistadigital\/orientacion-laboral\/files\/2023\/07\/Diseno-sin-titulo-2023-07-04T163230.459-1020x680.jpg"},"thumbnail":{"file":"Diseno-sin-titulo-2023-07-04T163230.459-345x180.jpg","width":345,"height":180,"mime_type":"image\/jpeg","url":"https:\/\/www.inesem.es\/revistadigital\/orientacion-laboral\/files\/2023\/07\/Diseno-sin-titulo-2023-07-04T163230.459-345x180.jpg"},"medium_large":{"file":"Diseno-sin-titulo-2023-07-04T163230.459-768x512.jpg","width":768,"height":512,"mime_type":"image\/jpeg","url":"https:\/\/www.inesem.es\/revistadigital\/orientacion-laboral\/files\/2023\/07\/Diseno-sin-titulo-2023-07-04T163230.459-768x512.jpg"},"wysija-newsletters-max":{"file":"Diseno-sin-titulo-2023-07-04T163230.459-600x400.jpg","width":600,"height":400,"mime_type":"image\/jpeg","url":"https:\/\/www.inesem.es\/revistadigital\/orientacion-laboral\/files\/2023\/07\/Diseno-sin-titulo-2023-07-04T163230.459-600x400.jpg"},"1536x1536":{"file":"Diseno-sin-titulo-2023-07-04T163230.459-1536x1024.jpg","width":1536,"height":1024,"mime_type":"image\/jpeg","url":"https:\/\/www.inesem.es\/revistadigital\/orientacion-laboral\/files\/2023\/07\/Diseno-sin-titulo-2023-07-04T163230.459-1536x1024.jpg"},"thumb-small":{"file":"Diseno-sin-titulo-2023-07-04T163230.459-80x80.jpg","width":80,"height":80,"mime_type":"image\/jpeg","url":"https:\/\/www.inesem.es\/revistadigital\/orientacion-laboral\/files\/2023\/07\/Diseno-sin-titulo-2023-07-04T163230.459-80x80.jpg"},"thumb-standard":{"file":"Diseno-sin-titulo-2023-07-04T163230.459-320x320.jpg","width":320,"height":320,"mime_type":"image\/jpeg","url":"https:\/\/www.inesem.es\/revistadigital\/orientacion-laboral\/files\/2023\/07\/Diseno-sin-titulo-2023-07-04T163230.459-320x320.jpg"},"thumb-medium":{"file":"Diseno-sin-titulo-2023-07-04T163230.459-520x245.jpg","width":520,"height":245,"mime_type":"image\/jpeg","url":"https:\/\/www.inesem.es\/revistadigital\/orientacion-laboral\/files\/2023\/07\/Diseno-sin-titulo-2023-07-04T163230.459-520x245.jpg"},"thumb-large":{"file":"Diseno-sin-titulo-2023-07-04T163230.459-720x340.jpg","width":720,"height":340,"mime_type":"image\/jpeg","url":"https:\/\/www.inesem.es\/revistadigital\/orientacion-laboral\/files\/2023\/07\/Diseno-sin-titulo-2023-07-04T163230.459-720x340.jpg"},"thumb-anteriores":{"file":"Diseno-sin-titulo-2023-07-04T163230.459-230x163.jpg","width":230,"height":163,"mime_type":"image\/jpeg","url":"https:\/\/www.inesem.es\/revistadigital\/orientacion-laboral\/files\/2023\/07\/Diseno-sin-titulo-2023-07-04T163230.459-230x163.jpg"},"thumb-inverso":{"file":"Diseno-sin-titulo-2023-07-04T163230.459-369x261.jpg","width":369,"height":261,"mime_type":"image\/jpeg","url":"https:\/\/www.inesem.es\/revistadigital\/orientacion-laboral\/files\/2023\/07\/Diseno-sin-titulo-2023-07-04T163230.459-369x261.jpg"},"thumb-cercano":{"file":"Diseno-sin-titulo-2023-07-04T163230.459-650x200.jpg","width":650,"height":200,"mime_type":"image\/jpeg","url":"https:\/\/www.inesem.es\/revistadigital\/orientacion-laboral\/files\/2023\/07\/Diseno-sin-titulo-2023-07-04T163230.459-650x200.jpg"},"thumb-slider":{"file":"Diseno-sin-titulo-2023-07-04T163230.459-574x430.jpg","width":574,"height":430,"mime_type":"image\/jpeg","url":"https:\/\/www.inesem.es\/revistadigital\/orientacion-laboral\/files\/2023\/07\/Diseno-sin-titulo-2023-07-04T163230.459-574x430.jpg"},"thumb-busqueda":{"file":"Diseno-sin-titulo-2023-07-04T163230.459-580x375.jpg","width":580,"height":375,"mime_type":"image\/jpeg","url":"https:\/\/www.inesem.es\/revistadigital\/orientacion-laboral\/files\/2023\/07\/Diseno-sin-titulo-2023-07-04T163230.459-580x375.jpg"},"thumb-formacion-continua":{"file":"Diseno-sin-titulo-2023-07-04T163230.459-440x336.jpg","width":440,"height":336,"mime_type":"image\/jpeg","url":"https:\/\/www.inesem.es\/revistadigital\/orientacion-laboral\/files\/2023\/07\/Diseno-sin-titulo-2023-07-04T163230.459-440x336.jpg"},"thumb-xlarge":{"file":"Diseno-sin-titulo-2023-07-04T163230.459-980x450.jpg","width":980,"height":450,"mime_type":"image\/jpeg","url":"https:\/\/www.inesem.es\/revistadigital\/orientacion-laboral\/files\/2023\/07\/Diseno-sin-titulo-2023-07-04T163230.459-980x450.jpg"},"thumb-xxlarge":{"file":"Diseno-sin-titulo-2023-07-04T163230.459-1320x500.jpg","width":1320,"height":500,"mime_type":"image\/jpeg","url":"https:\/\/www.inesem.es\/revistadigital\/orientacion-laboral\/files\/2023\/07\/Diseno-sin-titulo-2023-07-04T163230.459-1320x500.jpg"}},"image_meta":{"aperture":"0","credit":"","camera":"","caption":"","created_timestamp":"0","copyright":"","focal_length":"0","iso":"0","shutter_speed":"0","title":"","orientation":"1","keywords":[]}}},"_links":{"self":[{"href":"https:\/\/www.inesem.es\/revistadigital\/orientacion-laboral\/wp-json\/wp\/v2\/posts\/2204"}],"collection":[{"href":"https:\/\/www.inesem.es\/revistadigital\/orientacion-laboral\/wp-json\/wp\/v2\/posts"}],"about":[{"href":"https:\/\/www.inesem.es\/revistadigital\/orientacion-laboral\/wp-json\/wp\/v2\/types\/post"}],"author":[{"embeddable":true,"href":"https:\/\/www.inesem.es\/revistadigital\/orientacion-laboral\/wp-json\/wp\/v2\/users\/91904"}],"replies":[{"embeddable":true,"href":"https:\/\/www.inesem.es\/revistadigital\/orientacion-laboral\/wp-json\/wp\/v2\/comments?post=2204"}],"version-history":[{"count":0,"href":"https:\/\/www.inesem.es\/revistadigital\/orientacion-laboral\/wp-json\/wp\/v2\/posts\/2204\/revisions"}],"wp:featuredmedia":[{"embeddable":true,"href":"https:\/\/www.inesem.es\/revistadigital\/orientacion-laboral\/wp-json\/wp\/v2\/media\/2205"}],"wp:attachment":[{"href":"https:\/\/www.inesem.es\/revistadigital\/orientacion-laboral\/wp-json\/wp\/v2\/media?parent=2204"}],"wp:term":[{"taxonomy":"category","embeddable":true,"href":"https:\/\/www.inesem.es\/revistadigital\/orientacion-laboral\/wp-json\/wp\/v2\/categories?post=2204"}],"curies":[{"name":"wp","href":"https:\/\/api.w.org\/{rel}","templated":true}]}}