{"id":2208,"date":"2019-07-04T14:38:00","date_gmt":"2019-07-04T12:38:00","guid":{"rendered":"https:\/\/www.inesem.es\/revistadigital\/orientacion-laboral\/?p=2208"},"modified":"2024-08-07T10:40:17","modified_gmt":"2024-08-07T08:40:17","slug":"estudiar-mba","status":"publish","type":"post","link":"https:\/\/www.inesem.es\/revistadigital\/orientacion-laboral\/estudiar-mba","title":{"rendered":"Por qu\u00e9 estudiar un MBA y d\u00f3nde hacerlo"},"content":{"rendered":"\n<p style=\"text-align: justify\">Estudiar un MBA es la mejor opci\u00f3n de formaci\u00f3n para el \u00e1mbito de los negocios que cualquier persona puede obtener. Estudiar un MBA abre puertas que ninguna otra titulaci\u00f3n puede ofrecer hoy en d\u00eda y por eso este h\u00edbrido entre formaci\u00f3n y un profundo conocimiento del mundo de los negocios tiene tanto \u00e9xito. Todas las personas que se deciden por un MBA se preguntan d\u00f3nde estudiar un MBA, y si bien es cierto que hoy en d\u00eda hay muchas posibilidades, escoger adecuadamente es fundamental para tratar de garantizar que nuestra decisi\u00f3n es la adecuada.<\/p>\n<p style=\"text-align: justify\">Si est\u00e1s pensando en realizar una formaci\u00f3n complementaria a tus estudios como es el MBA, te aconsejamos que le eches un vista a <a href=\"https:\/\/www.inesem.es\/areas-formativas\/cursos-management\">nuestro cat\u00e1logo formativo<\/a>, en el que podr\u00e1s encontrarte los mejores MBA online tanto en calidad del contenido como con su relaci\u00f3n precio.<\/p>\n<p style=\"text-align: justify\">Dentro de los MBA que ofrecemos en INESEM nos encontramos el <a href=\"https:\/\/www.inesem.es\/Master-Europeo-Mba-Direccion-Administracion-Empresas\">MBA en Direcci\u00f3n y Administraci\u00f3n<\/a> de empresas que est\u00e1 en el ranking FSO de 2018, este reconocimiento indica que se trata de uno de los mejores programas de posgrado de habla hispana. Adem\u00e1s, para amantes del marketing tambi\u00e9n encontrar\u00e1s el MBA con especialidad en Marketing, con especialidad en Gesti\u00f3n de Proyectos, otro en Direcci\u00f3n y Gesti\u00f3n Sanitaria y otro orientado a empresas de Log\u00edstica y Distribuci\u00f3n.<\/p>\n<p style=\"text-align: justify\">\u00a0<\/p>\n<div id=\"ez-toc-container\" class=\"ez-toc-v2_0_72 counter-hierarchy ez-toc-counter ez-toc-grey ez-toc-container-direction\">\n<div class=\"ez-toc-title-container\">\n<p class=\"ez-toc-title\" style=\"cursor:inherit\">Table of Contents<\/p>\n<span class=\"ez-toc-title-toggle\"><a href=\"#\" class=\"ez-toc-pull-right ez-toc-btn ez-toc-btn-xs ez-toc-btn-default ez-toc-toggle\" aria-label=\"Toggle Table of Content\"><span class=\"ez-toc-js-icon-con\"><span class=\"\"><span class=\"eztoc-hide\" style=\"display:none;\">Toggle<\/span><span class=\"ez-toc-icon-toggle-span\"><svg style=\"fill: #999;color:#999\" xmlns=\"http:\/\/www.w3.org\/2000\/svg\" class=\"list-377408\" width=\"20px\" height=\"20px\" viewBox=\"0 0 24 24\" fill=\"none\"><path d=\"M6 6H4v2h2V6zm14 0H8v2h12V6zM4 11h2v2H4v-2zm16 0H8v2h12v-2zM4 16h2v2H4v-2zm16 0H8v2h12v-2z\" fill=\"currentColor\"><\/path><\/svg><svg style=\"fill: #999;color:#999\" class=\"arrow-unsorted-368013\" xmlns=\"http:\/\/www.w3.org\/2000\/svg\" width=\"10px\" height=\"10px\" viewBox=\"0 0 24 24\" version=\"1.2\" baseProfile=\"tiny\"><path d=\"M18.2 9.3l-6.2-6.3-6.2 6.3c-.2.2-.3.4-.3.7s.1.5.3.7c.2.2.4.3.7.3h11c.3 0 .5-.1.7-.3.2-.2.3-.5.3-.7s-.1-.5-.3-.7zM5.8 14.7l6.2 6.3 6.2-6.3c.2-.2.3-.5.3-.7s-.1-.5-.3-.7c-.2-.2-.4-.3-.7-.3h-11c-.3 0-.5.1-.7.3-.2.2-.3.5-.3.7s.1.5.3.7z\"\/><\/svg><\/span><\/span><\/span><\/a><\/span><\/div>\n<nav><ul class='ez-toc-list ez-toc-list-level-1 ' ><li class='ez-toc-page-1 ez-toc-heading-level-2'><a class=\"ez-toc-link ez-toc-heading-1\" href=\"https:\/\/www.inesem.es\/revistadigital\/orientacion-laboral\/estudiar-mba\/#Para_que_sirve_estudiar_un_MBA\" title=\"Para qu\u00e9 sirve estudiar un MBA\">Para qu\u00e9 sirve estudiar un MBA<\/a><\/li><li class='ez-toc-page-1 ez-toc-heading-level-2'><a class=\"ez-toc-link ez-toc-heading-2\" href=\"https:\/\/www.inesem.es\/revistadigital\/orientacion-laboral\/estudiar-mba\/#5_Razones_para_hacer_un_MBA\" title=\"5 Razones para hacer un MBA\">5 Razones para hacer un MBA<\/a><\/li><li class='ez-toc-page-1 ez-toc-heading-level-2'><a class=\"ez-toc-link ez-toc-heading-3\" href=\"https:\/\/www.inesem.es\/revistadigital\/orientacion-laboral\/estudiar-mba\/#%C2%BFQue_aporta_un_MBA\" title=\"\u00bfQu\u00e9 aporta un MBA?\">\u00bfQu\u00e9 aporta un MBA?<\/a><ul class='ez-toc-list-level-3' ><li class='ez-toc-heading-level-3'><a class=\"ez-toc-link ez-toc-heading-4\" href=\"https:\/\/www.inesem.es\/revistadigital\/orientacion-laboral\/estudiar-mba\/#Ventajas_de_hacer_un_MBA_en_2020\" title=\"Ventajas de hacer un MBA en 2020\">Ventajas de hacer un MBA en 2020<\/a><\/li><li class='ez-toc-page-1 ez-toc-heading-level-3'><a class=\"ez-toc-link ez-toc-heading-5\" href=\"https:\/\/www.inesem.es\/revistadigital\/orientacion-laboral\/estudiar-mba\/#Becas_para_estudiar_MBA\" title=\"Becas para estudiar MBA\">Becas para estudiar MBA<\/a><\/li><\/ul><\/li><\/ul><\/nav><\/div>\n<h2 style=\"text-align: justify\"><span class=\"ez-toc-section\" id=\"Para_que_sirve_estudiar_un_MBA\"><\/span>Para qu\u00e9 sirve estudiar un MBA<span class=\"ez-toc-section-end\"><\/span><\/h2>\n<p style=\"text-align: justify\">Estudiar un MBA proporciona a quien lo estudia la formaci\u00f3n necesaria para terminar siendo un directivo de empresa. L\u00f3gicamente, sin esfuerzo y dedicaci\u00f3n no se conseguir\u00e1 el objetivo, pero con un MBA lo que conseguimos es recorrer una parta fundamental para lograr dicho objetivo, que es conseguir la formaci\u00f3n necesaria para poder desempe\u00f1ar ese tipo de puesto de responsabilidad con soltura.<\/p>\n<p style=\"text-align: justify\">Tenemos que tener en cuenta que un MBA proporciona una formaci\u00f3n que nos permitir\u00e1 tanto ocupar un puesto directivo en una empresa trabajando para un tercero, como desarrollarnos como directivos dentro de nuestra propia empresa. Gracias al MBA conseguimos todas esas habilidades y todos esos conocimientos que son necesarios para poder tomar decisiones del nivel de complejidad que cualquier directivo tiene que tomar en su d\u00eda a d\u00eda.<\/p>\n<p style=\"text-align: justify\">Por esto en los MBA debes encontrar temario tanto de recursos humanos, contables, financieros y propios de un project manager.<\/p>\n<p style=\"text-align: justify\">\u00a0\u00a0<\/p>\n<h2 style=\"text-align: justify\"><span class=\"ez-toc-section\" id=\"5_Razones_para_hacer_un_MBA\"><\/span>5 Razones para hacer un MBA<span class=\"ez-toc-section-end\"><\/span><\/h2>\n<p style=\"text-align: justify\">Si estamos valorando hacer un MBA, lo normal es que nos planteemos cu\u00e1les son las razones para hacerlo. Si tuvi\u00e9semos que hacer un top 5 de razones por las cuales es interesante hacer un MBA, pod\u00edamos decir:<\/p>\n<p style=\"text-align: justify\">1. Incrementa tus posibilidades de encontrar trabajo: Esta es la principal, un MBA nos capacita para ocupar puestos de responsabilidad y, por lo tanto, aumentaremos nuestras posibilidades de conseguir este tipo de trabajo.<\/p>\n<p style=\"text-align: justify\">2. Incrementa tu expectativa salarial: Gracias a un MBA podremos mejorar el rango salarial al que vamos a poder optar en un trabajo.<\/p>\n<p style=\"text-align: justify\">3. Recupera tu inversi\u00f3n en educaci\u00f3n: Toda inversi\u00f3n en educaci\u00f3n est\u00e1 bien hecha, pero la inversi\u00f3n en un MBA es seguramente de las m\u00e1s interesantes que podemos hacer porque la podremos recuperar r\u00e1pidamente.<\/p>\n<p style=\"text-align: justify\">4. Desarrolla habilidades poco frecuentes en el mercado laboral: Gracias a un MBA aprendemos habilidades de liderazgo y direcci\u00f3n que son poco frecuentes en el mercado laboral y que se valorar\u00e1n positivamente.<\/p>\n<p style=\"text-align: justify\">5. Consigue lo necesario para emprender: Si nos interesa emprender por nuestra cuenta entonces un MBA es sin duda la opci\u00f3n adecuada para conseguir las habilidades necesarias para poder emprender.<\/p>\n<p style=\"text-align: justify\">\u00a0<\/p>\n<h2 style=\"text-align: justify\"><span class=\"ez-toc-section\" id=\"%C2%BFQue_aporta_un_MBA\"><\/span>\u00bfQu\u00e9 aporta un MBA?<span class=\"ez-toc-section-end\"><\/span><\/h2>\n<p style=\"text-align: justify\">Si nos estamos preguntando qu\u00e9 es lo que nos aporta un MBA, tenemos que saber que la orientaci\u00f3n hacia el mundo laboral, es decir hacia lo profesional, que tienen los MBA hacen que sean de los programas formativos m\u00e1s interesantes que podemos encontrar en la actualidad. La adaptaci\u00f3n al mundo profesional hace que los MBA tengan que estar plenamente actualizados, pero no solo eso, sino que est\u00e9n impartidos por profesionales del sector que tengan conocimientos que se puedan aplicar en la actualidad en sus \u00e1reas de conocimiento y trabajo.<\/p>\n<p style=\"text-align: justify\">Esto nos aporta un conocimiento profesional y aplicable al mundo real que sin duda nos aportar\u00e1 mucho en lo profesional y que nos permitir\u00e1 diferenciarnos del resto r\u00e1pidamente.<\/p>\n<p style=\"text-align: justify\">Por esto mismo al estudiar un MBA con INESEM tendr\u00e1s material adicional como casos pr\u00e1cticos y contenidos adicionales, acceso a la revista digital INESEM para estar siempre informados y actualizados sobre tem\u00e1ticas relacionada la acci\u00f3n formativa que est\u00e9s desarrollando, y tambi\u00e9n tendr\u00e1s acceso a las master class de INESEM para recibir formaci\u00f3n complementaria. En INESEM tenemos la secretar\u00eda siempre a vuestra disposici\u00f3n para solventar cualquier incidencia que pueda suceder.<\/p>\n<p style=\"text-align: justify\">\u00a0<\/p>\n<h3 style=\"text-align: justify\"><span class=\"ez-toc-section\" id=\"Ventajas_de_hacer_un_MBA_en_2020\"><\/span>Ventajas de hacer un MBA en 2020<span class=\"ez-toc-section-end\"><\/span><\/h3>\n<p style=\"text-align: justify\">Si hablamos de las ventajas de hacer un MBA tenemos que tener claro que el \u00e1mbito de los negocios est\u00e1 cada vez m\u00e1s competido. Es por ello por lo que hacer un MBA es sin duda una fuente de diferenciaci\u00f3n muy interesante que debemos tener en cuenta para poder conseguir ese punto a nuestro favor en un escenario de competencia como el que tenemos en 2020 como en los a\u00f1os venideros.<\/p>\n<p style=\"text-align: justify\">Tambi\u00e9n la metodolog\u00eda de aprendizaje que se utiliza para los MBA. En INESEM Trabajamos para poder contribuir a que nuestros alumnos se puedan desarrollar tanto personal como profesionalmente y que consigan el \u00e9xito en sus estudios. Contamos con una metodolog\u00eda que trata de acercar a los profesionales al \u00e9xito a trav\u00e9s de la innovaci\u00f3n. Nuestro m\u00e9todo, que aplicamos a nuestros diferentes MBA, consiste en ofrecer a nuestros alumnos un claustro docente competitivo, una tasa de empleabilidad del 90% y una atenci\u00f3n al alumno excelente. Esta formaci\u00f3n online se acompa\u00f1a de materiales did\u00e1cticos para poder tener un apoyo s\u00f3lido para la formaci\u00f3n y no solo eso, sino que adem\u00e1s cuentan con clases online que podr\u00e1n ver desde el campus online.<\/p>\n<p style=\"text-align: justify\">\u00a0<\/p>\n<p style=\"text-align: justify\">\u00a0<\/p>\n<h3 style=\"text-align: justify\"><span class=\"ez-toc-section\" id=\"Becas_para_estudiar_MBA\"><\/span>Becas para estudiar MBA<span class=\"ez-toc-section-end\"><\/span><\/h3>\n<p style=\"text-align: justify\">A pesar de que estudiar un MBA es l\u00f3gicamente un esfuerzo econ\u00f3mico importante, tenemos que tener en cuenta que hay becas para estudiar MBA y que podemos aprovechar.<\/p>\n<p style=\"text-align: justify\">En caso de INESEM, si eres antiguo alumno podr\u00e9is conseguir un 20% de descuento as\u00ed como si est\u00e1is en situaci\u00f3n de desempleo. Adem\u00e1s, en caso de que se\u00e1is emprendedores podr\u00e9is conseguir un 15% de descuento y si ven\u00eds recomendados por un amigo, antiguo alumno, tambi\u00e9n tendremos acceso al mismo porcentaje de descuento.<\/p>\n<p style=\"text-align: justify\">Si tienes cualquier duda y necesitas contactas con nosotros para m\u00e1s informaci\u00f3n, no dudes en llamarnos o en seleccionar nuestro bot\u00f3n de \u00a1Te llamamos!, y nosotros mismo nos pondremos en contacto contigo en la mayor brevedad posible.<\/p>\n","protected":false},"excerpt":{"rendered":"<p>\u00bfEst\u00e1s pensando en realizar un MBA? En este art\u00edculo te mostramos para qu\u00e9 sirve estudiar un MBA y lo que aportar\u00e1 un MBA en tu perfil profesional.<\/p>\n","protected":false},"author":90986,"featured_media":2209,"comment_status":"open","ping_status":"open","sticky":false,"template":"","format":"standard","meta":{"footnotes":""},"categories":[9,14],"class_list":["post-2208","post","type-post","status-publish","format-standard","has-post-thumbnail","hentry","category-empleabilidad","category-formacion"],"yoast_head":"<!-- This site is optimized with the Yoast SEO plugin v23.5 - https:\/\/yoast.com\/wordpress\/plugins\/seo\/ -->\n<title>\u00bfPor qu\u00e9 estudiar un MBA y d\u00f3nde hacerlo ?<\/title>\n<meta name=\"description\" content=\"\u00bfEst\u00e1s pensando en realizar un MBA? En este art\u00edculo te mostramos para qu\u00e9 sirve estudiar un MBA y lo que aportar\u00e1 un MBA en tu perfil profesional.\" \/>\n<meta name=\"robots\" content=\"index, follow, max-snippet:-1, max-image-preview:large, max-video-preview:-1\" \/>\n<link rel=\"canonical\" href=\"https:\/\/www.inesem.es\/revistadigital\/orientacion-laboral\/estudiar-mba\" \/>\n<meta property=\"og:locale\" content=\"es_ES\" \/>\n<meta property=\"og:type\" content=\"article\" \/>\n<meta property=\"og:title\" content=\"\u00bfPor qu\u00e9 estudiar un MBA y d\u00f3nde hacerlo ?\" \/>\n<meta property=\"og:description\" content=\"\u00bfEst\u00e1s pensando en realizar un MBA? En este art\u00edculo te mostramos para qu\u00e9 sirve estudiar un MBA y lo que aportar\u00e1 un MBA en tu perfil profesional.\" \/>\n<meta property=\"og:url\" content=\"https:\/\/www.inesem.es\/revistadigital\/orientacion-laboral\/estudiar-mba\" \/>\n<meta property=\"og:site_name\" content=\"Canal Orientaci\u00f3n Laboral\" \/>\n<meta property=\"article:publisher\" content=\"https:\/\/www.facebook.com\/InesemBusinessSchool\/\" \/>\n<meta property=\"article:published_time\" content=\"2019-07-04T12:38:00+00:00\" \/>\n<meta property=\"article:modified_time\" content=\"2024-08-07T08:40:17+00:00\" \/>\n<meta property=\"og:image\" content=\"https:\/\/www.inesem.es\/revistadigital\/orientacion-laboral\/files\/2023\/07\/Diseno-sin-titulo-2023-07-04T164207.874.jpg\" \/>\n\t<meta property=\"og:image:width\" content=\"1620\" \/>\n\t<meta property=\"og:image:height\" content=\"1080\" \/>\n\t<meta property=\"og:image:type\" content=\"image\/jpeg\" \/>\n<meta name=\"author\" content=\"Laura Arriaga Garc\u00eda\" \/>\n<meta name=\"twitter:card\" content=\"summary_large_image\" \/>\n<meta name=\"twitter:creator\" content=\"@inesem\" \/>\n<meta name=\"twitter:site\" content=\"@inesem\" \/>\n<meta name=\"twitter:label1\" content=\"Escrito por\" \/>\n\t<meta name=\"twitter:data1\" content=\"Laura Arriaga Garc\u00eda\" \/>\n\t<meta name=\"twitter:label2\" content=\"Tiempo de lectura\" \/>\n\t<meta name=\"twitter:data2\" content=\"5 minutos\" \/>\n<script type=\"application\/ld+json\" class=\"yoast-schema-graph\">{\"@context\":\"https:\/\/schema.org\",\"@graph\":[{\"@type\":\"Article\",\"@id\":\"https:\/\/www.inesem.es\/revistadigital\/orientacion-laboral\/estudiar-mba#article\",\"isPartOf\":{\"@id\":\"https:\/\/www.inesem.es\/revistadigital\/orientacion-laboral\/estudiar-mba\"},\"author\":{\"name\":\"Laura Arriaga Garc\u00eda\",\"@id\":\"https:\/\/www.inesem.es\/revistadigital\/orientacion-laboral\/#\/schema\/person\/6cc73fade6aa79f8ecd9ab6758edefa5\"},\"headline\":\"Por qu\u00e9 estudiar un MBA y d\u00f3nde hacerlo\",\"datePublished\":\"2019-07-04T12:38:00+00:00\",\"dateModified\":\"2024-08-07T08:40:17+00:00\",\"mainEntityOfPage\":{\"@id\":\"https:\/\/www.inesem.es\/revistadigital\/orientacion-laboral\/estudiar-mba\"},\"wordCount\":1159,\"commentCount\":0,\"publisher\":{\"@id\":\"https:\/\/www.inesem.es\/revistadigital\/orientacion-laboral\/#organization\"},\"image\":{\"@id\":\"https:\/\/www.inesem.es\/revistadigital\/orientacion-laboral\/estudiar-mba#primaryimage\"},\"thumbnailUrl\":\"https:\/\/www.inesem.es\/revistadigital\/orientacion-laboral\/files\/2023\/07\/Diseno-sin-titulo-2023-07-04T164207.874.jpg\",\"articleSection\":[\"Empleabilidad\",\"Formaci\u00f3n\"],\"inLanguage\":\"es\",\"potentialAction\":[{\"@type\":\"CommentAction\",\"name\":\"Comment\",\"target\":[\"https:\/\/www.inesem.es\/revistadigital\/orientacion-laboral\/estudiar-mba#respond\"]}]},{\"@type\":\"WebPage\",\"@id\":\"https:\/\/www.inesem.es\/revistadigital\/orientacion-laboral\/estudiar-mba\",\"url\":\"https:\/\/www.inesem.es\/revistadigital\/orientacion-laboral\/estudiar-mba\",\"name\":\"\u00bfPor qu\u00e9 estudiar un MBA y d\u00f3nde hacerlo ?\",\"isPartOf\":{\"@id\":\"https:\/\/www.inesem.es\/revistadigital\/orientacion-laboral\/#website\"},\"primaryImageOfPage\":{\"@id\":\"https:\/\/www.inesem.es\/revistadigital\/orientacion-laboral\/estudiar-mba#primaryimage\"},\"image\":{\"@id\":\"https:\/\/www.inesem.es\/revistadigital\/orientacion-laboral\/estudiar-mba#primaryimage\"},\"thumbnailUrl\":\"https:\/\/www.inesem.es\/revistadigital\/orientacion-laboral\/files\/2023\/07\/Diseno-sin-titulo-2023-07-04T164207.874.jpg\",\"datePublished\":\"2019-07-04T12:38:00+00:00\",\"dateModified\":\"2024-08-07T08:40:17+00:00\",\"description\":\"\u00bfEst\u00e1s pensando en realizar un MBA? En este art\u00edculo te mostramos para qu\u00e9 sirve estudiar un MBA y lo que aportar\u00e1 un MBA en tu perfil profesional.\",\"breadcrumb\":{\"@id\":\"https:\/\/www.inesem.es\/revistadigital\/orientacion-laboral\/estudiar-mba#breadcrumb\"},\"inLanguage\":\"es\",\"potentialAction\":[{\"@type\":\"ReadAction\",\"target\":[\"https:\/\/www.inesem.es\/revistadigital\/orientacion-laboral\/estudiar-mba\"]}]},{\"@type\":\"ImageObject\",\"inLanguage\":\"es\",\"@id\":\"https:\/\/www.inesem.es\/revistadigital\/orientacion-laboral\/estudiar-mba#primaryimage\",\"url\":\"https:\/\/www.inesem.es\/revistadigital\/orientacion-laboral\/files\/2023\/07\/Diseno-sin-titulo-2023-07-04T164207.874.jpg\",\"contentUrl\":\"https:\/\/www.inesem.es\/revistadigital\/orientacion-laboral\/files\/2023\/07\/Diseno-sin-titulo-2023-07-04T164207.874.jpg\",\"width\":1620,\"height\":1080,\"caption\":\"por qu\u00e9 estudiar un mba\"},{\"@type\":\"BreadcrumbList\",\"@id\":\"https:\/\/www.inesem.es\/revistadigital\/orientacion-laboral\/estudiar-mba#breadcrumb\",\"itemListElement\":[{\"@type\":\"ListItem\",\"position\":1,\"name\":\"Home\",\"item\":\"https:\/\/www.inesem.es\/revistadigital\/orientacion-laboral\/\"},{\"@type\":\"ListItem\",\"position\":2,\"name\":\"Formaci\u00f3n\",\"item\":\"https:\/\/www.inesem.es\/revistadigital\/orientacion-laboral\/categorias\/formacion\"},{\"@type\":\"ListItem\",\"position\":3,\"name\":\"Por qu\u00e9 estudiar un MBA y d\u00f3nde hacerlo\"}]},{\"@type\":\"WebSite\",\"@id\":\"https:\/\/www.inesem.es\/revistadigital\/orientacion-laboral\/#website\",\"url\":\"https:\/\/www.inesem.es\/revistadigital\/orientacion-laboral\/\",\"name\":\"Canal Orientaci\u00f3n Laboral\",\"description\":\"Canal de Noticias gestionado por el Departamento Docente de Orientaci\u00f3n Laboral de INESEM\",\"publisher\":{\"@id\":\"https:\/\/www.inesem.es\/revistadigital\/orientacion-laboral\/#organization\"},\"potentialAction\":[{\"@type\":\"SearchAction\",\"target\":{\"@type\":\"EntryPoint\",\"urlTemplate\":\"https:\/\/www.inesem.es\/revistadigital\/orientacion-laboral\/?s={search_term_string}\"},\"query-input\":{\"@type\":\"PropertyValueSpecification\",\"valueRequired\":true,\"valueName\":\"search_term_string\"}}],\"inLanguage\":\"es\"},{\"@type\":\"Organization\",\"@id\":\"https:\/\/www.inesem.es\/revistadigital\/orientacion-laboral\/#organization\",\"name\":\"Canal Orientaci\u00f3n Laboral\",\"url\":\"https:\/\/www.inesem.es\/revistadigital\/orientacion-laboral\/\",\"logo\":{\"@type\":\"ImageObject\",\"inLanguage\":\"es\",\"@id\":\"https:\/\/www.inesem.es\/revistadigital\/orientacion-laboral\/#\/schema\/logo\/image\/\",\"url\":\"\",\"contentUrl\":\"\",\"caption\":\"Canal Orientaci\u00f3n Laboral\"},\"image\":{\"@id\":\"https:\/\/www.inesem.es\/revistadigital\/orientacion-laboral\/#\/schema\/logo\/image\/\"},\"sameAs\":[\"https:\/\/www.facebook.com\/InesemBusinessSchool\/\",\"https:\/\/x.com\/inesem\",\"http:\/\/www.linkedin.com\/company\/2370697\",\"https:\/\/www.youtube.com\/user\/inesembusinesschool\/\"]},{\"@type\":\"Person\",\"@id\":\"https:\/\/www.inesem.es\/revistadigital\/orientacion-laboral\/#\/schema\/person\/6cc73fade6aa79f8ecd9ab6758edefa5\",\"name\":\"Laura Arriaga Garc\u00eda\",\"image\":{\"@type\":\"ImageObject\",\"inLanguage\":\"es\",\"@id\":\"https:\/\/www.inesem.es\/revistadigital\/orientacion-laboral\/#\/schema\/person\/image\/\",\"url\":\"https:\/\/www.inesem.es\/revistadigital\/wp-content\/uploads\/2018\/09\/Laura-Arriaga-Garc\u00eda_avatar_1537889135-96x96.jpg\",\"contentUrl\":\"https:\/\/www.inesem.es\/revistadigital\/wp-content\/uploads\/2018\/09\/Laura-Arriaga-Garc\u00eda_avatar_1537889135-96x96.jpg\",\"caption\":\"Laura Arriaga Garc\u00eda\"},\"description\":\"EDUCACI\u00d3N: \u2022 Graduada en Marketing e Investigaci\u00f3n de Mercados en la Universidad de Granada. \u2022 Mooc Esry Udemy: The Location Adventage EXPERIENCIA: \u2022 Colaborador en INESEM Business School \u2022 Posicionamiento SEO. Creaci\u00f3n de contenidos. ESCRIBE SOBRE: Gesti\u00f3n empresarial \u00b7 marketing digital \u00b7 Comportamiento del consumidor Graduada en Marketing e Investigaci\u00f3n de Mercados. Cuenta con experiencia en el mundo del marketing digital en la creaci\u00f3n de contenido y posicionamiento SEO\",\"url\":\"https:\/\/www.inesem.es\/revistadigital\/orientacion-laboral\/autores\/laura-arriaga\"}]}<\/script>\n<!-- \/ Yoast SEO plugin. -->","yoast_head_json":{"title":"\u00bfPor qu\u00e9 estudiar un MBA y d\u00f3nde hacerlo ?","description":"\u00bfEst\u00e1s pensando en realizar un MBA? En este art\u00edculo te mostramos para qu\u00e9 sirve estudiar un MBA y lo que aportar\u00e1 un MBA en tu perfil profesional.","robots":{"index":"index","follow":"follow","max-snippet":"max-snippet:-1","max-image-preview":"max-image-preview:large","max-video-preview":"max-video-preview:-1"},"canonical":"https:\/\/www.inesem.es\/revistadigital\/orientacion-laboral\/estudiar-mba","og_locale":"es_ES","og_type":"article","og_title":"\u00bfPor qu\u00e9 estudiar un MBA y d\u00f3nde hacerlo ?","og_description":"\u00bfEst\u00e1s pensando en realizar un MBA? En este art\u00edculo te mostramos para qu\u00e9 sirve estudiar un MBA y lo que aportar\u00e1 un MBA en tu perfil profesional.","og_url":"https:\/\/www.inesem.es\/revistadigital\/orientacion-laboral\/estudiar-mba","og_site_name":"Canal Orientaci\u00f3n Laboral","article_publisher":"https:\/\/www.facebook.com\/InesemBusinessSchool\/","article_published_time":"2019-07-04T12:38:00+00:00","article_modified_time":"2024-08-07T08:40:17+00:00","og_image":[{"width":1620,"height":1080,"url":"https:\/\/www.inesem.es\/revistadigital\/orientacion-laboral\/files\/2023\/07\/Diseno-sin-titulo-2023-07-04T164207.874.jpg","type":"image\/jpeg"}],"author":"Laura Arriaga Garc\u00eda","twitter_card":"summary_large_image","twitter_creator":"@inesem","twitter_site":"@inesem","twitter_misc":{"Escrito por":"Laura Arriaga Garc\u00eda","Tiempo de lectura":"5 minutos"},"schema":{"@context":"https:\/\/schema.org","@graph":[{"@type":"Article","@id":"https:\/\/www.inesem.es\/revistadigital\/orientacion-laboral\/estudiar-mba#article","isPartOf":{"@id":"https:\/\/www.inesem.es\/revistadigital\/orientacion-laboral\/estudiar-mba"},"author":{"name":"Laura Arriaga Garc\u00eda","@id":"https:\/\/www.inesem.es\/revistadigital\/orientacion-laboral\/#\/schema\/person\/6cc73fade6aa79f8ecd9ab6758edefa5"},"headline":"Por qu\u00e9 estudiar un MBA y d\u00f3nde hacerlo","datePublished":"2019-07-04T12:38:00+00:00","dateModified":"2024-08-07T08:40:17+00:00","mainEntityOfPage":{"@id":"https:\/\/www.inesem.es\/revistadigital\/orientacion-laboral\/estudiar-mba"},"wordCount":1159,"commentCount":0,"publisher":{"@id":"https:\/\/www.inesem.es\/revistadigital\/orientacion-laboral\/#organization"},"image":{"@id":"https:\/\/www.inesem.es\/revistadigital\/orientacion-laboral\/estudiar-mba#primaryimage"},"thumbnailUrl":"https:\/\/www.inesem.es\/revistadigital\/orientacion-laboral\/files\/2023\/07\/Diseno-sin-titulo-2023-07-04T164207.874.jpg","articleSection":["Empleabilidad","Formaci\u00f3n"],"inLanguage":"es","potentialAction":[{"@type":"CommentAction","name":"Comment","target":["https:\/\/www.inesem.es\/revistadigital\/orientacion-laboral\/estudiar-mba#respond"]}]},{"@type":"WebPage","@id":"https:\/\/www.inesem.es\/revistadigital\/orientacion-laboral\/estudiar-mba","url":"https:\/\/www.inesem.es\/revistadigital\/orientacion-laboral\/estudiar-mba","name":"\u00bfPor qu\u00e9 estudiar un MBA y d\u00f3nde hacerlo ?","isPartOf":{"@id":"https:\/\/www.inesem.es\/revistadigital\/orientacion-laboral\/#website"},"primaryImageOfPage":{"@id":"https:\/\/www.inesem.es\/revistadigital\/orientacion-laboral\/estudiar-mba#primaryimage"},"image":{"@id":"https:\/\/www.inesem.es\/revistadigital\/orientacion-laboral\/estudiar-mba#primaryimage"},"thumbnailUrl":"https:\/\/www.inesem.es\/revistadigital\/orientacion-laboral\/files\/2023\/07\/Diseno-sin-titulo-2023-07-04T164207.874.jpg","datePublished":"2019-07-04T12:38:00+00:00","dateModified":"2024-08-07T08:40:17+00:00","description":"\u00bfEst\u00e1s pensando en realizar un MBA? En este art\u00edculo te mostramos para qu\u00e9 sirve estudiar un MBA y lo que aportar\u00e1 un MBA en tu perfil profesional.","breadcrumb":{"@id":"https:\/\/www.inesem.es\/revistadigital\/orientacion-laboral\/estudiar-mba#breadcrumb"},"inLanguage":"es","potentialAction":[{"@type":"ReadAction","target":["https:\/\/www.inesem.es\/revistadigital\/orientacion-laboral\/estudiar-mba"]}]},{"@type":"ImageObject","inLanguage":"es","@id":"https:\/\/www.inesem.es\/revistadigital\/orientacion-laboral\/estudiar-mba#primaryimage","url":"https:\/\/www.inesem.es\/revistadigital\/orientacion-laboral\/files\/2023\/07\/Diseno-sin-titulo-2023-07-04T164207.874.jpg","contentUrl":"https:\/\/www.inesem.es\/revistadigital\/orientacion-laboral\/files\/2023\/07\/Diseno-sin-titulo-2023-07-04T164207.874.jpg","width":1620,"height":1080,"caption":"por qu\u00e9 estudiar un mba"},{"@type":"BreadcrumbList","@id":"https:\/\/www.inesem.es\/revistadigital\/orientacion-laboral\/estudiar-mba#breadcrumb","itemListElement":[{"@type":"ListItem","position":1,"name":"Home","item":"https:\/\/www.inesem.es\/revistadigital\/orientacion-laboral\/"},{"@type":"ListItem","position":2,"name":"Formaci\u00f3n","item":"https:\/\/www.inesem.es\/revistadigital\/orientacion-laboral\/categorias\/formacion"},{"@type":"ListItem","position":3,"name":"Por qu\u00e9 estudiar un MBA y d\u00f3nde hacerlo"}]},{"@type":"WebSite","@id":"https:\/\/www.inesem.es\/revistadigital\/orientacion-laboral\/#website","url":"https:\/\/www.inesem.es\/revistadigital\/orientacion-laboral\/","name":"Canal Orientaci\u00f3n Laboral","description":"Canal de Noticias gestionado por el Departamento Docente de Orientaci\u00f3n Laboral de INESEM","publisher":{"@id":"https:\/\/www.inesem.es\/revistadigital\/orientacion-laboral\/#organization"},"potentialAction":[{"@type":"SearchAction","target":{"@type":"EntryPoint","urlTemplate":"https:\/\/www.inesem.es\/revistadigital\/orientacion-laboral\/?s={search_term_string}"},"query-input":{"@type":"PropertyValueSpecification","valueRequired":true,"valueName":"search_term_string"}}],"inLanguage":"es"},{"@type":"Organization","@id":"https:\/\/www.inesem.es\/revistadigital\/orientacion-laboral\/#organization","name":"Canal Orientaci\u00f3n Laboral","url":"https:\/\/www.inesem.es\/revistadigital\/orientacion-laboral\/","logo":{"@type":"ImageObject","inLanguage":"es","@id":"https:\/\/www.inesem.es\/revistadigital\/orientacion-laboral\/#\/schema\/logo\/image\/","url":"","contentUrl":"","caption":"Canal Orientaci\u00f3n Laboral"},"image":{"@id":"https:\/\/www.inesem.es\/revistadigital\/orientacion-laboral\/#\/schema\/logo\/image\/"},"sameAs":["https:\/\/www.facebook.com\/InesemBusinessSchool\/","https:\/\/x.com\/inesem","http:\/\/www.linkedin.com\/company\/2370697","https:\/\/www.youtube.com\/user\/inesembusinesschool\/"]},{"@type":"Person","@id":"https:\/\/www.inesem.es\/revistadigital\/orientacion-laboral\/#\/schema\/person\/6cc73fade6aa79f8ecd9ab6758edefa5","name":"Laura Arriaga Garc\u00eda","image":{"@type":"ImageObject","inLanguage":"es","@id":"https:\/\/www.inesem.es\/revistadigital\/orientacion-laboral\/#\/schema\/person\/image\/","url":"https:\/\/www.inesem.es\/revistadigital\/wp-content\/uploads\/2018\/09\/Laura-Arriaga-Garc\u00eda_avatar_1537889135-96x96.jpg","contentUrl":"https:\/\/www.inesem.es\/revistadigital\/wp-content\/uploads\/2018\/09\/Laura-Arriaga-Garc\u00eda_avatar_1537889135-96x96.jpg","caption":"Laura Arriaga Garc\u00eda"},"description":"EDUCACI\u00d3N: \u2022 Graduada en Marketing e Investigaci\u00f3n de Mercados en la Universidad de Granada. \u2022 Mooc Esry Udemy: The Location Adventage EXPERIENCIA: \u2022 Colaborador en INESEM Business School \u2022 Posicionamiento SEO. Creaci\u00f3n de contenidos. ESCRIBE SOBRE: Gesti\u00f3n empresarial \u00b7 marketing digital \u00b7 Comportamiento del consumidor Graduada en Marketing e Investigaci\u00f3n de Mercados. Cuenta con experiencia en el mundo del marketing digital en la creaci\u00f3n de contenido y posicionamiento SEO","url":"https:\/\/www.inesem.es\/revistadigital\/orientacion-laboral\/autores\/laura-arriaga"}]}},"autor_name":{"name":"Laura Arriaga Garc\u00eda"},"featured_image":{"attachment_meta":{"width":1620,"height":1080,"file":"2023\/07\/Diseno-sin-titulo-2023-07-04T164207.874.jpg","sizes":{"medium":{"file":"Diseno-sin-titulo-2023-07-04T164207.874-300x200.jpg","width":300,"height":200,"mime_type":"image\/jpeg","url":"https:\/\/www.inesem.es\/revistadigital\/orientacion-laboral\/files\/2023\/07\/Diseno-sin-titulo-2023-07-04T164207.874-300x200.jpg"},"large":{"file":"Diseno-sin-titulo-2023-07-04T164207.874-1020x680.jpg","width":1020,"height":680,"mime_type":"image\/jpeg","url":"https:\/\/www.inesem.es\/revistadigital\/orientacion-laboral\/files\/2023\/07\/Diseno-sin-titulo-2023-07-04T164207.874-1020x680.jpg"},"thumbnail":{"file":"Diseno-sin-titulo-2023-07-04T164207.874-345x180.jpg","width":345,"height":180,"mime_type":"image\/jpeg","url":"https:\/\/www.inesem.es\/revistadigital\/orientacion-laboral\/files\/2023\/07\/Diseno-sin-titulo-2023-07-04T164207.874-345x180.jpg"},"medium_large":{"file":"Diseno-sin-titulo-2023-07-04T164207.874-768x512.jpg","width":768,"height":512,"mime_type":"image\/jpeg","url":"https:\/\/www.inesem.es\/revistadigital\/orientacion-laboral\/files\/2023\/07\/Diseno-sin-titulo-2023-07-04T164207.874-768x512.jpg"},"wysija-newsletters-max":{"file":"Diseno-sin-titulo-2023-07-04T164207.874-600x400.jpg","width":600,"height":400,"mime_type":"image\/jpeg","url":"https:\/\/www.inesem.es\/revistadigital\/orientacion-laboral\/files\/2023\/07\/Diseno-sin-titulo-2023-07-04T164207.874-600x400.jpg"},"1536x1536":{"file":"Diseno-sin-titulo-2023-07-04T164207.874-1536x1024.jpg","width":1536,"height":1024,"mime_type":"image\/jpeg","url":"https:\/\/www.inesem.es\/revistadigital\/orientacion-laboral\/files\/2023\/07\/Diseno-sin-titulo-2023-07-04T164207.874-1536x1024.jpg"},"thumb-small":{"file":"Diseno-sin-titulo-2023-07-04T164207.874-80x80.jpg","width":80,"height":80,"mime_type":"image\/jpeg","url":"https:\/\/www.inesem.es\/revistadigital\/orientacion-laboral\/files\/2023\/07\/Diseno-sin-titulo-2023-07-04T164207.874-80x80.jpg"},"thumb-standard":{"file":"Diseno-sin-titulo-2023-07-04T164207.874-320x320.jpg","width":320,"height":320,"mime_type":"image\/jpeg","url":"https:\/\/www.inesem.es\/revistadigital\/orientacion-laboral\/files\/2023\/07\/Diseno-sin-titulo-2023-07-04T164207.874-320x320.jpg"},"thumb-medium":{"file":"Diseno-sin-titulo-2023-07-04T164207.874-520x245.jpg","width":520,"height":245,"mime_type":"image\/jpeg","url":"https:\/\/www.inesem.es\/revistadigital\/orientacion-laboral\/files\/2023\/07\/Diseno-sin-titulo-2023-07-04T164207.874-520x245.jpg"},"thumb-large":{"file":"Diseno-sin-titulo-2023-07-04T164207.874-720x340.jpg","width":720,"height":340,"mime_type":"image\/jpeg","url":"https:\/\/www.inesem.es\/revistadigital\/orientacion-laboral\/files\/2023\/07\/Diseno-sin-titulo-2023-07-04T164207.874-720x340.jpg"},"thumb-anteriores":{"file":"Diseno-sin-titulo-2023-07-04T164207.874-230x163.jpg","width":230,"height":163,"mime_type":"image\/jpeg","url":"https:\/\/www.inesem.es\/revistadigital\/orientacion-laboral\/files\/2023\/07\/Diseno-sin-titulo-2023-07-04T164207.874-230x163.jpg"},"thumb-inverso":{"file":"Diseno-sin-titulo-2023-07-04T164207.874-369x261.jpg","width":369,"height":261,"mime_type":"image\/jpeg","url":"https:\/\/www.inesem.es\/revistadigital\/orientacion-laboral\/files\/2023\/07\/Diseno-sin-titulo-2023-07-04T164207.874-369x261.jpg"},"thumb-cercano":{"file":"Diseno-sin-titulo-2023-07-04T164207.874-650x200.jpg","width":650,"height":200,"mime_type":"image\/jpeg","url":"https:\/\/www.inesem.es\/revistadigital\/orientacion-laboral\/files\/2023\/07\/Diseno-sin-titulo-2023-07-04T164207.874-650x200.jpg"},"thumb-slider":{"file":"Diseno-sin-titulo-2023-07-04T164207.874-574x430.jpg","width":574,"height":430,"mime_type":"image\/jpeg","url":"https:\/\/www.inesem.es\/revistadigital\/orientacion-laboral\/files\/2023\/07\/Diseno-sin-titulo-2023-07-04T164207.874-574x430.jpg"},"thumb-busqueda":{"file":"Diseno-sin-titulo-2023-07-04T164207.874-580x375.jpg","width":580,"height":375,"mime_type":"image\/jpeg","url":"https:\/\/www.inesem.es\/revistadigital\/orientacion-laboral\/files\/2023\/07\/Diseno-sin-titulo-2023-07-04T164207.874-580x375.jpg"},"thumb-formacion-continua":{"file":"Diseno-sin-titulo-2023-07-04T164207.874-440x336.jpg","width":440,"height":336,"mime_type":"image\/jpeg","url":"https:\/\/www.inesem.es\/revistadigital\/orientacion-laboral\/files\/2023\/07\/Diseno-sin-titulo-2023-07-04T164207.874-440x336.jpg"},"thumb-xlarge":{"file":"Diseno-sin-titulo-2023-07-04T164207.874-980x450.jpg","width":980,"height":450,"mime_type":"image\/jpeg","url":"https:\/\/www.inesem.es\/revistadigital\/orientacion-laboral\/files\/2023\/07\/Diseno-sin-titulo-2023-07-04T164207.874-980x450.jpg"},"thumb-xxlarge":{"file":"Diseno-sin-titulo-2023-07-04T164207.874-1320x500.jpg","width":1320,"height":500,"mime_type":"image\/jpeg","url":"https:\/\/www.inesem.es\/revistadigital\/orientacion-laboral\/files\/2023\/07\/Diseno-sin-titulo-2023-07-04T164207.874-1320x500.jpg"}},"image_meta":{"aperture":"0","credit":"","camera":"","caption":"","created_timestamp":"0","copyright":"","focal_length":"0","iso":"0","shutter_speed":"0","title":"","orientation":"1","keywords":[]}}},"_links":{"self":[{"href":"https:\/\/www.inesem.es\/revistadigital\/orientacion-laboral\/wp-json\/wp\/v2\/posts\/2208"}],"collection":[{"href":"https:\/\/www.inesem.es\/revistadigital\/orientacion-laboral\/wp-json\/wp\/v2\/posts"}],"about":[{"href":"https:\/\/www.inesem.es\/revistadigital\/orientacion-laboral\/wp-json\/wp\/v2\/types\/post"}],"author":[{"embeddable":true,"href":"https:\/\/www.inesem.es\/revistadigital\/orientacion-laboral\/wp-json\/wp\/v2\/users\/90986"}],"replies":[{"embeddable":true,"href":"https:\/\/www.inesem.es\/revistadigital\/orientacion-laboral\/wp-json\/wp\/v2\/comments?post=2208"}],"version-history":[{"count":0,"href":"https:\/\/www.inesem.es\/revistadigital\/orientacion-laboral\/wp-json\/wp\/v2\/posts\/2208\/revisions"}],"wp:featuredmedia":[{"embeddable":true,"href":"https:\/\/www.inesem.es\/revistadigital\/orientacion-laboral\/wp-json\/wp\/v2\/media\/2209"}],"wp:attachment":[{"href":"https:\/\/www.inesem.es\/revistadigital\/orientacion-laboral\/wp-json\/wp\/v2\/media?parent=2208"}],"wp:term":[{"taxonomy":"category","embeddable":true,"href":"https:\/\/www.inesem.es\/revistadigital\/orientacion-laboral\/wp-json\/wp\/v2\/categories?post=2208"}],"curies":[{"name":"wp","href":"https:\/\/api.w.org\/{rel}","templated":true}]}}